{"id":13699,"date":"2022-02-16T10:28:41","date_gmt":"2022-02-16T09:28:41","guid":{"rendered":"https:\/\/serveiseducatius.xtec.cat\/vallesoccidental6\/?p=13699"},"modified":"2022-02-16T10:28:41","modified_gmt":"2022-02-16T09:28:41","slug":"dilm-2022-xerrada-llenguaferits-un-mon-de-llengues-a-la-biblioteca-elisenda-de-montcada","status":"publish","type":"post","link":"https:\/\/serveiseducatius.xtec.cat\/vallesoccidental6\/general\/dilm-2022-xerrada-llenguaferits-un-mon-de-llengues-a-la-biblioteca-elisenda-de-montcada\/","title":{"rendered":"DILM 2022- Xerrada Llenguaferits &#8220;Un m\u00f3n de lleng\u00fces&#8221; a la Biblioteca Elisenda de Montcada"},"content":{"rendered":"<p><img loading=\"lazy\" decoding=\"async\" class=\"wp-image-13700 alignleft\" src=\"https:\/\/serveiseducatius.xtec.cat\/vallesoccidental6\/wp-content\/uploads\/usu1109\/2022\/02\/Xerrada_DILM_21F.jpg\" alt=\"\" width=\"525\" height=\"525\" srcset=\"https:\/\/serveiseducatius.xtec.cat\/vallesoccidental6\/wp-content\/uploads\/usu1109\/2022\/02\/Xerrada_DILM_21F.jpg 1020w, https:\/\/serveiseducatius.xtec.cat\/vallesoccidental6\/wp-content\/uploads\/usu1109\/2022\/02\/Xerrada_DILM_21F-300x300.jpg 300w, https:\/\/serveiseducatius.xtec.cat\/vallesoccidental6\/wp-content\/uploads\/usu1109\/2022\/02\/Xerrada_DILM_21F-150x150.jpg 150w, https:\/\/serveiseducatius.xtec.cat\/vallesoccidental6\/wp-content\/uploads\/usu1109\/2022\/02\/Xerrada_DILM_21F-768x768.jpg 768w\" sizes=\"auto, (max-width: 525px) 100vw, 525px\" \/>Com ja sabeu, cada 21 de febrer es commemora arreu el Dia Internacional de la Llengua (DILM), i a Montcada fa uns anys que organitzem activitats per sumar-nos-hi.<\/p>\n<p>Enguany veureu per comer\u00e7os del municipi\u00a0<b>expressions i frases fetes en 10 lleng\u00fces diferents<\/b>, fruit de les aportacions de la ciutadania a la crida popular que es va fer al novembre. Tamb\u00e9, des del Pla Educatiu d&#8217;Entorn, hem proposat un\u00a0<b>concurs de frases fetes\u00a0<\/b>adre\u00e7at als centres educatius del municipi.<\/p>\n<p>Un dels actes centrals, per\u00f2, \u00e9s la xerrada\u00a0<b><i>Un m\u00f3n de lleng\u00fces<\/i><\/b>, a c\u00e0rrec de Llenguaferits, que tindr\u00e0 lloc dilluns,\u00a0<b>21 de febrer, a les 17.30 h a la sala polivalent de la Biblioteca Elisenda de Montcada<\/b>.<\/p>\n<p>A la xerrada s&#8217;expliquen de manera amena i entretinguda curiositats del catal\u00e0 i d&#8217;altres lleng\u00fces, amb l&#8217;objectiu de fomentar el respecte per totes les lleng\u00fces i, en particular, pel catal\u00e0.<\/p>\n<p>Podeu fer la vostra inscripci\u00f3 a\u00a0<a title=\"aulamontcada@gmail.com\" href=\"mailto:aulamontcada@gmail.com\" target=\"_blank\" rel=\"noopener\">aulamontcada@gmail.com<\/a><\/p>\n<p>Us hi esperem!<\/p>\n","protected":false},"excerpt":{"rendered":"<p>Com ja sabeu, cada 21 de febrer es commemora arreu el Dia Internacional de la Llengua (DILM), i a Montcada fa uns anys que organitzem activitats per sumar-nos-hi.<\/p>\n<p>Enguany veureu per comer\u00e7os del municipi\u00a0expressions i frases fetes en 10 lleng\u00fces diferents, fruit de les aportacions de la ciutadania a la crida popular que es va fer al novembre. Tamb\u00e9, des del Pla Educatiu d&#8217;Entorn, hem proposat un\u00a0concurs de frases fetes\u00a0adre\u00e7at als centres educatius del municipi.<\/p>\n","protected":false},"author":1,"featured_media":13700,"comment_status":"closed","ping_status":"closed","sticky":false,"template":"","format":"standard","meta":{"_bbp_topic_count":0,"_bbp_reply_count":0,"_bbp_total_topic_count":0,"_bbp_total_reply_count":0,"_bbp_voice_count":0,"_bbp_anonymous_reply_count":0,"_bbp_topic_count_hidden":0,"_bbp_reply_count_hidden":0,"_bbp_forum_subforum_count":0,"site-sidebar-layout":"default","site-content-layout":"","ast-site-content-layout":"","site-content-style":"default","site-sidebar-style":"default","ast-global-header-display":"","ast-banner-title-visibility":"","ast-main-header-display":"","ast-hfb-above-header-display":"","ast-hfb-below-header-display":"","ast-hfb-mobile-header-display":"","site-post-title":"","ast-breadcrumbs-content":"","ast-featured-img":"","footer-sml-layout":"","theme-transparent-header-meta":"","adv-header-id-meta":"","stick-header-meta":"","header-above-stick-meta":"","header-main-stick-meta":"","header-below-stick-meta":"","astra-migrate-meta-layouts":"default","ast-page-background-enabled":"default","ast-page-background-meta":{"desktop":{"background-color":"var(--ast-global-color-4)","background-image":"","background-repeat":"repeat","background-position":"center center","background-size":"auto","background-attachment":"scroll","background-type":"","background-media":"","overlay-type":"","overlay-color":"","overlay-opacity":"","overlay-gradient":""},"tablet":{"background-color":"","background-image":"","background-repeat":"repeat","background-position":"center center","background-size":"auto","background-attachment":"scroll","background-type":"","background-media":"","overlay-type":"","overlay-color":"","overlay-opacity":"","overlay-gradient":""},"mobile":{"background-color":"","background-image":"","background-repeat":"repeat","background-position":"center center","background-size":"auto","background-attachment":"scroll","background-type":"","background-media":"","overlay-type":"","overlay-color":"","overlay-opacity":"","overlay-gradient":""}},"ast-content-background-meta":{"desktop":{"background-color":"var(--ast-global-color-5)","background-image":"","background-repeat":"repeat","background-position":"center center","background-size":"auto","background-attachment":"scroll","background-type":"","background-media":"","overlay-type":"","overlay-color":"","overlay-opacity":"","overlay-gradient":""},"tablet":{"background-color":"var(--ast-global-color-5)","background-image":"","background-repeat":"repeat","background-position":"center center","background-size":"auto","background-attachment":"scroll","background-type":"","background-media":"","overlay-type":"","overlay-color":"","overlay-opacity":"","overlay-gradient":""},"mobile":{"background-color":"var(--ast-global-color-5)","background-image":"","background-repeat":"repeat","background-position":"center center","background-size":"auto","background-attachment":"scroll","background-type":"","background-media":"","overlay-type":"","overlay-color":"","overlay-opacity":"","overlay-gradient":""}},"footnotes":""},"categories":[68,1,29,531],"tags":[],"class_list":["post-13699","post","type-post","status-publish","format-standard","has-post-thumbnail","hentry","category-elic","category-general","category-portada","category-telegram"],"post_mailing_queue_ids":[],"_links":{"self":[{"href":"https:\/\/serveiseducatius.xtec.cat\/vallesoccidental6\/wp-json\/wp\/v2\/posts\/13699","targetHints":{"allow":["GET"]}}],"collection":[{"href":"https:\/\/serveiseducatius.xtec.cat\/vallesoccidental6\/wp-json\/wp\/v2\/posts"}],"about":[{"href":"https:\/\/serveiseducatius.xtec.cat\/vallesoccidental6\/wp-json\/wp\/v2\/types\/post"}],"author":[{"embeddable":true,"href":"https:\/\/serveiseducatius.xtec.cat\/vallesoccidental6\/wp-json\/wp\/v2\/users\/1"}],"replies":[{"embeddable":true,"href":"https:\/\/serveiseducatius.xtec.cat\/vallesoccidental6\/wp-json\/wp\/v2\/comments?post=13699"}],"version-history":[{"count":2,"href":"https:\/\/serveiseducatius.xtec.cat\/vallesoccidental6\/wp-json\/wp\/v2\/posts\/13699\/revisions"}],"predecessor-version":[{"id":13702,"href":"https:\/\/serveiseducatius.xtec.cat\/vallesoccidental6\/wp-json\/wp\/v2\/posts\/13699\/revisions\/13702"}],"wp:featuredmedia":[{"embeddable":true,"href":"https:\/\/serveiseducatius.xtec.cat\/vallesoccidental6\/wp-json\/wp\/v2\/media\/13700"}],"wp:attachment":[{"href":"https:\/\/serveiseducatius.xtec.cat\/vallesoccidental6\/wp-json\/wp\/v2\/media?parent=13699"}],"wp:term":[{"taxonomy":"category","embeddable":true,"href":"https:\/\/serveiseducatius.xtec.cat\/vallesoccidental6\/wp-json\/wp\/v2\/categories?post=13699"},{"taxonomy":"post_tag","embeddable":true,"href":"https:\/\/serveiseducatius.xtec.cat\/vallesoccidental6\/wp-json\/wp\/v2\/tags?post=13699"}],"curies":[{"name":"wp","href":"https:\/\/api.w.org\/{rel}","templated":true}]}}