{"id":13690,"date":"2022-02-16T10:14:32","date_gmt":"2022-02-16T09:14:32","guid":{"rendered":"https:\/\/serveiseducatius.xtec.cat\/vallesoccidental6\/?p=13690"},"modified":"2022-02-16T10:14:32","modified_gmt":"2022-02-16T09:14:32","slug":"el-catala-a-lescola-en-una-realitat-plurilingue-la-immersio-linguistica-a-debat","status":"publish","type":"post","link":"https:\/\/serveiseducatius.xtec.cat\/vallesoccidental6\/general\/el-catala-a-lescola-en-una-realitat-plurilingue-la-immersio-linguistica-a-debat\/","title":{"rendered":"El catal\u00e0 a l&#8217;escola en una realitat pluriling\u00fce: La immersi\u00f3 ling\u00fc\u00edstica a debat"},"content":{"rendered":"<p><strong><img loading=\"lazy\" decoding=\"async\" class=\"wp-image-13691 alignright\" src=\"https:\/\/serveiseducatius.xtec.cat\/vallesoccidental6\/wp-content\/uploads\/usu1109\/2022\/02\/immersiolinguisticadebat-1024x576.jpg\" alt=\"\" width=\"450\" height=\"253\" srcset=\"https:\/\/serveiseducatius.xtec.cat\/vallesoccidental6\/wp-content\/uploads\/usu1109\/2022\/02\/immersiolinguisticadebat-1024x576.jpg 1024w, https:\/\/serveiseducatius.xtec.cat\/vallesoccidental6\/wp-content\/uploads\/usu1109\/2022\/02\/immersiolinguisticadebat-300x169.jpg 300w, https:\/\/serveiseducatius.xtec.cat\/vallesoccidental6\/wp-content\/uploads\/usu1109\/2022\/02\/immersiolinguisticadebat-768x432.jpg 768w, https:\/\/serveiseducatius.xtec.cat\/vallesoccidental6\/wp-content\/uploads\/usu1109\/2022\/02\/immersiolinguisticadebat.jpg 1200w\" sizes=\"auto, (max-width: 450px) 100vw, 450px\" \/>A cada n\u00famero de la\u00a0<a href=\"https:\/\/rosasensat.us7.list-manage.com\/track\/click?u=2701e08b8326e0ee07eaa1cec&amp;id=3f159fd3f5&amp;e=cec670ff1f\" target=\"_blank\" rel=\"noopener\" data-saferedirecturl=\"https:\/\/www.google.com\/url?q=https:\/\/rosasensat.us7.list-manage.com\/track\/click?u%3D2701e08b8326e0ee07eaa1cec%26id%3D3f159fd3f5%26e%3Dcec670ff1f&amp;source=gmail&amp;ust=1645088957595000&amp;usg=AOvVaw0cKaYDANge_EFHOFKSMuuw\">revista Perspectiva<\/a>\u00a0hi ha un extens dossier central al voltant d&#8217;un tema en concret.<\/strong>\u00a0<strong>El n\u00famero 417\u00a0tractar\u00e0 el tema del catal\u00e0 a l&#8217;escola.\u00a0<\/strong><em>&#8220;No sospit\u00e0vem que el tema hauria guanyat tant protagonisme quan ho vam decidir. De fet, era un tema que semblava adormit.\u00a0No era considerat una de les prioritats a l&#8217;escola, ho eren les urg\u00e8ncies pand\u00e8miques&#8221;,\u00a0<\/em>presidenta\u00a0Francina Mart\u00ed.<\/p>\n<p>Per tant,\u00a0<strong>l&#8217;objectiu de la taula rodona del passat dijous 10 de febrer\u00a0i del\u00a0<\/strong><strong>Tema General de la 57a\u00a0Escola d&#8217;Estiu de Rosa Sensat<\/strong><strong>\u00a0\u00e9s\u00a0<em>&#8220;activar a la comunitat educativa per parlar clar i demanar-nos d&#8217;una vegada si l&#8217;\u00fas del catal\u00e0 a l&#8217;escola \u00e9s un dels temes prioritaris en aquest moment&#8221;.<\/em><\/strong><\/p>\n<p><strong><em>&#8220;Hem de continuar treballant per la defensa del catal\u00e0, ja que continua sent una llengua atacada i perseguida&#8221;.<\/em><\/strong><\/p>\n<p><a href=\"https:\/\/rosasensat.us7.list-manage.com\/track\/click?u=2701e08b8326e0ee07eaa1cec&amp;id=9bb717bc78&amp;e=cec670ff1f\"><img loading=\"lazy\" decoding=\"async\" class=\"wp-image-13692 alignleft\" src=\"https:\/\/serveiseducatius.xtec.cat\/vallesoccidental6\/wp-content\/uploads\/usu1109\/2022\/02\/taularodona.png\" alt=\"\" width=\"500\" height=\"281\" srcset=\"https:\/\/serveiseducatius.xtec.cat\/vallesoccidental6\/wp-content\/uploads\/usu1109\/2022\/02\/taularodona.png 640w, https:\/\/serveiseducatius.xtec.cat\/vallesoccidental6\/wp-content\/uploads\/usu1109\/2022\/02\/taularodona-300x169.png 300w\" sizes=\"auto, (max-width: 500px) 100vw, 500px\" \/><\/a><\/p>\n<p>&nbsp;<\/p>\n<p>&nbsp;<\/p>\n<p>Taula rodona condu\u00efda per la periodista<a href=\"https:\/\/rosasensat.us7.list-manage.com\/track\/click?u=2701e08b8326e0ee07eaa1cec&amp;id=db8685b26a&amp;e=cec670ff1f\" target=\"_blank\" rel=\"noopener\" data-saferedirecturl=\"https:\/\/www.google.com\/url?q=https:\/\/rosasensat.us7.list-manage.com\/track\/click?u%3D2701e08b8326e0ee07eaa1cec%26id%3Ddb8685b26a%26e%3Dcec670ff1f&amp;source=gmail&amp;ust=1645088957596000&amp;usg=AOvVaw1X7Aq2fTsLIizn5CNj5DLf\">\u00a0<strong>Elisabet Pedrosa<\/strong>\u00a0<\/a>i integrada per un grup de participants experts:\u00a0<a href=\"https:\/\/rosasensat.us7.list-manage.com\/track\/click?u=2701e08b8326e0ee07eaa1cec&amp;id=dec01ef8e5&amp;e=cec670ff1f\" target=\"_blank\" rel=\"noopener\" data-saferedirecturl=\"https:\/\/www.google.com\/url?q=https:\/\/rosasensat.us7.list-manage.com\/track\/click?u%3D2701e08b8326e0ee07eaa1cec%26id%3Ddec01ef8e5%26e%3Dcec670ff1f&amp;source=gmail&amp;ust=1645088957596000&amp;usg=AOvVaw0SiAU90DeNXTQ5WbzPhF8a\"><strong>Enric Larreula<\/strong><\/a>, escriptor i il\u00b7lustrador, fou professor universitari de Filologia Catalana;<a href=\"https:\/\/rosasensat.us7.list-manage.com\/track\/click?u=2701e08b8326e0ee07eaa1cec&amp;id=a8f3f8ac56&amp;e=cec670ff1f\" target=\"_blank\" rel=\"noopener\" data-saferedirecturl=\"https:\/\/www.google.com\/url?q=https:\/\/rosasensat.us7.list-manage.com\/track\/click?u%3D2701e08b8326e0ee07eaa1cec%26id%3Da8f3f8ac56%26e%3Dcec670ff1f&amp;source=gmail&amp;ust=1645088957596000&amp;usg=AOvVaw0506MsibCiXUCreT0xuFUd\">\u00a0<strong>Carme Junyent<\/strong><\/a>, directora del GELA (Grup d\u2019Estudi de Lleng\u00fces Amena\u00e7ades) i professora universit\u00e0ria de Ling\u00fc\u00edstica;\u00a0<a href=\"https:\/\/rosasensat.us7.list-manage.com\/track\/click?u=2701e08b8326e0ee07eaa1cec&amp;id=873caf689f&amp;e=cec670ff1f\" target=\"_blank\" rel=\"noopener\" data-saferedirecturl=\"https:\/\/www.google.com\/url?q=https:\/\/rosasensat.us7.list-manage.com\/track\/click?u%3D2701e08b8326e0ee07eaa1cec%26id%3D873caf689f%26e%3Dcec670ff1f&amp;source=gmail&amp;ust=1645088957596000&amp;usg=AOvVaw19uV96TPH7zV3EaPw6WrCP\"><strong>Carla Benet<\/strong><\/a>, traductora, int\u00e8rpret i professora de diverses lleng\u00fces estrangeres.<\/p>\n","protected":false},"excerpt":{"rendered":"<p>A cada n\u00famero de la\u00a0revista Perspectiva\u00a0hi ha un extens dossier central al voltant d&#8217;un tema en concret.\u00a0El n\u00famero 417\u00a0tractar\u00e0 el tema del catal\u00e0 a l&#8217;escola.\u00a0&#8220;No sospit\u00e0vem que el tema hauria guanyat tant protagonisme quan ho vam decidir. De fet, era un tema que semblava adormit.\u00a0No era considerat una de les prioritats a l&#8217;escola, ho eren les urg\u00e8ncies pand\u00e8miques&#8221;,\u00a0presidenta\u00a0Francina Mart\u00ed.<\/p>\n","protected":false},"author":1,"featured_media":13691,"comment_status":"closed","ping_status":"closed","sticky":false,"template":"","format":"standard","meta":{"_bbp_topic_count":0,"_bbp_reply_count":0,"_bbp_total_topic_count":0,"_bbp_total_reply_count":0,"_bbp_voice_count":0,"_bbp_anonymous_reply_count":0,"_bbp_topic_count_hidden":0,"_bbp_reply_count_hidden":0,"_bbp_forum_subforum_count":0,"site-sidebar-layout":"default","site-content-layout":"","ast-site-content-layout":"","site-content-style":"default","site-sidebar-style":"default","ast-global-header-display":"","ast-banner-title-visibility":"","ast-main-header-display":"","ast-hfb-above-header-display":"","ast-hfb-below-header-display":"","ast-hfb-mobile-header-display":"","site-post-title":"","ast-breadcrumbs-content":"","ast-featured-img":"","footer-sml-layout":"","theme-transparent-header-meta":"","adv-header-id-meta":"","stick-header-meta":"","header-above-stick-meta":"","header-main-stick-meta":"","header-below-stick-meta":"","astra-migrate-meta-layouts":"default","ast-page-background-enabled":"default","ast-page-background-meta":{"desktop":{"background-color":"var(--ast-global-color-4)","background-image":"","background-repeat":"repeat","background-position":"center center","background-size":"auto","background-attachment":"scroll","background-type":"","background-media":"","overlay-type":"","overlay-color":"","overlay-opacity":"","overlay-gradient":""},"tablet":{"background-color":"","background-image":"","background-repeat":"repeat","background-position":"center center","background-size":"auto","background-attachment":"scroll","background-type":"","background-media":"","overlay-type":"","overlay-color":"","overlay-opacity":"","overlay-gradient":""},"mobile":{"background-color":"","background-image":"","background-repeat":"repeat","background-position":"center center","background-size":"auto","background-attachment":"scroll","background-type":"","background-media":"","overlay-type":"","overlay-color":"","overlay-opacity":"","overlay-gradient":""}},"ast-content-background-meta":{"desktop":{"background-color":"var(--ast-global-color-5)","background-image":"","background-repeat":"repeat","background-position":"center center","background-size":"auto","background-attachment":"scroll","background-type":"","background-media":"","overlay-type":"","overlay-color":"","overlay-opacity":"","overlay-gradient":""},"tablet":{"background-color":"var(--ast-global-color-5)","background-image":"","background-repeat":"repeat","background-position":"center center","background-size":"auto","background-attachment":"scroll","background-type":"","background-media":"","overlay-type":"","overlay-color":"","overlay-opacity":"","overlay-gradient":""},"mobile":{"background-color":"var(--ast-global-color-5)","background-image":"","background-repeat":"repeat","background-position":"center center","background-size":"auto","background-attachment":"scroll","background-type":"","background-media":"","overlay-type":"","overlay-color":"","overlay-opacity":"","overlay-gradient":""}},"footnotes":""},"categories":[1,29,531],"tags":[],"class_list":["post-13690","post","type-post","status-publish","format-standard","has-post-thumbnail","hentry","category-general","category-portada","category-telegram"],"post_mailing_queue_ids":[],"_links":{"self":[{"href":"https:\/\/serveiseducatius.xtec.cat\/vallesoccidental6\/wp-json\/wp\/v2\/posts\/13690","targetHints":{"allow":["GET"]}}],"collection":[{"href":"https:\/\/serveiseducatius.xtec.cat\/vallesoccidental6\/wp-json\/wp\/v2\/posts"}],"about":[{"href":"https:\/\/serveiseducatius.xtec.cat\/vallesoccidental6\/wp-json\/wp\/v2\/types\/post"}],"author":[{"embeddable":true,"href":"https:\/\/serveiseducatius.xtec.cat\/vallesoccidental6\/wp-json\/wp\/v2\/users\/1"}],"replies":[{"embeddable":true,"href":"https:\/\/serveiseducatius.xtec.cat\/vallesoccidental6\/wp-json\/wp\/v2\/comments?post=13690"}],"version-history":[{"count":2,"href":"https:\/\/serveiseducatius.xtec.cat\/vallesoccidental6\/wp-json\/wp\/v2\/posts\/13690\/revisions"}],"predecessor-version":[{"id":13694,"href":"https:\/\/serveiseducatius.xtec.cat\/vallesoccidental6\/wp-json\/wp\/v2\/posts\/13690\/revisions\/13694"}],"wp:featuredmedia":[{"embeddable":true,"href":"https:\/\/serveiseducatius.xtec.cat\/vallesoccidental6\/wp-json\/wp\/v2\/media\/13691"}],"wp:attachment":[{"href":"https:\/\/serveiseducatius.xtec.cat\/vallesoccidental6\/wp-json\/wp\/v2\/media?parent=13690"}],"wp:term":[{"taxonomy":"category","embeddable":true,"href":"https:\/\/serveiseducatius.xtec.cat\/vallesoccidental6\/wp-json\/wp\/v2\/categories?post=13690"},{"taxonomy":"post_tag","embeddable":true,"href":"https:\/\/serveiseducatius.xtec.cat\/vallesoccidental6\/wp-json\/wp\/v2\/tags?post=13690"}],"curies":[{"name":"wp","href":"https:\/\/api.w.org\/{rel}","templated":true}]}}