{"id":13478,"date":"2022-02-02T09:00:46","date_gmt":"2022-02-02T08:00:46","guid":{"rendered":"https:\/\/serveiseducatius.xtec.cat\/vallesoccidental6\/?p=13478"},"modified":"2022-02-02T09:00:46","modified_gmt":"2022-02-02T08:00:46","slug":"viii-jornades-estatals-de-la-cultura-matematica-de-les-persones","status":"publish","type":"post","link":"https:\/\/serveiseducatius.xtec.cat\/vallesoccidental6\/portada\/viii-jornades-estatals-de-la-cultura-matematica-de-les-persones\/","title":{"rendered":"VIII jornades estatals de La Cultura Matem\u00e0tica de les Persones"},"content":{"rendered":"<p><img loading=\"lazy\" decoding=\"async\" class=\"size-full wp-image-13479 aligncenter\" src=\"https:\/\/serveiseducatius.xtec.cat\/vallesoccidental6\/wp-content\/uploads\/usu1109\/2022\/02\/VIII-jornades-estatals-de-La-Cultura-Matematica-de-les-Persones.png\" alt=\"\" width=\"698\" height=\"240\" srcset=\"https:\/\/serveiseducatius.xtec.cat\/vallesoccidental6\/wp-content\/uploads\/usu1109\/2022\/02\/VIII-jornades-estatals-de-La-Cultura-Matematica-de-les-Persones.png 698w, https:\/\/serveiseducatius.xtec.cat\/vallesoccidental6\/wp-content\/uploads\/usu1109\/2022\/02\/VIII-jornades-estatals-de-La-Cultura-Matematica-de-les-Persones-300x103.png 300w\" sizes=\"auto, (max-width: 698px) 100vw, 698px\" \/><\/p>\n<p>En aquestes Jornades voldr\u00edem centrar l\u2019atenci\u00f3 en com pensem i actuem atenent al rerefons de l\u2019experi\u00e8ncia educativa i, amb aquesta intenci\u00f3, us animem a compartir la mirada sobre com s\u2019expressa la vida matem\u00e0tica a les nostres aules i sobre la manera com contribueix, aquesta vida, a la generaci\u00f3 de mons personals i col\u00b7lectius \u201cm\u00e9s intensos, m\u00e9s sans\u201d i, en definitiva, \u201cm\u00e9s humans\u201d.<\/p>\n<p><strong>Programa<\/strong><\/p>\n<hr \/>\n<p><strong>Divendres, 18 de febrer de 2022<\/strong><\/p>\n<hr \/>\n<p>17.30 Recepci\u00f3 i lliurament de material<\/p>\n<p>18.00 Presentaci\u00f3 de les Jornades<\/p>\n<p>18.20 Confer\u00e8ncia\u00a0<em>Hum\u00e0, m\u00e9s hum\u00e0. M\u00f3n, m\u00e9s m\u00f3n<\/em><br \/>\n<strong>Josep Maria Esquirol<\/strong><\/p>\n<hr \/>\n<p><strong>Dissabte, 19 de febrer\u00a0de 2022<\/strong><\/p>\n<hr \/>\n<p>09.00 Recepci\u00f3 i benvinguda<\/p>\n<p>09.30 Presentaci\u00f3 a 4 veus\u00a0<em>La vida matem\u00e0tica en comunitats m\u00e9s humanes<\/em><br \/>\n<strong>Ant\u00f2nia Fern\u00e0ndez &#8211; Helena Forrellad &#8211; Miriam Lozano &#8211; T\u00e0nia Oll\u00e9<\/strong><\/p>\n<p>11.15\u00a0Col\u00b7loqui<\/p>\n<p>12.30 Brunch + Itinerari Cosmocaixa<\/p>\n<p>14.00 Presentaci\u00f3 d&#8217;experi\u00e8ncies d&#8217;aula<\/p>\n<p>16.00 Posada en com\u00fa de les conclusions dels grups d&#8217;experi\u00e8ncies<\/p>\n<p>16.40 Homenatge a Carlos Gallego<\/p>\n<p>17.00 Cloenda de les Jornades<\/p>\n<hr \/>\n<p><strong>Lloc:\u00a0<\/strong>Facultat de Psicologia, Ci\u00e8ncies de l\u2019Educaci\u00f3 i de l\u2019Esport de Blanquerna<br \/>\n<strong>Data:\u00a0<\/strong>18 i 19 de febrer de 2022<br \/>\n<strong>Preus:<\/strong><br \/>\n&#8211; Nom\u00e9s assist\u00e8ncia, 20\u00a0\u20ac<br \/>\n&#8211; Assist\u00e8ncia + dinar, 34 \u20ac &#8211; L&#8217;aforament del restaurant \u00e9s limitat. Quan s&#8217;acabin les places, aquesta opci\u00f3 quedar\u00e0 tancada.\u00a0<a href=\"https:\/\/www.uab.cat\/doc\/VIII-Jornades-La-cultura-matematica-de-les-persones-menu-catala\" target=\"_blank\" rel=\"noopener\">Aqu\u00ed podeu veure el men\u00fa<\/a>.<\/p>\n<table class=\"responsiva\">\n<caption>\u00a0<\/caption>\n<thead><\/thead>\n<tbody>\n<tr>\n<td data-th=\"L'equip de formadors La cultura matem\u00e0tica de les persones \u00e9s un grup de l'ICE de la UAB i de la Facultat de Psicologia, ci\u00e8ncies de l'Educaci\u00f3 i de l'Esport Blanquerna de la URL\">L&#8217;equip de formadors\u00a0<strong>La cultura matem\u00e0tica de les persones\u00a0<\/strong>\u00e9s un grup de l&#8217;ICE de la UAB i de la Facultat de Psicologia, Ci\u00e8ncies de l&#8217;Educaci\u00f3 i de l&#8217;Esport Blanquerna de la URL<\/td>\n<td data-th=\"\n\"><img loading=\"lazy\" decoding=\"async\" src=\"https:\/\/www.uab.cat\/servlet\/BlobServer?blobtable=Imatge&amp;blobcol=urlimg&amp;blobheader=image\/jpeg&amp;blobkey=id&amp;blobwhere=1345853071664&amp;blobnocache=true\" alt=\"SERCLE\" width=\"300\" height=\"136\" \/><\/td>\n<\/tr>\n<\/tbody>\n<\/table>\n<p><strong>Aquestes jornades compten amb la participaci\u00f3 activa de la Xarxa Estatal de Seminaris de la Cultura Matem\u00e0tica de les Persones i per aquest motiu es desenvoluparan principalment en llengua castellana.<\/strong><\/p>\n<p><strong>Algunes parts de les Jornades es gravaran.<\/strong><\/p>\n<p><a href=\"https:\/\/sia.uab.cat\/matricula_ice.html?estudi=4619&amp;edicio=1&amp;idioma=ca&amp;pais=ES\" target=\"_blank\" rel=\"noopener\">Acc\u00e9s a la inscripci\u00f3 amb NIU<\/a><br \/>\n<a href=\"https:\/\/sia.uab.cat\/regis_mat_ice.html?estudi=4619&amp;edicio=1&amp;idioma=ca&amp;pais=ES\" target=\"_blank\" rel=\"noopener\">Acc\u00e9s a la inscripci\u00f3 sense NIU<\/a><\/p>\n<p class=\"avis\"><strong><em>Aquesta activitat est\u00e0 reconeguda com a Formaci\u00f3 Permanent del Professorat pel Departament d&#8217;Educaci\u00f3 de la Generalitat de Catalunya.\u00a0<\/em><\/strong><br \/>\n<em><strong>Per obtenir la certificaci\u00f3 haureu de signar en cada sessi\u00f3 als fulls corresponents, que trobareu a la secretaria de les\u00a0Jornades durant tota la seva durada. En aquest sentit, aquesta activitat es considera que t\u00e9 3 sessions: divendres tarda, dissabte mat\u00ed i dissabte tarda.<\/strong><\/em><\/p>\n","protected":false},"excerpt":{"rendered":"<p>Els dies 18 i 19 de febrer a la Facultat de Psicologia, Ci\u00e8ncies de l\u2019Educaci\u00f3 i de l\u2019Esport de Blanquerna se celebraran les VIII jornades estatals de La Cultura Matem\u00e0tica de les Persones amb el t\u00edtol &#8220;Repensant el sentit de la vida matem\u00e0tica&#8221;.<\/p>\n","protected":false},"author":1,"featured_media":13479,"comment_status":"closed","ping_status":"closed","sticky":false,"template":"","format":"standard","meta":{"_bbp_topic_count":0,"_bbp_reply_count":0,"_bbp_total_topic_count":0,"_bbp_total_reply_count":0,"_bbp_voice_count":0,"_bbp_anonymous_reply_count":0,"_bbp_topic_count_hidden":0,"_bbp_reply_count_hidden":0,"_bbp_forum_subforum_count":0,"site-sidebar-layout":"default","site-content-layout":"","ast-site-content-layout":"","site-content-style":"default","site-sidebar-style":"default","ast-global-header-display":"","ast-banner-title-visibility":"","ast-main-header-display":"","ast-hfb-above-header-display":"","ast-hfb-below-header-display":"","ast-hfb-mobile-header-display":"","site-post-title":"","ast-breadcrumbs-content":"","ast-featured-img":"","footer-sml-layout":"","theme-transparent-header-meta":"","adv-header-id-meta":"","stick-header-meta":"","header-above-stick-meta":"","header-main-stick-meta":"","header-below-stick-meta":"","astra-migrate-meta-layouts":"default","ast-page-background-enabled":"default","ast-page-background-meta":{"desktop":{"background-color":"var(--ast-global-color-4)","background-image":"","background-repeat":"repeat","background-position":"center center","background-size":"auto","background-attachment":"scroll","background-type":"","background-media":"","overlay-type":"","overlay-color":"","overlay-opacity":"","overlay-gradient":""},"tablet":{"background-color":"","background-image":"","background-repeat":"repeat","background-position":"center center","background-size":"auto","background-attachment":"scroll","background-type":"","background-media":"","overlay-type":"","overlay-color":"","overlay-opacity":"","overlay-gradient":""},"mobile":{"background-color":"","background-image":"","background-repeat":"repeat","background-position":"center center","background-size":"auto","background-attachment":"scroll","background-type":"","background-media":"","overlay-type":"","overlay-color":"","overlay-opacity":"","overlay-gradient":""}},"ast-content-background-meta":{"desktop":{"background-color":"var(--ast-global-color-5)","background-image":"","background-repeat":"repeat","background-position":"center center","background-size":"auto","background-attachment":"scroll","background-type":"","background-media":"","overlay-type":"","overlay-color":"","overlay-opacity":"","overlay-gradient":""},"tablet":{"background-color":"var(--ast-global-color-5)","background-image":"","background-repeat":"repeat","background-position":"center center","background-size":"auto","background-attachment":"scroll","background-type":"","background-media":"","overlay-type":"","overlay-color":"","overlay-opacity":"","overlay-gradient":""},"mobile":{"background-color":"var(--ast-global-color-5)","background-image":"","background-repeat":"repeat","background-position":"center center","background-size":"auto","background-attachment":"scroll","background-type":"","background-media":"","overlay-type":"","overlay-color":"","overlay-opacity":"","overlay-gradient":""}},"footnotes":""},"categories":[482,480,29,531],"tags":[],"class_list":["post-13478","post","type-post","status-publish","format-standard","has-post-thumbnail","hentry","category-formacions","category-jornades","category-portada","category-telegram"],"post_mailing_queue_ids":[],"_links":{"self":[{"href":"https:\/\/serveiseducatius.xtec.cat\/vallesoccidental6\/wp-json\/wp\/v2\/posts\/13478","targetHints":{"allow":["GET"]}}],"collection":[{"href":"https:\/\/serveiseducatius.xtec.cat\/vallesoccidental6\/wp-json\/wp\/v2\/posts"}],"about":[{"href":"https:\/\/serveiseducatius.xtec.cat\/vallesoccidental6\/wp-json\/wp\/v2\/types\/post"}],"author":[{"embeddable":true,"href":"https:\/\/serveiseducatius.xtec.cat\/vallesoccidental6\/wp-json\/wp\/v2\/users\/1"}],"replies":[{"embeddable":true,"href":"https:\/\/serveiseducatius.xtec.cat\/vallesoccidental6\/wp-json\/wp\/v2\/comments?post=13478"}],"version-history":[{"count":1,"href":"https:\/\/serveiseducatius.xtec.cat\/vallesoccidental6\/wp-json\/wp\/v2\/posts\/13478\/revisions"}],"predecessor-version":[{"id":13480,"href":"https:\/\/serveiseducatius.xtec.cat\/vallesoccidental6\/wp-json\/wp\/v2\/posts\/13478\/revisions\/13480"}],"wp:featuredmedia":[{"embeddable":true,"href":"https:\/\/serveiseducatius.xtec.cat\/vallesoccidental6\/wp-json\/wp\/v2\/media\/13479"}],"wp:attachment":[{"href":"https:\/\/serveiseducatius.xtec.cat\/vallesoccidental6\/wp-json\/wp\/v2\/media?parent=13478"}],"wp:term":[{"taxonomy":"category","embeddable":true,"href":"https:\/\/serveiseducatius.xtec.cat\/vallesoccidental6\/wp-json\/wp\/v2\/categories?post=13478"},{"taxonomy":"post_tag","embeddable":true,"href":"https:\/\/serveiseducatius.xtec.cat\/vallesoccidental6\/wp-json\/wp\/v2\/tags?post=13478"}],"curies":[{"name":"wp","href":"https:\/\/api.w.org\/{rel}","templated":true}]}}