{"id":13409,"date":"2022-01-21T09:08:35","date_gmt":"2022-01-21T08:08:35","guid":{"rendered":"https:\/\/serveiseducatius.xtec.cat\/vallesoccidental6\/?p=13409"},"modified":"2022-02-22T10:10:36","modified_gmt":"2022-02-22T09:10:36","slug":"%e2%80%8batencio-centres-educatius-de-montcada-concurs-de-frases-fetes-dilm-2022","status":"publish","type":"post","link":"https:\/\/serveiseducatius.xtec.cat\/vallesoccidental6\/general\/%e2%80%8batencio-centres-educatius-de-montcada-concurs-de-frases-fetes-dilm-2022\/","title":{"rendered":"\u200bATENCI\u00d3 CENTRES EDUCATIUS DE MONTCADA: CONCURS DE FRASES FETES DILM 2022!!"},"content":{"rendered":"<div>\n<div>\n<div><\/div>\n<\/div>\n<\/div>\n<p>El proper 21 de febrer es commemora arreu el <strong>Dia Internacional de la Llengua Materna<\/strong>. Aquest dia va ser proclamat per la UNESCO el novembre del 1999 en reconeixement de tres joves estudiants de Bangla Desh que van morir el 21 de febrer en defensa de la seva llengua, el bangla, per tal que fos reconeguda com una de les dues lleng\u00fces pr\u00f2pies del que aleshores era Pakistan.<\/p>\n<p>Per tal de commemorar aquesta diada a l&#8217;aula i al centre, des del Pla Educatiu d&#8217;Entorn, aquest curs us proposem un <span style=\"color: #ff0000;\"><strong>Concurs de frases fetes!<\/strong><\/span> adre\u00e7at a l&#8217;<strong>alumnat de cicle mitj\u00e0, superior i educaci\u00f3 secund\u00e0ria.<\/strong><\/p>\n<p>\u27a1 Si voleu con\u00e8ixer tots els detalls, en aquest <a href=\"https:\/\/view.genial.ly\/61b1e2a852d1d60db4605ecc\">enlla\u00e7<\/a> hi trobareu les bases del concurs i com podeu participar-hi:<\/p>\n<p><iframe class=\"wp-embedded-content\" sandbox=\"allow-scripts\" security=\"restricted\" title=\"Concurs de frases fetes DILM 2022\" frameborder='0' width='1200' height='675' src='https:\/\/view.genially.com\/61b1e2a852d1d60db4605ecc#?secret=2Gs3zfsbuJ' data-secret='2Gs3zfsbuJ' scrolling='yes'><\/iframe><\/p>\n<p><span class=\"gmail_default\">\u200b \ud83d\ude06\u00a0<\/span>\u00a0Un concurs sense premi&#8230;. no \u00e9s un concurs!! Per aquest motiu, <span style=\"color: #993366;\">tots els centres educatius que hi participeu rebreu una lot de llibres de tem\u00e0tica intercultural per a la vostra biblioteca de centre<\/span>!<\/p>\n<p>Recordeu que el dia m\u00e0xim per fer-nos arribar les produccions de l&#8217;alumnat a trav\u00e9s del formulari habilitat \u00e9s \u00a0divendres <strong>4 de febrer<\/strong>. Aquest formulari el trobareu inserit al punt 3 &#8220;Com podem participar?&#8221; del Genially que us hem enlla\u00e7at.<\/p>\n<p><strong>Des del Pla Educatiu d&#8217;Entorn, us animem a participar-hi i a compartir les vostres activitats a les xarxes socials utilitzant els hashtags: #llenguamaternaMontcada<\/strong><\/p>\n<p>Per a qualsevol dubte i\/o aclariment, no dubteu en adre\u00e7ar-vos a nosaltres!<\/p>\n<p>Equip Pla Educatiu d&#8217;Entorn<\/p>\n","protected":false},"excerpt":{"rendered":"<p>Per tal de commemorar el Dia Internacional de la Llengua Materna a l&#8217;aula i al centre, des del Pla Educatiu d&#8217;Entorn, aquest curs us proposem un Concurs de frases fetes! adre\u00e7at a l&#8217;alumnat de cicle mitj\u00e0, superior i educaci\u00f3 secund\u00e0ria.<\/p>\n","protected":false},"author":1,"featured_media":13411,"comment_status":"closed","ping_status":"closed","sticky":false,"template":"","format":"standard","meta":{"_bbp_topic_count":0,"_bbp_reply_count":0,"_bbp_total_topic_count":0,"_bbp_total_reply_count":0,"_bbp_voice_count":0,"_bbp_anonymous_reply_count":0,"_bbp_topic_count_hidden":0,"_bbp_reply_count_hidden":0,"_bbp_forum_subforum_count":0,"site-sidebar-layout":"default","site-content-layout":"","ast-site-content-layout":"","site-content-style":"default","site-sidebar-style":"default","ast-global-header-display":"","ast-banner-title-visibility":"","ast-main-header-display":"","ast-hfb-above-header-display":"","ast-hfb-below-header-display":"","ast-hfb-mobile-header-display":"","site-post-title":"","ast-breadcrumbs-content":"","ast-featured-img":"","footer-sml-layout":"","theme-transparent-header-meta":"","adv-header-id-meta":"","stick-header-meta":"","header-above-stick-meta":"","header-main-stick-meta":"","header-below-stick-meta":"","astra-migrate-meta-layouts":"default","ast-page-background-enabled":"default","ast-page-background-meta":{"desktop":{"background-color":"var(--ast-global-color-4)","background-image":"","background-repeat":"repeat","background-position":"center center","background-size":"auto","background-attachment":"scroll","background-type":"","background-media":"","overlay-type":"","overlay-color":"","overlay-opacity":"","overlay-gradient":""},"tablet":{"background-color":"","background-image":"","background-repeat":"repeat","background-position":"center center","background-size":"auto","background-attachment":"scroll","background-type":"","background-media":"","overlay-type":"","overlay-color":"","overlay-opacity":"","overlay-gradient":""},"mobile":{"background-color":"","background-image":"","background-repeat":"repeat","background-position":"center center","background-size":"auto","background-attachment":"scroll","background-type":"","background-media":"","overlay-type":"","overlay-color":"","overlay-opacity":"","overlay-gradient":""}},"ast-content-background-meta":{"desktop":{"background-color":"var(--ast-global-color-5)","background-image":"","background-repeat":"repeat","background-position":"center center","background-size":"auto","background-attachment":"scroll","background-type":"","background-media":"","overlay-type":"","overlay-color":"","overlay-opacity":"","overlay-gradient":""},"tablet":{"background-color":"var(--ast-global-color-5)","background-image":"","background-repeat":"repeat","background-position":"center center","background-size":"auto","background-attachment":"scroll","background-type":"","background-media":"","overlay-type":"","overlay-color":"","overlay-opacity":"","overlay-gradient":""},"mobile":{"background-color":"var(--ast-global-color-5)","background-image":"","background-repeat":"repeat","background-position":"center center","background-size":"auto","background-attachment":"scroll","background-type":"","background-media":"","overlay-type":"","overlay-color":"","overlay-opacity":"","overlay-gradient":""}},"footnotes":""},"categories":[68,1,75,29],"tags":[],"class_list":["post-13409","post","type-post","status-publish","format-standard","has-post-thumbnail","hentry","category-elic","category-general","category-pee","category-portada"],"post_mailing_queue_ids":[],"_links":{"self":[{"href":"https:\/\/serveiseducatius.xtec.cat\/vallesoccidental6\/wp-json\/wp\/v2\/posts\/13409","targetHints":{"allow":["GET"]}}],"collection":[{"href":"https:\/\/serveiseducatius.xtec.cat\/vallesoccidental6\/wp-json\/wp\/v2\/posts"}],"about":[{"href":"https:\/\/serveiseducatius.xtec.cat\/vallesoccidental6\/wp-json\/wp\/v2\/types\/post"}],"author":[{"embeddable":true,"href":"https:\/\/serveiseducatius.xtec.cat\/vallesoccidental6\/wp-json\/wp\/v2\/users\/1"}],"replies":[{"embeddable":true,"href":"https:\/\/serveiseducatius.xtec.cat\/vallesoccidental6\/wp-json\/wp\/v2\/comments?post=13409"}],"version-history":[{"count":2,"href":"https:\/\/serveiseducatius.xtec.cat\/vallesoccidental6\/wp-json\/wp\/v2\/posts\/13409\/revisions"}],"predecessor-version":[{"id":13412,"href":"https:\/\/serveiseducatius.xtec.cat\/vallesoccidental6\/wp-json\/wp\/v2\/posts\/13409\/revisions\/13412"}],"wp:featuredmedia":[{"embeddable":true,"href":"https:\/\/serveiseducatius.xtec.cat\/vallesoccidental6\/wp-json\/wp\/v2\/media\/13411"}],"wp:attachment":[{"href":"https:\/\/serveiseducatius.xtec.cat\/vallesoccidental6\/wp-json\/wp\/v2\/media?parent=13409"}],"wp:term":[{"taxonomy":"category","embeddable":true,"href":"https:\/\/serveiseducatius.xtec.cat\/vallesoccidental6\/wp-json\/wp\/v2\/categories?post=13409"},{"taxonomy":"post_tag","embeddable":true,"href":"https:\/\/serveiseducatius.xtec.cat\/vallesoccidental6\/wp-json\/wp\/v2\/tags?post=13409"}],"curies":[{"name":"wp","href":"https:\/\/api.w.org\/{rel}","templated":true}]}}