{"id":12770,"date":"2021-10-25T09:47:31","date_gmt":"2021-10-25T07:47:31","guid":{"rendered":"https:\/\/serveiseducatius.xtec.cat\/vallesoccidental6\/?p=12770"},"modified":"2021-11-09T08:33:18","modified_gmt":"2021-11-09T07:33:18","slug":"oberta-la-inscripcio-fins-al-4-de-novembre-a-la-convocatoria-de-mentors-digitals","status":"publish","type":"post","link":"https:\/\/serveiseducatius.xtec.cat\/vallesoccidental6\/general\/oberta-la-inscripcio-fins-al-4-de-novembre-a-la-convocatoria-de-mentors-digitals\/","title":{"rendered":"Oberta la inscripci\u00f3 fins al 4 de novembre a la convocat\u00f2ria de mentors digitals"},"content":{"rendered":"<p><span style=\"font-weight: 400;\">Ja est\u00e0 publicada l&#8217;oferta per cobrir els llocs d\u2019<strong>assessor\/a t\u00e8cnic\/a\u00a0 docent de mentors\/es digitals del Departament d\u2019Educaci\u00f3<\/strong>, en el marc del programa temporal\u00a0 de mentors digitals finan\u00e7at pel <\/span><i><span style=\"font-weight: 400;\">Ministerio de educaci\u00f3n y formaci\u00f3n profesional <\/span><\/i><span style=\"font-weight: 400;\">i la <\/span><i><span style=\"font-weight: 400;\">Uni\u00f3n\u00a0 Europea-NextGenerationEU<\/span><\/i><span style=\"font-weight: 400;\">. Aquesta oferta t\u00e9 com a objecte donar suport al Pla d\u2019educaci\u00f3\u00a0 digital de Catalunya 2020-2023 del Departament d\u2019Educaci\u00f3.\u00a0<\/span><\/p>\n<p><span style=\"font-weight: 400;\">Es poden presentar a la convocat\u00f2ria <strong>docents funcionaris<\/strong> dels diferents nivells i especialitats\u00a0 per cobrir una <strong>comissi\u00f3 de servei des de l\u20191 de gener de 2022 fins al 31 d\u2019agost de 2023<\/strong>.<\/span><\/p>\n<p><span style=\"font-weight: 400;\">Les funcions previstes per a aquests mentors digitals s\u00f3n:\u00a0<\/span><\/p>\n<ol>\n<li><span style=\"font-weight: 400;\"> Acompanyar i assessorar els centres educatius sobre els quals es fa intervenci\u00f3 de\u00a0 mentoratge en la definici\u00f3 i implementaci\u00f3 de la seva estrat\u00e8gia digital, sempre en el\u00a0 marc del projecte educatiu de centre.\u00a0<\/span><\/li>\n<li><span style=\"font-weight: 400;\"> Acompanyar els centres educatius sobre els quals es fa intervenci\u00f3 de mentoratge en\u00a0 la definici\u00f3 del pla de formaci\u00f3 interna, per tal que els docents assoleixin un nivell\u00a0 intermedi de compet\u00e8ncia digital docent.\u00a0<\/span><\/li>\n<li><span style=\"font-weight: 400;\"> Assessorar els centres educatius sobre els quals es fa intervenci\u00f3 de mentoratge en\u00a0 la planificaci\u00f3 de l\u2019avaluaci\u00f3 de la compet\u00e8ncia digital, per nivells educatius, de\u00a0 l\u2019alumnat del centre.\u00a0<\/span><\/li>\n<li><span style=\"font-weight: 400;\"> Recollir indicadors dels centres que permetin definir l&#8217;estat de maduresa digital del\u00a0 centre i de l\u2019aplicaci\u00f3 del Pla d\u2019educaci\u00f3 digital de Catalunya.\u00a0<\/span><\/li>\n<li><span style=\"font-weight: 400;\"> Coordinar la subxarxa d\u2019Estrat\u00e8gia digital dels centres mentoritzats. 6. Donar a con\u00e8ixer als centres projectes per la millora de la compet\u00e8ncia digital de\u00a0 l\u2019alumnat promoguts pel Departament d\u2019Educaci\u00f3.\u00a0<\/span><\/li>\n<li><span style=\"font-weight: 400;\"> Coordinar-se amb tota la xarxa d\u2019agents territorials i centrals del Departament\u00a0 d\u2019Educaci\u00f3 en el marc del Pla d\u2019educaci\u00f3 digital de Catalunya.\u00a0<\/span><\/li>\n<li><span style=\"font-weight: 400;\"> Qualsevol altra funci\u00f3 que li sigui encomanada en relaci\u00f3 amb les anteriors.\u00a0<\/span><\/li>\n<\/ol>\n<p><span style=\"font-weight: 400;\">Pots obtenir m\u00e9s informaci\u00f3 cliqueu al seg\u00fcent enlla\u00e7:\u00a0\u00a0<\/span><\/p>\n<ul>\n<li><a href=\"https:\/\/espai.educacio.gencat.cat\/Personal\/Concursos-oposicions\/Mentories_digitals\/Pagines\/default.aspx\" target=\"_blank\" rel=\"noopener\">Portal de centre<\/a> o seguir aquests passos: <b>Portal de centres&gt; Persones&gt;Concursos i oposicions&gt;Mentoria digital<\/b><\/li>\n<li><a href=\"https:\/\/atriportal.intranet.gencat.cat\/ATRI-ng\/#\/ofertes-treball\/veure\/69837\" target=\"_blank\" rel=\"noopener\">Atri\u00a0<\/a><\/li>\n<\/ul>\n","protected":false},"excerpt":{"rendered":"<p>Ja est\u00e0 publicada l&#8217;oferta per cobrir els llocs d\u2019assessor\/a t\u00e8cnic\/a\u00a0 docent de mentors\/es digitals del Departament d\u2019Educaci\u00f3, en el marc [&hellip;]<\/p>\n","protected":false},"author":1,"featured_media":12779,"comment_status":"closed","ping_status":"closed","sticky":false,"template":"","format":"standard","meta":{"_bbp_topic_count":0,"_bbp_reply_count":0,"_bbp_total_topic_count":0,"_bbp_total_reply_count":0,"_bbp_voice_count":0,"_bbp_anonymous_reply_count":0,"_bbp_topic_count_hidden":0,"_bbp_reply_count_hidden":0,"_bbp_forum_subforum_count":0,"site-sidebar-layout":"default","site-content-layout":"","ast-site-content-layout":"","site-content-style":"default","site-sidebar-style":"default","ast-global-header-display":"","ast-banner-title-visibility":"","ast-main-header-display":"","ast-hfb-above-header-display":"","ast-hfb-below-header-display":"","ast-hfb-mobile-header-display":"","site-post-title":"","ast-breadcrumbs-content":"","ast-featured-img":"","footer-sml-layout":"","theme-transparent-header-meta":"","adv-header-id-meta":"","stick-header-meta":"","header-above-stick-meta":"","header-main-stick-meta":"","header-below-stick-meta":"","astra-migrate-meta-layouts":"default","ast-page-background-enabled":"default","ast-page-background-meta":{"desktop":{"background-color":"var(--ast-global-color-4)","background-image":"","background-repeat":"repeat","background-position":"center center","background-size":"auto","background-attachment":"scroll","background-type":"","background-media":"","overlay-type":"","overlay-color":"","overlay-opacity":"","overlay-gradient":""},"tablet":{"background-color":"","background-image":"","background-repeat":"repeat","background-position":"center center","background-size":"auto","background-attachment":"scroll","background-type":"","background-media":"","overlay-type":"","overlay-color":"","overlay-opacity":"","overlay-gradient":""},"mobile":{"background-color":"","background-image":"","background-repeat":"repeat","background-position":"center center","background-size":"auto","background-attachment":"scroll","background-type":"","background-media":"","overlay-type":"","overlay-color":"","overlay-opacity":"","overlay-gradient":""}},"ast-content-background-meta":{"desktop":{"background-color":"var(--ast-global-color-5)","background-image":"","background-repeat":"repeat","background-position":"center center","background-size":"auto","background-attachment":"scroll","background-type":"","background-media":"","overlay-type":"","overlay-color":"","overlay-opacity":"","overlay-gradient":""},"tablet":{"background-color":"var(--ast-global-color-5)","background-image":"","background-repeat":"repeat","background-position":"center center","background-size":"auto","background-attachment":"scroll","background-type":"","background-media":"","overlay-type":"","overlay-color":"","overlay-opacity":"","overlay-gradient":""},"mobile":{"background-color":"var(--ast-global-color-5)","background-image":"","background-repeat":"repeat","background-position":"center center","background-size":"auto","background-attachment":"scroll","background-type":"","background-media":"","overlay-type":"","overlay-color":"","overlay-opacity":"","overlay-gradient":""}},"footnotes":""},"categories":[1,29],"tags":[],"class_list":["post-12770","post","type-post","status-publish","format-standard","has-post-thumbnail","hentry","category-general","category-portada"],"post_mailing_queue_ids":[],"_links":{"self":[{"href":"https:\/\/serveiseducatius.xtec.cat\/vallesoccidental6\/wp-json\/wp\/v2\/posts\/12770","targetHints":{"allow":["GET"]}}],"collection":[{"href":"https:\/\/serveiseducatius.xtec.cat\/vallesoccidental6\/wp-json\/wp\/v2\/posts"}],"about":[{"href":"https:\/\/serveiseducatius.xtec.cat\/vallesoccidental6\/wp-json\/wp\/v2\/types\/post"}],"author":[{"embeddable":true,"href":"https:\/\/serveiseducatius.xtec.cat\/vallesoccidental6\/wp-json\/wp\/v2\/users\/1"}],"replies":[{"embeddable":true,"href":"https:\/\/serveiseducatius.xtec.cat\/vallesoccidental6\/wp-json\/wp\/v2\/comments?post=12770"}],"version-history":[{"count":3,"href":"https:\/\/serveiseducatius.xtec.cat\/vallesoccidental6\/wp-json\/wp\/v2\/posts\/12770\/revisions"}],"predecessor-version":[{"id":12780,"href":"https:\/\/serveiseducatius.xtec.cat\/vallesoccidental6\/wp-json\/wp\/v2\/posts\/12770\/revisions\/12780"}],"wp:featuredmedia":[{"embeddable":true,"href":"https:\/\/serveiseducatius.xtec.cat\/vallesoccidental6\/wp-json\/wp\/v2\/media\/12779"}],"wp:attachment":[{"href":"https:\/\/serveiseducatius.xtec.cat\/vallesoccidental6\/wp-json\/wp\/v2\/media?parent=12770"}],"wp:term":[{"taxonomy":"category","embeddable":true,"href":"https:\/\/serveiseducatius.xtec.cat\/vallesoccidental6\/wp-json\/wp\/v2\/categories?post=12770"},{"taxonomy":"post_tag","embeddable":true,"href":"https:\/\/serveiseducatius.xtec.cat\/vallesoccidental6\/wp-json\/wp\/v2\/tags?post=12770"}],"curies":[{"name":"wp","href":"https:\/\/api.w.org\/{rel}","templated":true}]}}