{"id":12709,"date":"2021-10-18T08:59:29","date_gmt":"2021-10-18T06:59:29","guid":{"rendered":"https:\/\/serveiseducatius.xtec.cat\/vallesoccidental6\/?p=12709"},"modified":"2021-10-18T09:15:01","modified_gmt":"2021-10-18T07:15:01","slug":"activitat-17-de-novembre-la-ciencia-en-primera-persona","status":"publish","type":"post","link":"https:\/\/serveiseducatius.xtec.cat\/vallesoccidental6\/general\/activitat-17-de-novembre-la-ciencia-en-primera-persona\/","title":{"rendered":"Activitat 17 de novembre: LA CI\u00c8NCIA EN PRIMERA PERSONA"},"content":{"rendered":"<p><span style=\"font-weight: 400;\">L&#8217;activitat <strong>&#8220;La ci\u00e8ncia en primera persona&#8221;<\/strong> que es celebrar\u00e0 el dia <\/span><b>17 de novembre al mat\u00ed en format virtual <\/b><span style=\"font-weight: 400;\">s&#8217;emmarca en la Setmana de la Ci\u00e8ncia, amb la finalitat de fomentar les vocacions cient\u00edfiques i tecnol\u00f2giques entre l&#8217;alumnat del nostre pa\u00eds i apropar els i les cient\u00edfiques als instituts.<\/span><\/p>\n<p><span style=\"font-weight: 400;\">L\u2019activitat va a c\u00e0rrec de cient\u00edfics que es dediquen a la investigaci\u00f3 i que expliquen la seva tasca, tant des del vessant cient\u00edfic com del vessant hum\u00e0.<\/span><\/p>\n<p><span style=\"font-weight: 400;\">Es proposen 4 temes: <a href=\"https:\/\/serveiseducatius.xtec.cat\/vallesoccidental6\/wp-content\/uploads\/usu1109\/2021\/10\/Setmana-de-la-ciencia.png\"><img loading=\"lazy\" decoding=\"async\" class=\"alignright wp-image-12711\" src=\"https:\/\/serveiseducatius.xtec.cat\/vallesoccidental6\/wp-content\/uploads\/usu1109\/2021\/10\/Setmana-de-la-ciencia.png\" alt=\"\" width=\"138\" height=\"207\" srcset=\"https:\/\/serveiseducatius.xtec.cat\/vallesoccidental6\/wp-content\/uploads\/usu1109\/2021\/10\/Setmana-de-la-ciencia.png 404w, https:\/\/serveiseducatius.xtec.cat\/vallesoccidental6\/wp-content\/uploads\/usu1109\/2021\/10\/Setmana-de-la-ciencia-200x300.png 200w\" sizes=\"auto, (max-width: 138px) 100vw, 138px\" \/><\/a><\/span><\/p>\n<ul>\n<li><span style=\"font-weight: 400;\">Rob\u00f2tica <\/span><\/li>\n<li>Astrof\u00edsica<\/li>\n<li>Economia Circular<\/li>\n<li>Xarxes Socials<\/li>\n<\/ul>\n<p>Si esteu interessats en participar-hi heu d&#8217;omplir<a href=\"https:\/\/docs.google.com\/forms\/d\/e\/1FAIpQLSe9iO5AgcOYs3CabCO5ZsBMnjNUWGQ5tmOCtrhIQQ9XkBTaXw\/viewform\" target=\"_blank\" rel=\"noopener\"> aquest formulari<\/a> <strong>abans del 22 d&#8217;octubre<\/strong>!<\/p>\n<p>Per m\u00e9s informaci\u00f3 us compartim la fitxa de l&#8217;activitat: <a href=\"https:\/\/serveiseducatius.xtec.cat\/vallesoccidental6\/wp-content\/uploads\/usu1109\/2021\/10\/La-ciencia-en-primera-persona.pdf\" target=\"_blank\" rel=\"noopener\">La ci\u00e8ncia en primera persona<\/a>\u00a0i tamb\u00e9 podeu consultar la p\u00e0gina web de la <a href=\"https:\/\/setmanaciencia.fundaciorecerca.cat\/frontend\/\" target=\"_blank\" rel=\"noopener\">setmana de la ci\u00e8ncia<\/a>.<\/p>\n","protected":false},"excerpt":{"rendered":"<p>L&#8217;activitat &#8220;La ci\u00e8ncia en primera persona&#8221; que es celebrar\u00e0 el dia 17 de novembre al mat\u00ed en format virtual s&#8217;emmarca [&hellip;]<\/p>\n","protected":false},"author":1,"featured_media":12620,"comment_status":"closed","ping_status":"closed","sticky":false,"template":"","format":"standard","meta":{"_bbp_topic_count":0,"_bbp_reply_count":0,"_bbp_total_topic_count":0,"_bbp_total_reply_count":0,"_bbp_voice_count":0,"_bbp_anonymous_reply_count":0,"_bbp_topic_count_hidden":0,"_bbp_reply_count_hidden":0,"_bbp_forum_subforum_count":0,"site-sidebar-layout":"default","site-content-layout":"","ast-site-content-layout":"","site-content-style":"default","site-sidebar-style":"default","ast-global-header-display":"","ast-banner-title-visibility":"","ast-main-header-display":"","ast-hfb-above-header-display":"","ast-hfb-below-header-display":"","ast-hfb-mobile-header-display":"","site-post-title":"","ast-breadcrumbs-content":"","ast-featured-img":"","footer-sml-layout":"","theme-transparent-header-meta":"","adv-header-id-meta":"","stick-header-meta":"","header-above-stick-meta":"","header-main-stick-meta":"","header-below-stick-meta":"","astra-migrate-meta-layouts":"default","ast-page-background-enabled":"default","ast-page-background-meta":{"desktop":{"background-color":"var(--ast-global-color-4)","background-image":"","background-repeat":"repeat","background-position":"center center","background-size":"auto","background-attachment":"scroll","background-type":"","background-media":"","overlay-type":"","overlay-color":"","overlay-opacity":"","overlay-gradient":""},"tablet":{"background-color":"","background-image":"","background-repeat":"repeat","background-position":"center center","background-size":"auto","background-attachment":"scroll","background-type":"","background-media":"","overlay-type":"","overlay-color":"","overlay-opacity":"","overlay-gradient":""},"mobile":{"background-color":"","background-image":"","background-repeat":"repeat","background-position":"center center","background-size":"auto","background-attachment":"scroll","background-type":"","background-media":"","overlay-type":"","overlay-color":"","overlay-opacity":"","overlay-gradient":""}},"ast-content-background-meta":{"desktop":{"background-color":"var(--ast-global-color-5)","background-image":"","background-repeat":"repeat","background-position":"center center","background-size":"auto","background-attachment":"scroll","background-type":"","background-media":"","overlay-type":"","overlay-color":"","overlay-opacity":"","overlay-gradient":""},"tablet":{"background-color":"var(--ast-global-color-5)","background-image":"","background-repeat":"repeat","background-position":"center center","background-size":"auto","background-attachment":"scroll","background-type":"","background-media":"","overlay-type":"","overlay-color":"","overlay-opacity":"","overlay-gradient":""},"mobile":{"background-color":"var(--ast-global-color-5)","background-image":"","background-repeat":"repeat","background-position":"center center","background-size":"auto","background-attachment":"scroll","background-type":"","background-media":"","overlay-type":"","overlay-color":"","overlay-opacity":"","overlay-gradient":""}},"footnotes":""},"categories":[1,29],"tags":[],"class_list":["post-12709","post","type-post","status-publish","format-standard","has-post-thumbnail","hentry","category-general","category-portada"],"post_mailing_queue_ids":[],"_links":{"self":[{"href":"https:\/\/serveiseducatius.xtec.cat\/vallesoccidental6\/wp-json\/wp\/v2\/posts\/12709","targetHints":{"allow":["GET"]}}],"collection":[{"href":"https:\/\/serveiseducatius.xtec.cat\/vallesoccidental6\/wp-json\/wp\/v2\/posts"}],"about":[{"href":"https:\/\/serveiseducatius.xtec.cat\/vallesoccidental6\/wp-json\/wp\/v2\/types\/post"}],"author":[{"embeddable":true,"href":"https:\/\/serveiseducatius.xtec.cat\/vallesoccidental6\/wp-json\/wp\/v2\/users\/1"}],"replies":[{"embeddable":true,"href":"https:\/\/serveiseducatius.xtec.cat\/vallesoccidental6\/wp-json\/wp\/v2\/comments?post=12709"}],"version-history":[{"count":1,"href":"https:\/\/serveiseducatius.xtec.cat\/vallesoccidental6\/wp-json\/wp\/v2\/posts\/12709\/revisions"}],"predecessor-version":[{"id":12712,"href":"https:\/\/serveiseducatius.xtec.cat\/vallesoccidental6\/wp-json\/wp\/v2\/posts\/12709\/revisions\/12712"}],"wp:featuredmedia":[{"embeddable":true,"href":"https:\/\/serveiseducatius.xtec.cat\/vallesoccidental6\/wp-json\/wp\/v2\/media\/12620"}],"wp:attachment":[{"href":"https:\/\/serveiseducatius.xtec.cat\/vallesoccidental6\/wp-json\/wp\/v2\/media?parent=12709"}],"wp:term":[{"taxonomy":"category","embeddable":true,"href":"https:\/\/serveiseducatius.xtec.cat\/vallesoccidental6\/wp-json\/wp\/v2\/categories?post=12709"},{"taxonomy":"post_tag","embeddable":true,"href":"https:\/\/serveiseducatius.xtec.cat\/vallesoccidental6\/wp-json\/wp\/v2\/tags?post=12709"}],"curies":[{"name":"wp","href":"https:\/\/api.w.org\/{rel}","templated":true}]}}