{"id":12367,"date":"2021-06-07T13:30:27","date_gmt":"2021-06-07T11:30:27","guid":{"rendered":"http:\/\/serveiseducatius.xtec.cat\/vallesoccidental6\/?p=12367"},"modified":"2021-06-07T13:32:57","modified_gmt":"2021-06-07T11:32:57","slug":"jornades-orientafp-reptes-i-rols-del-professorat-en-els-nous-escenaris-de-la-formacio-professional","status":"publish","type":"post","link":"https:\/\/serveiseducatius.xtec.cat\/vallesoccidental6\/general\/jornades-orientafp-reptes-i-rols-del-professorat-en-els-nous-escenaris-de-la-formacio-professional\/","title":{"rendered":"Jornades OrientaFP: Reptes i Rols del professorat en els nous escenaris de la Formaci\u00f3 Professional.\u00a0"},"content":{"rendered":"<p>Quines compet\u00e8ncies ha hagut de desenvolupar el professorat, o quins s\u00f3n els seus l\u00edmits i possibilitats a l\u2019hora\u00a0 d\u2019abordar les transformacions a l\u2019FP, s\u00f3n algunes de q\u00fcestions que guiaran la reflexi\u00f3 durant dues jornades, en les que, a trav\u00e9s de diferents escenaris clau i acompanyats per actors rellevants, parlarem i pensarem sobre els rols del professorat d\u2019FP d\u2019avui i del futur.<\/p>\n<p>Us convidem a fer la inscripci\u00f3 a les primeres <strong>Jornades OrientaFP: Reptes i Rols del professorat en els nous escenaris de la Formaci\u00f3 Professional.\u00a0<\/strong><\/p>\n<p>A partir de 4 taules de di\u00e0leg es parlar\u00e0 dels seg\u00fcents temes:<\/p>\n<ul>\n<li>Aliances i sinergies entra l&#8217;aula i l&#8217;ecosistema del centre en el marc de la innovaci\u00f3 i la transformaci\u00f3 de l&#8217;FP.<\/li>\n<li>El canvi metodol\u00f2gic, la digitalitzaci\u00f3 i els despla\u00e7aments de les posicions i rols del professorat.<\/li>\n<li>Aprenentatge a l&#8217;aula i aprenentatge al treball: reptes i complementarietats entre la pr\u00e0ctica docent a l&#8217;aula i l&#8217;aprenentatge a l&#8217;empresa en formaci\u00f3 dual.<\/li>\n<li>Transformacions en l&#8217;acci\u00f3 tutorial i l&#8217;orientaci\u00f3 a l&#8217;FP: La dimensi\u00f3 orientadora del professorat d&#8217;FP, el canvi de mirada cap a l&#8217;alumnat i l&#8217;acci\u00f3 tutorial.<\/li>\n<\/ul>\n<p><a href=\"https:\/\/orientafp.reunim.cat\/\"><img loading=\"lazy\" decoding=\"async\" class=\"alignright wp-image-12369 size-large\" src=\"https:\/\/serveiseducatius.xtec.cat\/vallesoccidental6\/wp-content\/uploads\/usu1109\/2021\/06\/fp-1-1024x197.jpg\" alt=\"\" width=\"1024\" height=\"197\" srcset=\"https:\/\/serveiseducatius.xtec.cat\/vallesoccidental6\/wp-content\/uploads\/usu1109\/2021\/06\/fp-1-1024x197.jpg 1024w, https:\/\/serveiseducatius.xtec.cat\/vallesoccidental6\/wp-content\/uploads\/usu1109\/2021\/06\/fp-1-300x58.jpg 300w, https:\/\/serveiseducatius.xtec.cat\/vallesoccidental6\/wp-content\/uploads\/usu1109\/2021\/06\/fp-1-768x148.jpg 768w, https:\/\/serveiseducatius.xtec.cat\/vallesoccidental6\/wp-content\/uploads\/usu1109\/2021\/06\/fp-1.jpg 1302w\" sizes=\"auto, (max-width: 1024px) 100vw, 1024px\" \/><\/a><\/p>\n","protected":false},"excerpt":{"rendered":"<p>Quines compet\u00e8ncies ha hagut de desenvolupar el professorat, o quins s\u00f3n els seus l\u00edmits i possibilitats a l\u2019hora\u00a0 d\u2019abordar les transformacions a l\u2019FP, s\u00f3n algunes de q\u00fcestions que guiaran la reflexi\u00f3 durant dues jornades, en les que, a trav\u00e9s de diferents escenaris clau i acompanyats per actors rellevants, parlarem i pensarem sobre els rols del professorat d\u2019FP d\u2019avui i del futur.<\/p>\n","protected":false},"author":1,"featured_media":12368,"comment_status":"closed","ping_status":"closed","sticky":false,"template":"","format":"standard","meta":{"_bbp_topic_count":0,"_bbp_reply_count":0,"_bbp_total_topic_count":0,"_bbp_total_reply_count":0,"_bbp_voice_count":0,"_bbp_anonymous_reply_count":0,"_bbp_topic_count_hidden":0,"_bbp_reply_count_hidden":0,"_bbp_forum_subforum_count":0,"site-sidebar-layout":"default","site-content-layout":"","ast-site-content-layout":"","site-content-style":"default","site-sidebar-style":"default","ast-global-header-display":"","ast-banner-title-visibility":"","ast-main-header-display":"","ast-hfb-above-header-display":"","ast-hfb-below-header-display":"","ast-hfb-mobile-header-display":"","site-post-title":"","ast-breadcrumbs-content":"","ast-featured-img":"","footer-sml-layout":"","theme-transparent-header-meta":"","adv-header-id-meta":"","stick-header-meta":"","header-above-stick-meta":"","header-main-stick-meta":"","header-below-stick-meta":"","astra-migrate-meta-layouts":"default","ast-page-background-enabled":"default","ast-page-background-meta":{"desktop":{"background-color":"var(--ast-global-color-4)","background-image":"","background-repeat":"repeat","background-position":"center center","background-size":"auto","background-attachment":"scroll","background-type":"","background-media":"","overlay-type":"","overlay-color":"","overlay-opacity":"","overlay-gradient":""},"tablet":{"background-color":"","background-image":"","background-repeat":"repeat","background-position":"center center","background-size":"auto","background-attachment":"scroll","background-type":"","background-media":"","overlay-type":"","overlay-color":"","overlay-opacity":"","overlay-gradient":""},"mobile":{"background-color":"","background-image":"","background-repeat":"repeat","background-position":"center center","background-size":"auto","background-attachment":"scroll","background-type":"","background-media":"","overlay-type":"","overlay-color":"","overlay-opacity":"","overlay-gradient":""}},"ast-content-background-meta":{"desktop":{"background-color":"var(--ast-global-color-5)","background-image":"","background-repeat":"repeat","background-position":"center center","background-size":"auto","background-attachment":"scroll","background-type":"","background-media":"","overlay-type":"","overlay-color":"","overlay-opacity":"","overlay-gradient":""},"tablet":{"background-color":"var(--ast-global-color-5)","background-image":"","background-repeat":"repeat","background-position":"center center","background-size":"auto","background-attachment":"scroll","background-type":"","background-media":"","overlay-type":"","overlay-color":"","overlay-opacity":"","overlay-gradient":""},"mobile":{"background-color":"var(--ast-global-color-5)","background-image":"","background-repeat":"repeat","background-position":"center center","background-size":"auto","background-attachment":"scroll","background-type":"","background-media":"","overlay-type":"","overlay-color":"","overlay-opacity":"","overlay-gradient":""}},"footnotes":""},"categories":[1,29],"tags":[],"class_list":["post-12367","post","type-post","status-publish","format-standard","has-post-thumbnail","hentry","category-general","category-portada"],"post_mailing_queue_ids":[],"_links":{"self":[{"href":"https:\/\/serveiseducatius.xtec.cat\/vallesoccidental6\/wp-json\/wp\/v2\/posts\/12367","targetHints":{"allow":["GET"]}}],"collection":[{"href":"https:\/\/serveiseducatius.xtec.cat\/vallesoccidental6\/wp-json\/wp\/v2\/posts"}],"about":[{"href":"https:\/\/serveiseducatius.xtec.cat\/vallesoccidental6\/wp-json\/wp\/v2\/types\/post"}],"author":[{"embeddable":true,"href":"https:\/\/serveiseducatius.xtec.cat\/vallesoccidental6\/wp-json\/wp\/v2\/users\/1"}],"replies":[{"embeddable":true,"href":"https:\/\/serveiseducatius.xtec.cat\/vallesoccidental6\/wp-json\/wp\/v2\/comments?post=12367"}],"version-history":[{"count":1,"href":"https:\/\/serveiseducatius.xtec.cat\/vallesoccidental6\/wp-json\/wp\/v2\/posts\/12367\/revisions"}],"predecessor-version":[{"id":12370,"href":"https:\/\/serveiseducatius.xtec.cat\/vallesoccidental6\/wp-json\/wp\/v2\/posts\/12367\/revisions\/12370"}],"wp:featuredmedia":[{"embeddable":true,"href":"https:\/\/serveiseducatius.xtec.cat\/vallesoccidental6\/wp-json\/wp\/v2\/media\/12368"}],"wp:attachment":[{"href":"https:\/\/serveiseducatius.xtec.cat\/vallesoccidental6\/wp-json\/wp\/v2\/media?parent=12367"}],"wp:term":[{"taxonomy":"category","embeddable":true,"href":"https:\/\/serveiseducatius.xtec.cat\/vallesoccidental6\/wp-json\/wp\/v2\/categories?post=12367"},{"taxonomy":"post_tag","embeddable":true,"href":"https:\/\/serveiseducatius.xtec.cat\/vallesoccidental6\/wp-json\/wp\/v2\/tags?post=12367"}],"curies":[{"name":"wp","href":"https:\/\/api.w.org\/{rel}","templated":true}]}}