{"id":12224,"date":"2021-04-26T16:20:13","date_gmt":"2021-04-26T14:20:13","guid":{"rendered":"http:\/\/serveiseducatius.xtec.cat\/vallesoccidental6\/?p=12224"},"modified":"2021-04-26T16:20:55","modified_gmt":"2021-04-26T14:20:55","slug":"4-de-maig-conferencia-joan-triadu-i-font-la-formacio-al-servei-de-la-reconstruccio-dun-pais","status":"publish","type":"post","link":"https:\/\/serveiseducatius.xtec.cat\/vallesoccidental6\/general\/4-de-maig-conferencia-joan-triadu-i-font-la-formacio-al-servei-de-la-reconstruccio-dun-pais\/","title":{"rendered":"4 de maig confer\u00e8ncia: \u201cJoan Triad\u00fa i Font, la formaci\u00f3 al servei de la (re)construcci\u00f3 d&#8217;un pa\u00eds\u201d"},"content":{"rendered":"<p>El dimarts 4 de maig de 17:30 a 18:30 es realitzar\u00e0 la confer\u00e8ncia 2021, any Triad\u00fa. &#8220;<strong>Joan Triad\u00fa i Font, la formaci\u00f3 al servei de la (re)construcci\u00f3 d&#8217;un pa\u00eds&#8221;. <\/strong>En <a href=\"https:\/\/cultura.gencat.cat\/ca\/temes\/commemoracions\/2021\/anyjoantriadu\/inici\/\" target=\"_blank\" rel=\"noopener noreferrer\"><img loading=\"lazy\" decoding=\"async\" class=\"alignright wp-image-12226\" src=\"https:\/\/serveiseducatius.xtec.cat\/vallesoccidental6\/wp-content\/uploads\/usu1109\/2021\/04\/triad\u00fa.png\" alt=\"\" width=\"224\" height=\"340\" srcset=\"https:\/\/serveiseducatius.xtec.cat\/vallesoccidental6\/wp-content\/uploads\/usu1109\/2021\/04\/triad\u00fa.png 381w, https:\/\/serveiseducatius.xtec.cat\/vallesoccidental6\/wp-content\/uploads\/usu1109\/2021\/04\/triad\u00fa-198x300.png 198w\" sizes=\"auto, (max-width: 224px) 100vw, 224px\" \/><\/a>format telem\u00e0tic.<\/p>\n<p>En el 2021 es commemoren els\u00a0100 anys del naixement\u00a0de\u00a0Joan Triad\u00fa i Font,\u00a0pedagog i escriptor.\u00a0En qualitat d\u2019autor\u00a0destaca la seva faceta de\u00a0cr\u00edtic, traductor i poeta.\u00a0La <a href=\"https:\/\/cultura.gencat.cat\/ca\/temes\/commemoracions\/2021\/anyjoantriadu\/inici\/\" target=\"_blank\" rel=\"noopener noreferrer\">traject\u00f2ria vital<\/a> de Joan Triad\u00fa va lligada estretament a l\u2019evoluci\u00f3 de la cultura catalana del segle XX.<\/p>\n<p>M\u00e9s informaci\u00f3 de la <a href=\"https:\/\/serveiseducatius.xtec.cat\/tarragones\/general\/portada\/conferencia-any-joan-triadu\/\" target=\"_blank\" rel=\"noopener noreferrer\">confer\u00e8ncia. <\/a><\/p>\n<p>Per fer la inscripci\u00f3 clica <a href=\"https:\/\/aplicacions.gestioeducativa.gencat.cat\/pls\/soloas\/pk_for_mod_ins.p_for_detall_activitat?p_header=Selecci%F3%5Epk_for_mod_ins.p_for_form_cons_act?p_excloure_crp_rec=T*Llista%20d%27activitats%5Epk_for_mod_ins.p_for_cons_activitats?p_crp=709%26p_crp_txt=Tarragon%C3%A8s%26p_any=2020-2021%26p_totes=S%26p_inici=91%26p_excloure_crp_rec=T&amp;p_codi=7091151709&amp;p_curs=2020-2021&amp;p_excloure_crp_rec=T\" target=\"_blank\" rel=\"noopener noreferrer\">aqu\u00ed<\/a><\/p>\n","protected":false},"excerpt":{"rendered":"<p>El dimarts 4 de maig de 17:30 a 18:30 es realitzar\u00e0 la confer\u00e8ncia 2021, any Triad\u00fa. &#8220;Joan Triad\u00fa i Font, [&hellip;]<\/p>\n","protected":false},"author":1,"featured_media":12226,"comment_status":"closed","ping_status":"closed","sticky":false,"template":"","format":"standard","meta":{"_bbp_topic_count":0,"_bbp_reply_count":0,"_bbp_total_topic_count":0,"_bbp_total_reply_count":0,"_bbp_voice_count":0,"_bbp_anonymous_reply_count":0,"_bbp_topic_count_hidden":0,"_bbp_reply_count_hidden":0,"_bbp_forum_subforum_count":0,"site-sidebar-layout":"default","site-content-layout":"","ast-site-content-layout":"","site-content-style":"default","site-sidebar-style":"default","ast-global-header-display":"","ast-banner-title-visibility":"","ast-main-header-display":"","ast-hfb-above-header-display":"","ast-hfb-below-header-display":"","ast-hfb-mobile-header-display":"","site-post-title":"","ast-breadcrumbs-content":"","ast-featured-img":"","footer-sml-layout":"","theme-transparent-header-meta":"","adv-header-id-meta":"","stick-header-meta":"","header-above-stick-meta":"","header-main-stick-meta":"","header-below-stick-meta":"","astra-migrate-meta-layouts":"default","ast-page-background-enabled":"default","ast-page-background-meta":{"desktop":{"background-color":"var(--ast-global-color-4)","background-image":"","background-repeat":"repeat","background-position":"center center","background-size":"auto","background-attachment":"scroll","background-type":"","background-media":"","overlay-type":"","overlay-color":"","overlay-opacity":"","overlay-gradient":""},"tablet":{"background-color":"","background-image":"","background-repeat":"repeat","background-position":"center center","background-size":"auto","background-attachment":"scroll","background-type":"","background-media":"","overlay-type":"","overlay-color":"","overlay-opacity":"","overlay-gradient":""},"mobile":{"background-color":"","background-image":"","background-repeat":"repeat","background-position":"center center","background-size":"auto","background-attachment":"scroll","background-type":"","background-media":"","overlay-type":"","overlay-color":"","overlay-opacity":"","overlay-gradient":""}},"ast-content-background-meta":{"desktop":{"background-color":"var(--ast-global-color-5)","background-image":"","background-repeat":"repeat","background-position":"center center","background-size":"auto","background-attachment":"scroll","background-type":"","background-media":"","overlay-type":"","overlay-color":"","overlay-opacity":"","overlay-gradient":""},"tablet":{"background-color":"var(--ast-global-color-5)","background-image":"","background-repeat":"repeat","background-position":"center center","background-size":"auto","background-attachment":"scroll","background-type":"","background-media":"","overlay-type":"","overlay-color":"","overlay-opacity":"","overlay-gradient":""},"mobile":{"background-color":"var(--ast-global-color-5)","background-image":"","background-repeat":"repeat","background-position":"center center","background-size":"auto","background-attachment":"scroll","background-type":"","background-media":"","overlay-type":"","overlay-color":"","overlay-opacity":"","overlay-gradient":""}},"footnotes":""},"categories":[1,29],"tags":[],"class_list":["post-12224","post","type-post","status-publish","format-standard","has-post-thumbnail","hentry","category-general","category-portada"],"post_mailing_queue_ids":[],"_links":{"self":[{"href":"https:\/\/serveiseducatius.xtec.cat\/vallesoccidental6\/wp-json\/wp\/v2\/posts\/12224","targetHints":{"allow":["GET"]}}],"collection":[{"href":"https:\/\/serveiseducatius.xtec.cat\/vallesoccidental6\/wp-json\/wp\/v2\/posts"}],"about":[{"href":"https:\/\/serveiseducatius.xtec.cat\/vallesoccidental6\/wp-json\/wp\/v2\/types\/post"}],"author":[{"embeddable":true,"href":"https:\/\/serveiseducatius.xtec.cat\/vallesoccidental6\/wp-json\/wp\/v2\/users\/1"}],"replies":[{"embeddable":true,"href":"https:\/\/serveiseducatius.xtec.cat\/vallesoccidental6\/wp-json\/wp\/v2\/comments?post=12224"}],"version-history":[{"count":2,"href":"https:\/\/serveiseducatius.xtec.cat\/vallesoccidental6\/wp-json\/wp\/v2\/posts\/12224\/revisions"}],"predecessor-version":[{"id":12227,"href":"https:\/\/serveiseducatius.xtec.cat\/vallesoccidental6\/wp-json\/wp\/v2\/posts\/12224\/revisions\/12227"}],"wp:featuredmedia":[{"embeddable":true,"href":"https:\/\/serveiseducatius.xtec.cat\/vallesoccidental6\/wp-json\/wp\/v2\/media\/12226"}],"wp:attachment":[{"href":"https:\/\/serveiseducatius.xtec.cat\/vallesoccidental6\/wp-json\/wp\/v2\/media?parent=12224"}],"wp:term":[{"taxonomy":"category","embeddable":true,"href":"https:\/\/serveiseducatius.xtec.cat\/vallesoccidental6\/wp-json\/wp\/v2\/categories?post=12224"},{"taxonomy":"post_tag","embeddable":true,"href":"https:\/\/serveiseducatius.xtec.cat\/vallesoccidental6\/wp-json\/wp\/v2\/tags?post=12224"}],"curies":[{"name":"wp","href":"https:\/\/api.w.org\/{rel}","templated":true}]}}