{"id":12216,"date":"2021-04-23T09:13:16","date_gmt":"2021-04-23T07:13:16","guid":{"rendered":"http:\/\/serveiseducatius.xtec.cat\/vallesoccidental6\/?p=12216"},"modified":"2021-04-23T09:13:16","modified_gmt":"2021-04-23T07:13:16","slug":"4-de-maig-trobada-pedagogica-deteccio-i-gestio-de-les-alteracions-del-neurodesenvolupament-a-la-llar-dinfants","status":"publish","type":"post","link":"https:\/\/serveiseducatius.xtec.cat\/vallesoccidental6\/general\/4-de-maig-trobada-pedagogica-deteccio-i-gestio-de-les-alteracions-del-neurodesenvolupament-a-la-llar-dinfants\/","title":{"rendered":"4 de maig trobada Pedag\u00f2gica: &#8220;Detecci\u00f3 i gesti\u00f3 de les alteracions del neurodesenvolupament a la Llar d&#8217;infants&#8221;"},"content":{"rendered":"<h5 style=\"text-align: center;\"><strong>DETECCI\u00d3 I GESTI\u00d3 DE LES ALTERACIONS DEL NEURODESENVOLUPAMENT A LA LLAR D&#8217;INFANTS<\/strong><\/h5>\n<div><i>\u00a0<\/i><\/div>\n<p>Us convidem a la\u00a0<b>Trobada Pedag\u00f2gica EDU 0.3<\/b>\u00a0que tindr\u00e0 lloc el\u00a0<b>dimarts 4 de maig a les 18.00h<\/b>\u00a0amb una conversa amb Sara Vega i In\u00e9s Gimeno, psic\u00f2logues cl\u00edniques del CDIAP Parc Taul\u00ed<\/p>\n<p><a href=\"https:\/\/serveiseducatius.xtec.cat\/vallesoccidental6\/wp-content\/uploads\/usu1109\/2021\/04\/Trobada-Pedago\u0300gica-EDU-0.3-1.jpg\"><img loading=\"lazy\" decoding=\"async\" class=\"wp-image-12217 aligncenter\" src=\"https:\/\/serveiseducatius.xtec.cat\/vallesoccidental6\/wp-content\/uploads\/usu1109\/2021\/04\/Trobada-Pedago\u0300gica-EDU-0.3-1-1024x576.jpg\" alt=\"\" width=\"574\" height=\"323\" srcset=\"https:\/\/serveiseducatius.xtec.cat\/vallesoccidental6\/wp-content\/uploads\/usu1109\/2021\/04\/Trobada-Pedago\u0300gica-EDU-0.3-1-1024x576.jpg 1024w, https:\/\/serveiseducatius.xtec.cat\/vallesoccidental6\/wp-content\/uploads\/usu1109\/2021\/04\/Trobada-Pedago\u0300gica-EDU-0.3-1-300x169.jpg 300w, https:\/\/serveiseducatius.xtec.cat\/vallesoccidental6\/wp-content\/uploads\/usu1109\/2021\/04\/Trobada-Pedago\u0300gica-EDU-0.3-1-768x432.jpg 768w, https:\/\/serveiseducatius.xtec.cat\/vallesoccidental6\/wp-content\/uploads\/usu1109\/2021\/04\/Trobada-Pedago\u0300gica-EDU-0.3-1.jpg 1280w\" sizes=\"auto, (max-width: 574px) 100vw, 574px\" \/><\/a><\/p>\n<div>\n<p>Ser\u00e0 una sessi\u00f3 virtual oberta a totes les <strong>educadores de les Llars d&#8217;infants<\/strong>.<\/p>\n<p>Us podeu inscriure&#8217;s a trav\u00e9s dels enlla\u00e7os seg\u00fcents <strong>abans del 29 d&#8217;abril.<\/strong><\/p>\n<\/div>\n<p><a href=\"https:\/\/aplicacions.gestioeducativa.gencat.cat\/pls\/soloas\/pk_for_mod_ins.p_for_cons_activitats?p_any=2020-2021&amp;p_codi=4000140504\" target=\"_blank\" rel=\"noopener noreferrer\">Usuari \/ correu xtec<\/a><\/p>\n<p><a href=\"https:\/\/docs.google.com\/forms\/d\/e\/1FAIpQLSfBh1nerz8aQU51FY2yeEiK6qQOxw1309oCuemo6H7pSRCXQw\/viewform\" target=\"_blank\" rel=\"noopener noreferrer\">Altres usuaris \/ correus\u00a0<\/a><\/p>\n","protected":false},"excerpt":{"rendered":"<p>DETECCI\u00d3 I GESTI\u00d3 DE LES ALTERACIONS DEL NEURODESENVOLUPAMENT A LA LLAR D&#8217;INFANTS \u00a0 Us convidem a la\u00a0Trobada Pedag\u00f2gica EDU 0.3\u00a0que [&hellip;]<\/p>\n","protected":false},"author":1,"featured_media":12218,"comment_status":"closed","ping_status":"closed","sticky":false,"template":"","format":"standard","meta":{"_bbp_topic_count":0,"_bbp_reply_count":0,"_bbp_total_topic_count":0,"_bbp_total_reply_count":0,"_bbp_voice_count":0,"_bbp_anonymous_reply_count":0,"_bbp_topic_count_hidden":0,"_bbp_reply_count_hidden":0,"_bbp_forum_subforum_count":0,"site-sidebar-layout":"default","site-content-layout":"","ast-site-content-layout":"","site-content-style":"default","site-sidebar-style":"default","ast-global-header-display":"","ast-banner-title-visibility":"","ast-main-header-display":"","ast-hfb-above-header-display":"","ast-hfb-below-header-display":"","ast-hfb-mobile-header-display":"","site-post-title":"","ast-breadcrumbs-content":"","ast-featured-img":"","footer-sml-layout":"","theme-transparent-header-meta":"","adv-header-id-meta":"","stick-header-meta":"","header-above-stick-meta":"","header-main-stick-meta":"","header-below-stick-meta":"","astra-migrate-meta-layouts":"default","ast-page-background-enabled":"default","ast-page-background-meta":{"desktop":{"background-color":"var(--ast-global-color-4)","background-image":"","background-repeat":"repeat","background-position":"center center","background-size":"auto","background-attachment":"scroll","background-type":"","background-media":"","overlay-type":"","overlay-color":"","overlay-opacity":"","overlay-gradient":""},"tablet":{"background-color":"","background-image":"","background-repeat":"repeat","background-position":"center center","background-size":"auto","background-attachment":"scroll","background-type":"","background-media":"","overlay-type":"","overlay-color":"","overlay-opacity":"","overlay-gradient":""},"mobile":{"background-color":"","background-image":"","background-repeat":"repeat","background-position":"center center","background-size":"auto","background-attachment":"scroll","background-type":"","background-media":"","overlay-type":"","overlay-color":"","overlay-opacity":"","overlay-gradient":""}},"ast-content-background-meta":{"desktop":{"background-color":"var(--ast-global-color-5)","background-image":"","background-repeat":"repeat","background-position":"center center","background-size":"auto","background-attachment":"scroll","background-type":"","background-media":"","overlay-type":"","overlay-color":"","overlay-opacity":"","overlay-gradient":""},"tablet":{"background-color":"var(--ast-global-color-5)","background-image":"","background-repeat":"repeat","background-position":"center center","background-size":"auto","background-attachment":"scroll","background-type":"","background-media":"","overlay-type":"","overlay-color":"","overlay-opacity":"","overlay-gradient":""},"mobile":{"background-color":"var(--ast-global-color-5)","background-image":"","background-repeat":"repeat","background-position":"center center","background-size":"auto","background-attachment":"scroll","background-type":"","background-media":"","overlay-type":"","overlay-color":"","overlay-opacity":"","overlay-gradient":""}},"footnotes":""},"categories":[1,29],"tags":[],"class_list":["post-12216","post","type-post","status-publish","format-standard","has-post-thumbnail","hentry","category-general","category-portada"],"post_mailing_queue_ids":[],"_links":{"self":[{"href":"https:\/\/serveiseducatius.xtec.cat\/vallesoccidental6\/wp-json\/wp\/v2\/posts\/12216","targetHints":{"allow":["GET"]}}],"collection":[{"href":"https:\/\/serveiseducatius.xtec.cat\/vallesoccidental6\/wp-json\/wp\/v2\/posts"}],"about":[{"href":"https:\/\/serveiseducatius.xtec.cat\/vallesoccidental6\/wp-json\/wp\/v2\/types\/post"}],"author":[{"embeddable":true,"href":"https:\/\/serveiseducatius.xtec.cat\/vallesoccidental6\/wp-json\/wp\/v2\/users\/1"}],"replies":[{"embeddable":true,"href":"https:\/\/serveiseducatius.xtec.cat\/vallesoccidental6\/wp-json\/wp\/v2\/comments?post=12216"}],"version-history":[{"count":2,"href":"https:\/\/serveiseducatius.xtec.cat\/vallesoccidental6\/wp-json\/wp\/v2\/posts\/12216\/revisions"}],"predecessor-version":[{"id":12220,"href":"https:\/\/serveiseducatius.xtec.cat\/vallesoccidental6\/wp-json\/wp\/v2\/posts\/12216\/revisions\/12220"}],"wp:featuredmedia":[{"embeddable":true,"href":"https:\/\/serveiseducatius.xtec.cat\/vallesoccidental6\/wp-json\/wp\/v2\/media\/12218"}],"wp:attachment":[{"href":"https:\/\/serveiseducatius.xtec.cat\/vallesoccidental6\/wp-json\/wp\/v2\/media?parent=12216"}],"wp:term":[{"taxonomy":"category","embeddable":true,"href":"https:\/\/serveiseducatius.xtec.cat\/vallesoccidental6\/wp-json\/wp\/v2\/categories?post=12216"},{"taxonomy":"post_tag","embeddable":true,"href":"https:\/\/serveiseducatius.xtec.cat\/vallesoccidental6\/wp-json\/wp\/v2\/tags?post=12216"}],"curies":[{"name":"wp","href":"https:\/\/api.w.org\/{rel}","templated":true}]}}