{"id":11875,"date":"2021-02-08T09:28:55","date_gmt":"2021-02-08T08:28:55","guid":{"rendered":"http:\/\/serveiseducatius.xtec.cat\/vallesoccidental6\/?p=11875"},"modified":"2021-02-08T09:28:55","modified_gmt":"2021-02-08T08:28:55","slug":"9-de-febrer-dia-de-la-internet-segura","status":"publish","type":"post","link":"https:\/\/serveiseducatius.xtec.cat\/vallesoccidental6\/general\/9-de-febrer-dia-de-la-internet-segura\/","title":{"rendered":"9 de febrer&#8230;DIA DE LA INTERNET SEGURA"},"content":{"rendered":"<p>&nbsp;<\/p>\n<p><a href=\"https:\/\/internetsegura.cat\/dia-internet-segura\/\" target=\"_blank\" rel=\"noopener noreferrer\"><img loading=\"lazy\" decoding=\"async\" class=\"aligncenter wp-image-11876 size-full\" src=\"https:\/\/serveiseducatius.xtec.cat\/vallesoccidental6\/wp-content\/uploads\/usu1109\/2021\/02\/Internet-segura.png\" alt=\"\" width=\"887\" height=\"264\" srcset=\"https:\/\/serveiseducatius.xtec.cat\/vallesoccidental6\/wp-content\/uploads\/usu1109\/2021\/02\/Internet-segura.png 887w, https:\/\/serveiseducatius.xtec.cat\/vallesoccidental6\/wp-content\/uploads\/usu1109\/2021\/02\/Internet-segura-300x89.png 300w, https:\/\/serveiseducatius.xtec.cat\/vallesoccidental6\/wp-content\/uploads\/usu1109\/2021\/02\/Internet-segura-768x229.png 768w\" sizes=\"auto, (max-width: 887px) 100vw, 887px\" \/><\/a><\/p>\n<p>Des del Programa Internet Segura de l\u2019Ag\u00e8ncia de Ciberseguretat de Catalunya us informem que el 9 de febrer de 2021 se celebra una nova edici\u00f3 del <a href=\"https:\/\/www.saferinternetday.org\/\"><strong>Dia de la Internet Segura<\/strong><\/a> arreu del m\u00f3n. Amb m\u00e9s 170 pa\u00efsos que hi participen, la diada ha esdevingut una ocasi\u00f3 immillorable per treballar de manera conjunta un objectiu com\u00fa: la seguretat de la xarxa, especialment entre els usuaris m\u00e9s joves.<\/p>\n<p>I \u00e9s que l\u2019edat en qu\u00e8 els infants entren en el m\u00f3n de les noves tecnologies en general, i Internet en particular, cada cop \u00e9s m\u00e9s prematura. Per aquesta ra\u00f3, \u00e9s important la conscienciaci\u00f3 per aconseguir que infants i joves siguin digitalment competents.<\/p>\n<p>Aquesta edici\u00f3, amb el lema \u2018M\u00e9s digitals i protegits que mai\u2019, des d\u2019Internet Segura ens volem centrar en els fraus i els enganys digitals, amb propostes tant per a fam\u00edlies com per a educadors, infants i joves.<\/p>\n<ul>\n<li><strong>Amb quina activitat o acci\u00f3 participareu? Nosaltres us ajudem!<\/strong><\/li>\n<\/ul>\n<p>Teniu alguna acci\u00f3 pensada? Des d\u2019<a href=\"http:\/\/xtec.gencat.cat\/ca\/recursos\/tecinformacio\/internet_segura\/\" target=\"_blank\" rel=\"noopener noreferrer\">XTEC<\/a> i el <a href=\"https:\/\/internetsegura.cat\/dia-internet-segura\/\" target=\"_blank\" rel=\"noopener noreferrer\">Programa Internet Segura<\/a> posem a la vostra disposici\u00f3 diferents propostes, materials i recursos perqu\u00e8 el Dia de la Internet Segura 2021 no passi desapercebuda al vostre centre.<\/p>\n<ul>\n<li><strong>Hi participareu? Informeu-nos-en! <\/strong><\/li>\n<\/ul>\n<p>Registreu la vostra escola omplint el formulari seg\u00fcent i passeu a ser un m\u00e9s de la gran fam\u00edlia #SID2021.<\/p>\n<p style=\"text-align: center;\"><strong><a href=\"https:\/\/docs.google.com\/forms\/d\/e\/1FAIpQLSeStSwN_qS_O5Q7Lr9kHBAI-rLfw28rYYRJlNjpr3u7bow2Xg\/viewform\" target=\"_blank\" rel=\"noopener noreferrer\">REGISTRA LA TEVA ESCOLA<\/a><\/strong><\/p>\n<ul>\n<li><strong>Ens ajudareu a compartir?<\/strong><\/li>\n<\/ul>\n<p>A partir del 9 de febrer trobareu, a les xarxes socials, els <em>hashtags<\/em> oficials #sid2021 i #diainternetsegura per poder seguir l&#8217;actualitat, i el #digitalsiprotegits per con\u00e8ixer les propostes d&#8217;aquest dia a Catalunya. Us animem perqu\u00e8 vosaltres tamb\u00e9 sigueu part\u00edcips d\u2019aquesta proposta i\u00a0 ens ajudeu a difondre el missatge.<\/p>\n","protected":false},"excerpt":{"rendered":"<p>&nbsp; Des del Programa Internet Segura de l\u2019Ag\u00e8ncia de Ciberseguretat de Catalunya us informem que el 9 de febrer de [&hellip;]<\/p>\n","protected":false},"author":1,"featured_media":11877,"comment_status":"closed","ping_status":"closed","sticky":false,"template":"","format":"standard","meta":{"_bbp_topic_count":0,"_bbp_reply_count":0,"_bbp_total_topic_count":0,"_bbp_total_reply_count":0,"_bbp_voice_count":0,"_bbp_anonymous_reply_count":0,"_bbp_topic_count_hidden":0,"_bbp_reply_count_hidden":0,"_bbp_forum_subforum_count":0,"site-sidebar-layout":"default","site-content-layout":"","ast-site-content-layout":"","site-content-style":"default","site-sidebar-style":"default","ast-global-header-display":"","ast-banner-title-visibility":"","ast-main-header-display":"","ast-hfb-above-header-display":"","ast-hfb-below-header-display":"","ast-hfb-mobile-header-display":"","site-post-title":"","ast-breadcrumbs-content":"","ast-featured-img":"","footer-sml-layout":"","theme-transparent-header-meta":"","adv-header-id-meta":"","stick-header-meta":"","header-above-stick-meta":"","header-main-stick-meta":"","header-below-stick-meta":"","astra-migrate-meta-layouts":"default","ast-page-background-enabled":"default","ast-page-background-meta":{"desktop":{"background-color":"var(--ast-global-color-4)","background-image":"","background-repeat":"repeat","background-position":"center center","background-size":"auto","background-attachment":"scroll","background-type":"","background-media":"","overlay-type":"","overlay-color":"","overlay-opacity":"","overlay-gradient":""},"tablet":{"background-color":"","background-image":"","background-repeat":"repeat","background-position":"center center","background-size":"auto","background-attachment":"scroll","background-type":"","background-media":"","overlay-type":"","overlay-color":"","overlay-opacity":"","overlay-gradient":""},"mobile":{"background-color":"","background-image":"","background-repeat":"repeat","background-position":"center center","background-size":"auto","background-attachment":"scroll","background-type":"","background-media":"","overlay-type":"","overlay-color":"","overlay-opacity":"","overlay-gradient":""}},"ast-content-background-meta":{"desktop":{"background-color":"var(--ast-global-color-5)","background-image":"","background-repeat":"repeat","background-position":"center center","background-size":"auto","background-attachment":"scroll","background-type":"","background-media":"","overlay-type":"","overlay-color":"","overlay-opacity":"","overlay-gradient":""},"tablet":{"background-color":"var(--ast-global-color-5)","background-image":"","background-repeat":"repeat","background-position":"center center","background-size":"auto","background-attachment":"scroll","background-type":"","background-media":"","overlay-type":"","overlay-color":"","overlay-opacity":"","overlay-gradient":""},"mobile":{"background-color":"var(--ast-global-color-5)","background-image":"","background-repeat":"repeat","background-position":"center center","background-size":"auto","background-attachment":"scroll","background-type":"","background-media":"","overlay-type":"","overlay-color":"","overlay-opacity":"","overlay-gradient":""}},"footnotes":""},"categories":[1,29,332],"tags":[],"class_list":["post-11875","post","type-post","status-publish","format-standard","has-post-thumbnail","hentry","category-general","category-portada","category-recursos-digitals"],"post_mailing_queue_ids":[],"_links":{"self":[{"href":"https:\/\/serveiseducatius.xtec.cat\/vallesoccidental6\/wp-json\/wp\/v2\/posts\/11875","targetHints":{"allow":["GET"]}}],"collection":[{"href":"https:\/\/serveiseducatius.xtec.cat\/vallesoccidental6\/wp-json\/wp\/v2\/posts"}],"about":[{"href":"https:\/\/serveiseducatius.xtec.cat\/vallesoccidental6\/wp-json\/wp\/v2\/types\/post"}],"author":[{"embeddable":true,"href":"https:\/\/serveiseducatius.xtec.cat\/vallesoccidental6\/wp-json\/wp\/v2\/users\/1"}],"replies":[{"embeddable":true,"href":"https:\/\/serveiseducatius.xtec.cat\/vallesoccidental6\/wp-json\/wp\/v2\/comments?post=11875"}],"version-history":[{"count":2,"href":"https:\/\/serveiseducatius.xtec.cat\/vallesoccidental6\/wp-json\/wp\/v2\/posts\/11875\/revisions"}],"predecessor-version":[{"id":11889,"href":"https:\/\/serveiseducatius.xtec.cat\/vallesoccidental6\/wp-json\/wp\/v2\/posts\/11875\/revisions\/11889"}],"wp:featuredmedia":[{"embeddable":true,"href":"https:\/\/serveiseducatius.xtec.cat\/vallesoccidental6\/wp-json\/wp\/v2\/media\/11877"}],"wp:attachment":[{"href":"https:\/\/serveiseducatius.xtec.cat\/vallesoccidental6\/wp-json\/wp\/v2\/media?parent=11875"}],"wp:term":[{"taxonomy":"category","embeddable":true,"href":"https:\/\/serveiseducatius.xtec.cat\/vallesoccidental6\/wp-json\/wp\/v2\/categories?post=11875"},{"taxonomy":"post_tag","embeddable":true,"href":"https:\/\/serveiseducatius.xtec.cat\/vallesoccidental6\/wp-json\/wp\/v2\/tags?post=11875"}],"curies":[{"name":"wp","href":"https:\/\/api.w.org\/{rel}","templated":true}]}}