{"id":9683,"date":"2017-10-21T22:40:30","date_gmt":"2017-10-21T20:40:30","guid":{"rendered":"http:\/\/serveiseducatius.xtec.cat\/vallesoccidental5\/?p=9683"},"modified":"2018-01-23T12:48:14","modified_gmt":"2018-01-23T11:48:14","slug":"decret-de-latencio-educativa-a-lalumnat-en-el-marc-dun-sistema-educatiu-inclusiu","status":"publish","type":"post","link":"https:\/\/serveiseducatius.xtec.cat\/vallesoccidental5\/general\/decret-de-latencio-educativa-a-lalumnat-en-el-marc-dun-sistema-educatiu-inclusiu\/","title":{"rendered":"DECRET de l\u2019atenci\u00f3 educativa a l\u2019alumnat en el marc d\u2019un sistema educatiu inclusiu"},"content":{"rendered":"<p>El 20 d&#8217;octubre es va publicar\u00a0al Diari Oficial de la Generalitat de Catalunya (DOCG) el\u00a0<em><a href=\"http:\/\/portaldogc.gencat.cat\/utilsEADOP\/PDF\/7477\/1639866.pdf\" target=\"_blank\" rel=\"noopener noreferrer\"><strong>Decret de l\u2019atenci\u00f3 educativa a l\u2019alumnat en el marc d\u2019un sistema educatiu<\/strong> <strong>inclusiu<\/strong><\/a><strong>.<\/strong>\u00a0<\/em>Aquest Decret \u00e9s el resultat d\u2019un intens proc\u00e9s de di\u00e0leg, complicitat i consens per millorar la qualitat de l\u2019educaci\u00f3.\u00a0 \u00c9s un\u00a0pas endavant per l\u2019educaci\u00f3 del pa\u00eds, amb la voluntat d\u2019avan\u00e7ar en la fita d\u2019<strong>una escola per a tothom, amb un projecte per a cadasc\u00fa<\/strong>. Aquesta publicaci\u00f3 \u00e9s el tret de sortida per al segon repte, i m\u00e9s important: <strong>ser capa\u00e7os de portar al cor de l\u2019aula cada actuaci\u00f3 que recull el Decret<\/strong> i desplegar-ne de manera efectiva cada article per aconseguir que els infants i joves d\u2019aquest pa\u00eds formin part d\u2019una societat que afavoreixi el desenvolupament personal, professional i social de tothom al llarg de la vida.<\/p>\n","protected":false},"excerpt":{"rendered":"<p>El 20 d&#8217;octubre es va publicar\u00a0al Diari Oficial de la Generalitat de Catalunya (DOCG) el\u00a0Decret de l\u2019atenci\u00f3 educativa a l\u2019alumnat en el marc d\u2019un sistema educatiu inclusiu.\u00a0Aquest Decret \u00e9s el resultat d\u2019un intens proc\u00e9s de di\u00e0leg, complicitat i consens per millorar la qualitat de l\u2019educaci\u00f3.\u00a0 \u00c9s un\u00a0pas endavant per l\u2019educaci\u00f3 del pa\u00eds, amb la voluntat [&hellip;]<\/p>\n","protected":false},"author":1,"featured_media":0,"comment_status":"open","ping_status":"closed","sticky":false,"template":"","format":"standard","meta":{"_bbp_topic_count":0,"_bbp_reply_count":0,"_bbp_total_topic_count":0,"_bbp_total_reply_count":0,"_bbp_voice_count":0,"_bbp_anonymous_reply_count":0,"_bbp_topic_count_hidden":0,"_bbp_reply_count_hidden":0,"_bbp_forum_subforum_count":0,"site-sidebar-layout":"default","site-content-layout":"","ast-site-content-layout":"","site-content-style":"default","site-sidebar-style":"default","ast-global-header-display":"","ast-banner-title-visibility":"","ast-main-header-display":"","ast-hfb-above-header-display":"","ast-hfb-below-header-display":"","ast-hfb-mobile-header-display":"","site-post-title":"","ast-breadcrumbs-content":"","ast-featured-img":"","footer-sml-layout":"","theme-transparent-header-meta":"","adv-header-id-meta":"","stick-header-meta":"","header-above-stick-meta":"","header-main-stick-meta":"","header-below-stick-meta":"","astra-migrate-meta-layouts":"default","ast-page-background-enabled":"default","ast-page-background-meta":{"desktop":{"background-color":"var(--ast-global-color-4)","background-image":"","background-repeat":"repeat","background-position":"center center","background-size":"auto","background-attachment":"scroll","background-type":"","background-media":"","overlay-type":"","overlay-color":"","overlay-opacity":"","overlay-gradient":""},"tablet":{"background-color":"","background-image":"","background-repeat":"repeat","background-position":"center center","background-size":"auto","background-attachment":"scroll","background-type":"","background-media":"","overlay-type":"","overlay-color":"","overlay-opacity":"","overlay-gradient":""},"mobile":{"background-color":"","background-image":"","background-repeat":"repeat","background-position":"center center","background-size":"auto","background-attachment":"scroll","background-type":"","background-media":"","overlay-type":"","overlay-color":"","overlay-opacity":"","overlay-gradient":""}},"ast-content-background-meta":{"desktop":{"background-color":"var(--ast-global-color-5)","background-image":"","background-repeat":"repeat","background-position":"center center","background-size":"auto","background-attachment":"scroll","background-type":"","background-media":"","overlay-type":"","overlay-color":"","overlay-opacity":"","overlay-gradient":""},"tablet":{"background-color":"var(--ast-global-color-5)","background-image":"","background-repeat":"repeat","background-position":"center center","background-size":"auto","background-attachment":"scroll","background-type":"","background-media":"","overlay-type":"","overlay-color":"","overlay-opacity":"","overlay-gradient":""},"mobile":{"background-color":"var(--ast-global-color-5)","background-image":"","background-repeat":"repeat","background-position":"center center","background-size":"auto","background-attachment":"scroll","background-type":"","background-media":"","overlay-type":"","overlay-color":"","overlay-opacity":"","overlay-gradient":""}},"footnotes":""},"categories":[65,491,1,29],"tags":[],"class_list":["post-9683","post","type-post","status-publish","format-standard","hentry","category-crp","category-diversitat","category-general","category-portada"],"post_mailing_queue_ids":[],"_links":{"self":[{"href":"https:\/\/serveiseducatius.xtec.cat\/vallesoccidental5\/wp-json\/wp\/v2\/posts\/9683","targetHints":{"allow":["GET"]}}],"collection":[{"href":"https:\/\/serveiseducatius.xtec.cat\/vallesoccidental5\/wp-json\/wp\/v2\/posts"}],"about":[{"href":"https:\/\/serveiseducatius.xtec.cat\/vallesoccidental5\/wp-json\/wp\/v2\/types\/post"}],"author":[{"embeddable":true,"href":"https:\/\/serveiseducatius.xtec.cat\/vallesoccidental5\/wp-json\/wp\/v2\/users\/1"}],"replies":[{"embeddable":true,"href":"https:\/\/serveiseducatius.xtec.cat\/vallesoccidental5\/wp-json\/wp\/v2\/comments?post=9683"}],"version-history":[{"count":2,"href":"https:\/\/serveiseducatius.xtec.cat\/vallesoccidental5\/wp-json\/wp\/v2\/posts\/9683\/revisions"}],"predecessor-version":[{"id":10027,"href":"https:\/\/serveiseducatius.xtec.cat\/vallesoccidental5\/wp-json\/wp\/v2\/posts\/9683\/revisions\/10027"}],"wp:attachment":[{"href":"https:\/\/serveiseducatius.xtec.cat\/vallesoccidental5\/wp-json\/wp\/v2\/media?parent=9683"}],"wp:term":[{"taxonomy":"category","embeddable":true,"href":"https:\/\/serveiseducatius.xtec.cat\/vallesoccidental5\/wp-json\/wp\/v2\/categories?post=9683"},{"taxonomy":"post_tag","embeddable":true,"href":"https:\/\/serveiseducatius.xtec.cat\/vallesoccidental5\/wp-json\/wp\/v2\/tags?post=9683"}],"curies":[{"name":"wp","href":"https:\/\/api.w.org\/{rel}","templated":true}]}}