{"id":9022,"date":"2017-04-17T13:15:15","date_gmt":"2017-04-17T11:15:15","guid":{"rendered":"http:\/\/serveiseducatius.xtec.cat\/vallesoccidental5\/?p=9022"},"modified":"2018-01-30T23:38:16","modified_gmt":"2018-01-30T22:38:16","slug":"la-coeducacio-i-la-gestio-de-la-diversitat-a-les-aules","status":"publish","type":"post","link":"https:\/\/serveiseducatius.xtec.cat\/vallesoccidental5\/recursos\/coeducaciono-violencia\/la-coeducacio-i-la-gestio-de-la-diversitat-a-les-aules\/","title":{"rendered":"La coeducaci\u00f3 i la gesti\u00f3 de la diversitat a les aules"},"content":{"rendered":"<div><strong><a href=\"http:\/\/www.filalagulla.org\/wp-content\/uploads\/2013\/12\/Fil-a-lagulla-coeducacio-i-diversitat.pdf\" target=\"_blank\">\u2018La coeducaci\u00f3 i la gesti\u00f3 de la diversitat a les aules\u2019<\/a><\/strong> \u00e9s una <strong>guia\u00a0adre\u00e7ada a professorat de prim\u00e0ria i secund\u00e0ria <\/strong>que ha elaborat <a href=\"http:\/\/www.filalagulla.org\/\" target=\"_blank\">Fil a l&#8217;agulla<\/a> amb\u00a0<a href=\"http:\/\/www.educo.org\/\" target=\"_blank\">Educaci\u00f3 sense fronteres<\/a> i amb el suport de l\u2019Ag\u00e8ncia Espanyola de Cooperaci\u00f3 Internacional per al Desenvolupament (<a href=\"http:\/\/www.aecid.es\/ES\/sectores-de-cooperaci%C3%B3n\/educaci%C3%B3n\" target=\"_blank\">AECID<\/a>), amb l\u2019objectiu d\u2019aproximar les professionals de l\u2019educaci\u00f3 a comprendre m\u00e9s<strong>\u00a0les din\u00e0miques de\u00a0discriminaci\u00f3,\u00a0<\/strong>en general, i, amb especial atenci\u00f3, la discriminaci\u00f3 derivada del <strong>sistema sexe-g\u00e8nere<\/strong>.<\/div>\n<div><\/div>\n<div>Al\u00a0mateix temps, proposen algunes <strong>eines i reflexions \u00fatils<\/strong> per facilitar i convertir moments\u00a0de dany potencial en oportunitats per cr\u00e9ixer i <strong>construir comunitats profundament democr\u00e0tiques<\/strong>.<\/div>\n<div><\/div>\n<div><\/div>\n<div>Als\u00a0\u00faltims cap\u00edtols de la guia, tamb\u00e9 trobareu <strong>accions concretes per educar amb perspectiva\u00a0de g\u00e8nere<\/strong>.<\/div>\n<div><\/div>\n<div><\/div>\n<div>L&#8217;actitud de <strong>benvinguda a la diversitat, una mirada respectuosa cap a la inf\u00e0ncia i la gent jove,\u00a0a la vegada que gestos i pol\u00edtiques concretes de coeducaci\u00f3 dins del centre escolar<\/strong>, ens sembla la f\u00f3rmula clau per transformar l\u2019escola de manera que respongui als reptes que t\u00e9 de cara.<\/div>\n<div><\/div>\n<div><\/div>\n<div>Esperem que l\u2019aprofiteu! Us la podeu<a href=\"http:\/\/www.filalagulla.org\/wp-content\/uploads\/2013\/12\/Fil-a-lagulla-coeducacio-i-diversitat.pdf\" target=\"_blank\"> descarregar<\/a> i tamb\u00e9 podeu escriure a <strong>sara@filalagulla.org<\/strong> si en voleu un <strong>exemplar per al vostre centre o si teniu qualsevol consulta<\/strong> sobre la guia o la nostra activitat als centres educatius per implantar <strong>coeducaci\u00f3 efectiva i integral<\/strong> -m\u00e9s enll\u00e0 de tenir nens i nenes junts a l\u2019aula! ;)-.<\/div>\n","protected":false},"excerpt":{"rendered":"<p>\u2018La coeducaci\u00f3 i la gesti\u00f3 de la diversitat a les aules\u2019 \u00e9s una guia adre\u00e7ada a professorat de prim\u00e0ria i secund\u00e0ria que ha elaborat Fil a l&#8217;agulla amb Educaci\u00f3 sense fronteres i amb el suport de l\u2019Ag\u00e8ncia Espanyola de Cooperaci\u00f3 Internacional per al Desenvolupament (AECID).<\/p>\n","protected":false},"author":1,"featured_media":9023,"comment_status":"open","ping_status":"open","sticky":false,"template":"","format":"standard","meta":{"_bbp_topic_count":0,"_bbp_reply_count":0,"_bbp_total_topic_count":0,"_bbp_total_reply_count":0,"_bbp_voice_count":0,"_bbp_anonymous_reply_count":0,"_bbp_topic_count_hidden":0,"_bbp_reply_count_hidden":0,"_bbp_forum_subforum_count":0,"site-sidebar-layout":"default","site-content-layout":"","ast-site-content-layout":"","site-content-style":"default","site-sidebar-style":"default","ast-global-header-display":"","ast-banner-title-visibility":"","ast-main-header-display":"","ast-hfb-above-header-display":"","ast-hfb-below-header-display":"","ast-hfb-mobile-header-display":"","site-post-title":"","ast-breadcrumbs-content":"","ast-featured-img":"","footer-sml-layout":"","theme-transparent-header-meta":"","adv-header-id-meta":"","stick-header-meta":"","header-above-stick-meta":"","header-main-stick-meta":"","header-below-stick-meta":"","astra-migrate-meta-layouts":"default","ast-page-background-enabled":"default","ast-page-background-meta":{"desktop":{"background-color":"var(--ast-global-color-4)","background-image":"","background-repeat":"repeat","background-position":"center center","background-size":"auto","background-attachment":"scroll","background-type":"","background-media":"","overlay-type":"","overlay-color":"","overlay-opacity":"","overlay-gradient":""},"tablet":{"background-color":"","background-image":"","background-repeat":"repeat","background-position":"center center","background-size":"auto","background-attachment":"scroll","background-type":"","background-media":"","overlay-type":"","overlay-color":"","overlay-opacity":"","overlay-gradient":""},"mobile":{"background-color":"","background-image":"","background-repeat":"repeat","background-position":"center center","background-size":"auto","background-attachment":"scroll","background-type":"","background-media":"","overlay-type":"","overlay-color":"","overlay-opacity":"","overlay-gradient":""}},"ast-content-background-meta":{"desktop":{"background-color":"var(--ast-global-color-5)","background-image":"","background-repeat":"repeat","background-position":"center center","background-size":"auto","background-attachment":"scroll","background-type":"","background-media":"","overlay-type":"","overlay-color":"","overlay-opacity":"","overlay-gradient":""},"tablet":{"background-color":"var(--ast-global-color-5)","background-image":"","background-repeat":"repeat","background-position":"center center","background-size":"auto","background-attachment":"scroll","background-type":"","background-media":"","overlay-type":"","overlay-color":"","overlay-opacity":"","overlay-gradient":""},"mobile":{"background-color":"var(--ast-global-color-5)","background-image":"","background-repeat":"repeat","background-position":"center center","background-size":"auto","background-attachment":"scroll","background-type":"","background-media":"","overlay-type":"","overlay-color":"","overlay-opacity":"","overlay-gradient":""}},"footnotes":""},"categories":[490],"tags":[516],"class_list":["post-9022","post","type-post","status-publish","format-standard","has-post-thumbnail","hentry","category-coeducaciono-violencia","tag-diversitat"],"post_mailing_queue_ids":[],"_links":{"self":[{"href":"https:\/\/serveiseducatius.xtec.cat\/vallesoccidental5\/wp-json\/wp\/v2\/posts\/9022","targetHints":{"allow":["GET"]}}],"collection":[{"href":"https:\/\/serveiseducatius.xtec.cat\/vallesoccidental5\/wp-json\/wp\/v2\/posts"}],"about":[{"href":"https:\/\/serveiseducatius.xtec.cat\/vallesoccidental5\/wp-json\/wp\/v2\/types\/post"}],"author":[{"embeddable":true,"href":"https:\/\/serveiseducatius.xtec.cat\/vallesoccidental5\/wp-json\/wp\/v2\/users\/1"}],"replies":[{"embeddable":true,"href":"https:\/\/serveiseducatius.xtec.cat\/vallesoccidental5\/wp-json\/wp\/v2\/comments?post=9022"}],"version-history":[{"count":1,"href":"https:\/\/serveiseducatius.xtec.cat\/vallesoccidental5\/wp-json\/wp\/v2\/posts\/9022\/revisions"}],"predecessor-version":[{"id":9024,"href":"https:\/\/serveiseducatius.xtec.cat\/vallesoccidental5\/wp-json\/wp\/v2\/posts\/9022\/revisions\/9024"}],"wp:featuredmedia":[{"embeddable":true,"href":"https:\/\/serveiseducatius.xtec.cat\/vallesoccidental5\/wp-json\/wp\/v2\/media\/9023"}],"wp:attachment":[{"href":"https:\/\/serveiseducatius.xtec.cat\/vallesoccidental5\/wp-json\/wp\/v2\/media?parent=9022"}],"wp:term":[{"taxonomy":"category","embeddable":true,"href":"https:\/\/serveiseducatius.xtec.cat\/vallesoccidental5\/wp-json\/wp\/v2\/categories?post=9022"},{"taxonomy":"post_tag","embeddable":true,"href":"https:\/\/serveiseducatius.xtec.cat\/vallesoccidental5\/wp-json\/wp\/v2\/tags?post=9022"}],"curies":[{"name":"wp","href":"https:\/\/api.w.org\/{rel}","templated":true}]}}