{"id":8712,"date":"2017-02-19T21:57:03","date_gmt":"2017-02-19T20:57:03","guid":{"rendered":"http:\/\/serveiseducatius.xtec.cat\/vallesoccidental5\/?p=8712"},"modified":"2017-04-14T22:26:59","modified_gmt":"2017-04-14T20:26:59","slug":"escola-carles-buigas-kilometres-de-solidaritat","status":"publish","type":"post","link":"https:\/\/serveiseducatius.xtec.cat\/vallesoccidental5\/general\/escola-carles-buigas-kilometres-de-solidaritat\/","title":{"rendered":"Escola Carles Buigas-Kil\u00f2metres de solidaritat"},"content":{"rendered":"<p>L&#8217;alumnat de l&#8217;escola Carles Buigas realitza diferents activitats durant diverses setmanes amb l&#8217;objectiu de con\u00e8ixer millor la situaci\u00f3 de milions de nenes i nens dels pa\u00efsos m\u00e9s desfavorits del planeta. Una d&#8217;elles, la cursa &#8220;kil\u00f2metres de solidaritat&#8221;, realitzada el dimecres 22 de febrer \u00a0al camp \u00a0municipal de futbol de Les Fontetes,<\/p>\n<p>Els diners recaptats a la cursa es donaran a l\u2019ONG &#8220;<a href=\"https:\/\/www.savethechildren.es\/\">Save the Children<\/a>&#8221;\u00a0per tal que els infants de pa\u00efsos com Eti\u00f2pia, N\u00edger, Burkina Faso tinguin aigua potable perqu\u00e8 assegurant l&#8217;acc\u00e9s a l&#8217;aigua s&#8217;assegura la superviv\u00e8ncia infantil. L&#8217;ONG destaca que gaireb\u00e9 tres quartes parts del planeta s\u00f3n aigua, element essencial per a la vida, &#8220;per\u00f2 tot i aix\u00f2 accedir a l&#8217;aigua potable per a moltes persones del planeta \u00e9s un repte dif\u00edcil d&#8217;aconseguir&#8221;.<\/p>\n<p>La falta d&#8217;aigua \u00e9s un dels m\u00e9s greus problemes mundials<\/p>\n<p style=\"text-align: center;\"><iframe loading=\"lazy\" src=\"\/\/player.vimeo.com\/video\/205357239?title=0&amp;amp;byline=0\" width=\"320\" height=\"240\" frameborder=\"0\" allowfullscreen=\"allowfullscreen\"><\/iframe><\/p>\n<p style=\"text-align: center;\"><iframe loading=\"lazy\" src=\"\/\/player.vimeo.com\/video\/205363761?title=0&amp;amp;byline=0\" width=\"320\" height=\"240\" frameborder=\"0\" allowfullscreen=\"allowfullscreen\"><\/iframe><\/p>\n<p style=\"text-align: center;\">\n","protected":false},"excerpt":{"rendered":"<p>L\u2019escola Carles Bu\u00efgas va participar en el projecte \u201cKil\u00f3metros de Solidaridad&#8221; al Camp Municipal de futbol de Les Fontetes el 22 de febrer, amb l&#8217;objectiu de recaptar fons per fer arribar aigua potable a infants africans.<\/p>\n","protected":false},"author":1,"featured_media":8745,"comment_status":"open","ping_status":"open","sticky":false,"template":"","format":"standard","meta":{"_bbp_topic_count":0,"_bbp_reply_count":0,"_bbp_total_topic_count":0,"_bbp_total_reply_count":0,"_bbp_voice_count":0,"_bbp_anonymous_reply_count":0,"_bbp_topic_count_hidden":0,"_bbp_reply_count_hidden":0,"_bbp_forum_subforum_count":0,"site-sidebar-layout":"default","site-content-layout":"","ast-site-content-layout":"","site-content-style":"default","site-sidebar-style":"default","ast-global-header-display":"","ast-banner-title-visibility":"","ast-main-header-display":"","ast-hfb-above-header-display":"","ast-hfb-below-header-display":"","ast-hfb-mobile-header-display":"","site-post-title":"","ast-breadcrumbs-content":"","ast-featured-img":"","footer-sml-layout":"","theme-transparent-header-meta":"","adv-header-id-meta":"","stick-header-meta":"","header-above-stick-meta":"","header-main-stick-meta":"","header-below-stick-meta":"","astra-migrate-meta-layouts":"default","ast-page-background-enabled":"default","ast-page-background-meta":{"desktop":{"background-color":"var(--ast-global-color-4)","background-image":"","background-repeat":"repeat","background-position":"center center","background-size":"auto","background-attachment":"scroll","background-type":"","background-media":"","overlay-type":"","overlay-color":"","overlay-opacity":"","overlay-gradient":""},"tablet":{"background-color":"","background-image":"","background-repeat":"repeat","background-position":"center center","background-size":"auto","background-attachment":"scroll","background-type":"","background-media":"","overlay-type":"","overlay-color":"","overlay-opacity":"","overlay-gradient":""},"mobile":{"background-color":"","background-image":"","background-repeat":"repeat","background-position":"center center","background-size":"auto","background-attachment":"scroll","background-type":"","background-media":"","overlay-type":"","overlay-color":"","overlay-opacity":"","overlay-gradient":""}},"ast-content-background-meta":{"desktop":{"background-color":"var(--ast-global-color-5)","background-image":"","background-repeat":"repeat","background-position":"center center","background-size":"auto","background-attachment":"scroll","background-type":"","background-media":"","overlay-type":"","overlay-color":"","overlay-opacity":"","overlay-gradient":""},"tablet":{"background-color":"var(--ast-global-color-5)","background-image":"","background-repeat":"repeat","background-position":"center center","background-size":"auto","background-attachment":"scroll","background-type":"","background-media":"","overlay-type":"","overlay-color":"","overlay-opacity":"","overlay-gradient":""},"mobile":{"background-color":"var(--ast-global-color-5)","background-image":"","background-repeat":"repeat","background-position":"center center","background-size":"auto","background-attachment":"scroll","background-type":"","background-media":"","overlay-type":"","overlay-color":"","overlay-opacity":"","overlay-gradient":""}},"footnotes":""},"categories":[511,1,29],"tags":[465,464,463,466],"class_list":["post-8712","post","type-post","status-publish","format-standard","has-post-thumbnail","hentry","category-bones-practiques","category-general","category-portada","tag-carles-buigas","tag-cursa","tag-kilometres-solidaritat","tag-save-the-children"],"post_mailing_queue_ids":[],"_links":{"self":[{"href":"https:\/\/serveiseducatius.xtec.cat\/vallesoccidental5\/wp-json\/wp\/v2\/posts\/8712","targetHints":{"allow":["GET"]}}],"collection":[{"href":"https:\/\/serveiseducatius.xtec.cat\/vallesoccidental5\/wp-json\/wp\/v2\/posts"}],"about":[{"href":"https:\/\/serveiseducatius.xtec.cat\/vallesoccidental5\/wp-json\/wp\/v2\/types\/post"}],"author":[{"embeddable":true,"href":"https:\/\/serveiseducatius.xtec.cat\/vallesoccidental5\/wp-json\/wp\/v2\/users\/1"}],"replies":[{"embeddable":true,"href":"https:\/\/serveiseducatius.xtec.cat\/vallesoccidental5\/wp-json\/wp\/v2\/comments?post=8712"}],"version-history":[{"count":3,"href":"https:\/\/serveiseducatius.xtec.cat\/vallesoccidental5\/wp-json\/wp\/v2\/posts\/8712\/revisions"}],"predecessor-version":[{"id":8750,"href":"https:\/\/serveiseducatius.xtec.cat\/vallesoccidental5\/wp-json\/wp\/v2\/posts\/8712\/revisions\/8750"}],"wp:featuredmedia":[{"embeddable":true,"href":"https:\/\/serveiseducatius.xtec.cat\/vallesoccidental5\/wp-json\/wp\/v2\/media\/8745"}],"wp:attachment":[{"href":"https:\/\/serveiseducatius.xtec.cat\/vallesoccidental5\/wp-json\/wp\/v2\/media?parent=8712"}],"wp:term":[{"taxonomy":"category","embeddable":true,"href":"https:\/\/serveiseducatius.xtec.cat\/vallesoccidental5\/wp-json\/wp\/v2\/categories?post=8712"},{"taxonomy":"post_tag","embeddable":true,"href":"https:\/\/serveiseducatius.xtec.cat\/vallesoccidental5\/wp-json\/wp\/v2\/tags?post=8712"}],"curies":[{"name":"wp","href":"https:\/\/api.w.org\/{rel}","templated":true}]}}