{"id":8576,"date":"2017-02-07T14:00:58","date_gmt":"2017-02-07T13:00:58","guid":{"rendered":"http:\/\/serveiseducatius.xtec.cat\/vallesoccidental5\/?p=8576"},"modified":"2017-05-15T13:32:40","modified_gmt":"2017-05-15T11:32:40","slug":"ix-jornada-de-programacio-i-robotica-educatives","status":"publish","type":"post","link":"https:\/\/serveiseducatius.xtec.cat\/vallesoccidental5\/general\/ix-jornada-de-programacio-i-robotica-educatives\/","title":{"rendered":"IX Jornada de Programaci\u00f3 i Rob\u00f2tica educatives &#8211; propostes fins el 19 de mar\u00e7"},"content":{"rendered":"<p>El dia <strong>20 de maig de 2017<\/strong> se celebrar\u00e0 la novena edici\u00f3 de la <strong>Jornada Programa<\/strong>, dedicada a l\u2019intercanvi d\u2019experi\u00e8ncies did\u00e0ctiques on s\u2019empren entorns de programaci\u00f3 i de rob\u00f2tica educativa.<\/p>\n<p>Aquesta trobada est\u00e0 especialment adre\u00e7ada als docents de\u00a0prim\u00e0ria i de secund\u00e0ria interessats en l\u2019\u00fas de la programaci\u00f3 i la rob\u00f2tica en els seus entorns d\u2019aula, per\u00f2 tamb\u00e9 est\u00e0 oberta a altres professionals interessats en la tem\u00e0tica. Tanmateix, des de fa dos anys, tamb\u00e9 participen alumnes, acompanyats pels seus professors, en la mostra de treballs realitzats per l\u2019alumnat.<\/p>\n<p>La Jornada de programaci\u00f3 i rob\u00f2tica educatives es duu a terme, des de la seva primera edici\u00f3, emmarcada dins del Dia Internacional d\u2019Internet, el <a href=\"http:\/\/day.scratch.mit.edu\/\" target=\"_blank\">Dia Internacional de l\u2019Scratch<\/a> i, darrerament, la <a href=\"http:\/\/codeweek.eu\/\" target=\"_blank\">Europe Code Week<\/a>.<\/p>\n<p><a href=\"http:\/\/blocs.xtec.cat\/jornadaprograma\/\"><img loading=\"lazy\" decoding=\"async\" class=\"size-full wp-image-8577 aligncenter\" src=\"http:\/\/serveiseducatius.xtec.cat\/vallesoccidental5\/wp-content\/uploads\/usu1111\/2017\/01\/IXJornadaPiREd.png\" alt=\"ixjornadapired\" width=\"350\" height=\"90\" srcset=\"https:\/\/serveiseducatius.xtec.cat\/vallesoccidental5\/wp-content\/uploads\/usu1111\/2017\/01\/IXJornadaPiREd.png 350w, https:\/\/serveiseducatius.xtec.cat\/vallesoccidental5\/wp-content\/uploads\/usu1111\/2017\/01\/IXJornadaPiREd-300x77.png 300w\" sizes=\"auto, (max-width: 350px) 100vw, 350px\" \/><\/a><\/p>\n<p dir=\"ltr\">L\u2019horari ser\u00e0 de 9.00 h a 19.00 h.<\/p>\n<p dir=\"ltr\"><strong>Us animem a presentar les vostres propostes !!! teniu de\u00a0temps fins al 19 de mar\u00e7 de 2017 emplenant el formulari de la pagina de la Jornada.<\/strong><\/p>\n<p dir=\"ltr\">Les formes de participaci\u00f3 s\u00f3n:<\/p>\n<ul>\n<li dir=\"ltr\">\n<p dir=\"ltr\">Pon\u00e8ncia d\u2019experi\u00e8ncia educativa.<\/p>\n<\/li>\n<li dir=\"ltr\">\n<p dir=\"ltr\">P\u00f2ster \/ Fira de projectes o treballs realitzats per l\u2019alumnat.<\/p>\n<\/li>\n<li dir=\"ltr\">\n<p dir=\"ltr\">Impartici\u00f3 d\u2019un taller de formaci\u00f3.<\/p>\n<\/li>\n<\/ul>\n<p>Les pon\u00e8ncies poden ser individuals o col\u00b7lectives i es disposar\u00e0 d\u2019un m\u00e0xim de 20 minuts per a l\u2019exposici\u00f3.<\/p>\n<p>La participaci\u00f3 a la fira pot consistir a presentar alguna aplicaci\u00f3, algun giny f\u00edsic programat, alguna activitat, etc. El professorat del centre s\u2019haur\u00e0 de fer responsable, en tot moment, de l\u2019acompanyament de l\u2019alumnat.<\/p>\n<p>P\u00f2ster, els participants que decideixen fer aquest tipus de participaci\u00f3 hauran d&#8217;aportar un p\u00f2ster de mida DINA0 o DINA1, on s&#8217;explica de forma gr\u00e0fica l&#8217;experi\u00e8ncia.<\/p>\n<p>Els tallers seran a la tarda i tindran una durada d\u2019hora i mitja. Si requereixen d\u2019algun equipament espec\u00edfic (robot, kit, plaques programables&#8230;) hauran de portar-lo els organitzadors del taller. Tingueu en compte que un taller implica la participaci\u00f3 activa dels participants.<\/p>\n<p>&nbsp;<\/p>\n<p dir=\"ltr\">\n","protected":false},"excerpt":{"rendered":"<p>El dia 20 de maig de 2017 se celebrar\u00e0 la novena edici\u00f3 de la Jornada Programa, dedicada a l\u2019intercanvi d\u2019experi\u00e8ncies did\u00e0ctiques on s\u2019empren entorns de programaci\u00f3 i de rob\u00f2tica educativa.<\/p>\n","protected":false},"author":1,"featured_media":8577,"comment_status":"open","ping_status":"open","sticky":false,"template":"","format":"standard","meta":{"_bbp_topic_count":0,"_bbp_reply_count":0,"_bbp_total_topic_count":0,"_bbp_total_reply_count":0,"_bbp_voice_count":0,"_bbp_anonymous_reply_count":0,"_bbp_topic_count_hidden":0,"_bbp_reply_count_hidden":0,"_bbp_forum_subforum_count":0,"site-sidebar-layout":"default","site-content-layout":"","ast-site-content-layout":"","site-content-style":"default","site-sidebar-style":"default","ast-global-header-display":"","ast-banner-title-visibility":"","ast-main-header-display":"","ast-hfb-above-header-display":"","ast-hfb-below-header-display":"","ast-hfb-mobile-header-display":"","site-post-title":"","ast-breadcrumbs-content":"","ast-featured-img":"","footer-sml-layout":"","theme-transparent-header-meta":"","adv-header-id-meta":"","stick-header-meta":"","header-above-stick-meta":"","header-main-stick-meta":"","header-below-stick-meta":"","astra-migrate-meta-layouts":"default","ast-page-background-enabled":"default","ast-page-background-meta":{"desktop":{"background-color":"var(--ast-global-color-4)","background-image":"","background-repeat":"repeat","background-position":"center center","background-size":"auto","background-attachment":"scroll","background-type":"","background-media":"","overlay-type":"","overlay-color":"","overlay-opacity":"","overlay-gradient":""},"tablet":{"background-color":"","background-image":"","background-repeat":"repeat","background-position":"center center","background-size":"auto","background-attachment":"scroll","background-type":"","background-media":"","overlay-type":"","overlay-color":"","overlay-opacity":"","overlay-gradient":""},"mobile":{"background-color":"","background-image":"","background-repeat":"repeat","background-position":"center center","background-size":"auto","background-attachment":"scroll","background-type":"","background-media":"","overlay-type":"","overlay-color":"","overlay-opacity":"","overlay-gradient":""}},"ast-content-background-meta":{"desktop":{"background-color":"var(--ast-global-color-5)","background-image":"","background-repeat":"repeat","background-position":"center center","background-size":"auto","background-attachment":"scroll","background-type":"","background-media":"","overlay-type":"","overlay-color":"","overlay-opacity":"","overlay-gradient":""},"tablet":{"background-color":"var(--ast-global-color-5)","background-image":"","background-repeat":"repeat","background-position":"center center","background-size":"auto","background-attachment":"scroll","background-type":"","background-media":"","overlay-type":"","overlay-color":"","overlay-opacity":"","overlay-gradient":""},"mobile":{"background-color":"var(--ast-global-color-5)","background-image":"","background-repeat":"repeat","background-position":"center center","background-size":"auto","background-attachment":"scroll","background-type":"","background-media":"","overlay-type":"","overlay-color":"","overlay-opacity":"","overlay-gradient":""}},"footnotes":""},"categories":[65,1,549,78],"tags":[343,302,472,109,303],"class_list":["post-8576","post","type-post","status-publish","format-standard","has-post-thumbnail","hentry","category-crp","category-general","category-jornades","category-tac","tag-jornades","tag-programacio","tag-programacio-i-robotica","tag-robotica","tag-tecnologia"],"post_mailing_queue_ids":[],"_links":{"self":[{"href":"https:\/\/serveiseducatius.xtec.cat\/vallesoccidental5\/wp-json\/wp\/v2\/posts\/8576","targetHints":{"allow":["GET"]}}],"collection":[{"href":"https:\/\/serveiseducatius.xtec.cat\/vallesoccidental5\/wp-json\/wp\/v2\/posts"}],"about":[{"href":"https:\/\/serveiseducatius.xtec.cat\/vallesoccidental5\/wp-json\/wp\/v2\/types\/post"}],"author":[{"embeddable":true,"href":"https:\/\/serveiseducatius.xtec.cat\/vallesoccidental5\/wp-json\/wp\/v2\/users\/1"}],"replies":[{"embeddable":true,"href":"https:\/\/serveiseducatius.xtec.cat\/vallesoccidental5\/wp-json\/wp\/v2\/comments?post=8576"}],"version-history":[{"count":3,"href":"https:\/\/serveiseducatius.xtec.cat\/vallesoccidental5\/wp-json\/wp\/v2\/posts\/8576\/revisions"}],"predecessor-version":[{"id":8746,"href":"https:\/\/serveiseducatius.xtec.cat\/vallesoccidental5\/wp-json\/wp\/v2\/posts\/8576\/revisions\/8746"}],"wp:featuredmedia":[{"embeddable":true,"href":"https:\/\/serveiseducatius.xtec.cat\/vallesoccidental5\/wp-json\/wp\/v2\/media\/8577"}],"wp:attachment":[{"href":"https:\/\/serveiseducatius.xtec.cat\/vallesoccidental5\/wp-json\/wp\/v2\/media?parent=8576"}],"wp:term":[{"taxonomy":"category","embeddable":true,"href":"https:\/\/serveiseducatius.xtec.cat\/vallesoccidental5\/wp-json\/wp\/v2\/categories?post=8576"},{"taxonomy":"post_tag","embeddable":true,"href":"https:\/\/serveiseducatius.xtec.cat\/vallesoccidental5\/wp-json\/wp\/v2\/tags?post=8576"}],"curies":[{"name":"wp","href":"https:\/\/api.w.org\/{rel}","templated":true}]}}