{"id":8569,"date":"2017-02-06T23:10:29","date_gmt":"2017-02-06T22:10:29","guid":{"rendered":"http:\/\/serveiseducatius.xtec.cat\/vallesoccidental5\/?p=8569"},"modified":"2017-03-13T14:21:55","modified_gmt":"2017-03-13T13:21:55","slug":"iv-jornades-dinclusio-digital-presenteu-les-vostres-propostes","status":"publish","type":"post","link":"https:\/\/serveiseducatius.xtec.cat\/vallesoccidental5\/general\/iv-jornades-dinclusio-digital-presenteu-les-vostres-propostes\/","title":{"rendered":"VI Jornades d&#8217;Inclusi\u00f3 Digital, presenteu les vostres propostes! (fins el 12 de febrer)"},"content":{"rendered":"<p><strong>El proper 1 d\u2019abril a Barcelona, se celebrar\u00e0 la VI Jornada d\u2019Inclusi\u00f3 Digital, al F\u00f2rum de Barcelona i a l\u2019Institut Barri Bes\u00f2s. <\/strong>L\u2019objectiu \u00e9s reflexionar entorn de la Diversitat, la inclUsi\u00f3 i la implicAci\u00f3 del tots els alumnes amb el Disseny Universal per a l\u2019Aprenentatge (DUA) com a punt de partida i amb la tecnologia com a aliada.<\/p>\n<p>Compartirem debats i experi\u00e8ncies de centres on la tecnologia ofereix oportunitats per a tothom, on les propostes s\u2019ajusten als interessos i necessitats dels alumnes i en garanteixen, en gran mesura, de la pres\u00e8ncia, la participaci\u00f3 i l\u2019\u00e8xit educatiu.<\/p>\n<p><strong>Us animem a presentar les vostres propostes<\/strong> per a pon\u00e8ncies, experi\u00e8ncies a l\u2019aula, tallers,&#8230; teniu temps fins al 12 de febrer de 2017 emplenant el <a href=\"https:\/\/docs.google.com\/a\/xtec.cat\/forms\/d\/e\/1FAIpQLSfGbyHaRnz30M3iGI1luxvzYwqyN3DSYFghiL0C6wyy1m3Xew\/viewform\" target=\"_blank\" data-saferedirecturl=\"https:\/\/www.google.com\/url?hl=ca&amp;q=https:\/\/docs.google.com\/a\/xtec.cat\/forms\/d\/e\/1FAIpQLSfGbyHaRnz30M3iGI1luxvzYwqyN3DSYFghiL0C6wyy1m3Xew\/viewform&amp;source=gmail&amp;ust=1485517397125000&amp;usg=AFQjCNGEWStEZvbq1ZERD6nygeVPpsavVQ\">formulari<\/a> de la p\u00e0gina de la Jornada.<\/p>\n<p>Per m\u00e9s informaci\u00f3 i <strong>per inscriure\u2019s<\/strong><a href=\"http:\/\/blocs.xtec.cat\/jornadainclusiodigital\/\" target=\"_blank\" data-saferedirecturl=\"https:\/\/www.google.com\/url?hl=ca&amp;q=http:\/\/blocs.xtec.cat\/jornadainclusiodigital\/&amp;source=gmail&amp;ust=1485517397125000&amp;usg=AFQjCNF46BCbxBr5JUnCLxlbIY1_eCgLZA\">\u00a0\u00a0visiteu la p\u00e0gina de la Jornada<\/a>.<\/p>\n","protected":false},"excerpt":{"rendered":"<p>El proper 1 d\u2019abril a Barcelona, se celebrar\u00e0 la VI Jornada d\u2019Inclusi\u00f3 Digital, al F\u00f2rum de Barcelona i a l\u2019Institut Barri Bes\u00f2s. <\/p>\n<p>Us animem a presentar les vostres propostes per a pon\u00e8ncies, experi\u00e8ncies a l\u2019aula, tallers,&#8230; teniu temps fins al 12 de febrer de 2017 emplenant el formulari de la p\u00e0gina de la Jornada.<\/p>\n","protected":false},"author":1,"featured_media":8573,"comment_status":"open","ping_status":"open","sticky":false,"template":"","format":"standard","meta":{"_bbp_topic_count":0,"_bbp_reply_count":0,"_bbp_total_topic_count":0,"_bbp_total_reply_count":0,"_bbp_voice_count":0,"_bbp_anonymous_reply_count":0,"_bbp_topic_count_hidden":0,"_bbp_reply_count_hidden":0,"_bbp_forum_subforum_count":0,"site-sidebar-layout":"default","site-content-layout":"","ast-site-content-layout":"","site-content-style":"default","site-sidebar-style":"default","ast-global-header-display":"","ast-banner-title-visibility":"","ast-main-header-display":"","ast-hfb-above-header-display":"","ast-hfb-below-header-display":"","ast-hfb-mobile-header-display":"","site-post-title":"","ast-breadcrumbs-content":"","ast-featured-img":"","footer-sml-layout":"","theme-transparent-header-meta":"","adv-header-id-meta":"","stick-header-meta":"","header-above-stick-meta":"","header-main-stick-meta":"","header-below-stick-meta":"","astra-migrate-meta-layouts":"default","ast-page-background-enabled":"default","ast-page-background-meta":{"desktop":{"background-color":"var(--ast-global-color-4)","background-image":"","background-repeat":"repeat","background-position":"center center","background-size":"auto","background-attachment":"scroll","background-type":"","background-media":"","overlay-type":"","overlay-color":"","overlay-opacity":"","overlay-gradient":""},"tablet":{"background-color":"","background-image":"","background-repeat":"repeat","background-position":"center center","background-size":"auto","background-attachment":"scroll","background-type":"","background-media":"","overlay-type":"","overlay-color":"","overlay-opacity":"","overlay-gradient":""},"mobile":{"background-color":"","background-image":"","background-repeat":"repeat","background-position":"center center","background-size":"auto","background-attachment":"scroll","background-type":"","background-media":"","overlay-type":"","overlay-color":"","overlay-opacity":"","overlay-gradient":""}},"ast-content-background-meta":{"desktop":{"background-color":"var(--ast-global-color-5)","background-image":"","background-repeat":"repeat","background-position":"center center","background-size":"auto","background-attachment":"scroll","background-type":"","background-media":"","overlay-type":"","overlay-color":"","overlay-opacity":"","overlay-gradient":""},"tablet":{"background-color":"var(--ast-global-color-5)","background-image":"","background-repeat":"repeat","background-position":"center center","background-size":"auto","background-attachment":"scroll","background-type":"","background-media":"","overlay-type":"","overlay-color":"","overlay-opacity":"","overlay-gradient":""},"mobile":{"background-color":"var(--ast-global-color-5)","background-image":"","background-repeat":"repeat","background-position":"center center","background-size":"auto","background-attachment":"scroll","background-type":"","background-media":"","overlay-type":"","overlay-color":"","overlay-opacity":"","overlay-gradient":""}},"footnotes":""},"categories":[65,154,1,29,78],"tags":[449,343,303],"class_list":["post-8569","post","type-post","status-publish","format-standard","has-post-thumbnail","hentry","category-crp","category-formacio","category-general","category-portada","category-tac","tag-inclusio-digital","tag-jornades","tag-tecnologia"],"post_mailing_queue_ids":[],"_links":{"self":[{"href":"https:\/\/serveiseducatius.xtec.cat\/vallesoccidental5\/wp-json\/wp\/v2\/posts\/8569","targetHints":{"allow":["GET"]}}],"collection":[{"href":"https:\/\/serveiseducatius.xtec.cat\/vallesoccidental5\/wp-json\/wp\/v2\/posts"}],"about":[{"href":"https:\/\/serveiseducatius.xtec.cat\/vallesoccidental5\/wp-json\/wp\/v2\/types\/post"}],"author":[{"embeddable":true,"href":"https:\/\/serveiseducatius.xtec.cat\/vallesoccidental5\/wp-json\/wp\/v2\/users\/1"}],"replies":[{"embeddable":true,"href":"https:\/\/serveiseducatius.xtec.cat\/vallesoccidental5\/wp-json\/wp\/v2\/comments?post=8569"}],"version-history":[{"count":3,"href":"https:\/\/serveiseducatius.xtec.cat\/vallesoccidental5\/wp-json\/wp\/v2\/posts\/8569\/revisions"}],"predecessor-version":[{"id":8802,"href":"https:\/\/serveiseducatius.xtec.cat\/vallesoccidental5\/wp-json\/wp\/v2\/posts\/8569\/revisions\/8802"}],"wp:featuredmedia":[{"embeddable":true,"href":"https:\/\/serveiseducatius.xtec.cat\/vallesoccidental5\/wp-json\/wp\/v2\/media\/8573"}],"wp:attachment":[{"href":"https:\/\/serveiseducatius.xtec.cat\/vallesoccidental5\/wp-json\/wp\/v2\/media?parent=8569"}],"wp:term":[{"taxonomy":"category","embeddable":true,"href":"https:\/\/serveiseducatius.xtec.cat\/vallesoccidental5\/wp-json\/wp\/v2\/categories?post=8569"},{"taxonomy":"post_tag","embeddable":true,"href":"https:\/\/serveiseducatius.xtec.cat\/vallesoccidental5\/wp-json\/wp\/v2\/tags?post=8569"}],"curies":[{"name":"wp","href":"https:\/\/api.w.org\/{rel}","templated":true}]}}