{"id":8179,"date":"2016-10-11T10:00:09","date_gmt":"2016-10-11T08:00:09","guid":{"rendered":"http:\/\/serveiseducatius.xtec.cat\/vallesoccidental5\/?p=8179"},"modified":"2016-10-23T22:56:13","modified_gmt":"2016-10-23T20:56:13","slug":"mes-cinema-infantil-en-catala-a-cerdanyola","status":"publish","type":"post","link":"https:\/\/serveiseducatius.xtec.cat\/vallesoccidental5\/general\/mes-cinema-infantil-en-catala-a-cerdanyola\/","title":{"rendered":"M\u00e9s cinema infantil en catal\u00e0 a Cerdanyola"},"content":{"rendered":"<p><a href=\"http:\/\/serveiseducatius.xtec.cat\/vallesoccidental5\/wp-content\/uploads\/usu1111\/2016\/09\/cinemacatala-e1473418222666.png\"><img loading=\"lazy\" decoding=\"async\" class=\"size-full wp-image-8180 alignleft\" src=\"http:\/\/serveiseducatius.xtec.cat\/vallesoccidental5\/wp-content\/uploads\/usu1111\/2016\/09\/cinemacatala-e1473418222666.png\" alt=\"cinemacatala\" width=\"100\" height=\"140\" \/><\/a>El <strong>21 d&#8217;octubre<\/strong> comen\u00e7a un nou\u00a0<strong><a href=\"http:\/\/www.cpnl.cat\/public\/altres.php?opcio=detall&amp;idCam=534&amp;idNot=1610\">Cicle de cinema infantil en catal\u00e0 (CINC<\/a>)<\/strong> als cinemes <strong>El Punt<\/strong> de\u00a0<strong>Cerdanyola del Vall\u00e8s<\/strong>. El cicle es far\u00e0 tots els caps de setmana fins al 20 de novembre i s&#8217;hi projectaran 5 pel\u00b7l\u00edcules en catal\u00e0.<\/p>\n<p>Les pel\u00b7l\u00edcules que es podran veure a Cerdanyola a <strong>preu redu\u00eft<\/strong> seran <a href=\"https:\/\/www.youtube.com\/watch?v=yQl146sVn5Y\"><em><strong>Zootr\u00f2polis<\/strong><\/em><\/a>, <a href=\"https:\/\/www.youtube.com\/watch?v=K-gNtuxlYq8\"><em><strong>Angry Birds<\/strong><\/em><\/a>, <a href=\"https:\/\/www.youtube.com\/watch?v=nGkQRIll3eI\"><em><strong>Buscant la Dory<\/strong><\/em><\/a>,<a href=\"https:\/\/www.youtube.com\/watch?v=eU-JAdkWwmk\"><em><strong>Mascotes <\/strong><\/em><\/a>i\u00a0<em><strong><a href=\"https:\/\/www.youtube.com\/watch?v=43-gGZr4VHA\">El\u00a0Petit Pr\u00edncep<\/a>.<\/strong><\/em><\/p>\n<p>Els <a href=\"http:\/\/www.gencat.cat\/llengua\/cinema\/cinc.html\">cicles de cinema en catal\u00e0<\/a> s\u00f3n una iniciativa de la Generalitat de Catalunya per fer cr\u00e9ixer l&#8217;oferta i el consum de cinema infantil en catal\u00e0.<\/p>\n","protected":false},"excerpt":{"rendered":"<p>El 21 d&#8217;octubre comen\u00e7a un nou\u00a0Cicle de cinema infantil en catal\u00e0 (CINC) als cinemes El Punt de\u00a0Cerdanyola del Vall\u00e8s. El cicle es far\u00e0 tots els caps de setmana fins al 20 de novembre i s&#8217;hi projectaran 5 pel\u00b7l\u00edcules en catal\u00e0. Les pel\u00b7l\u00edcules que es podran veure a Cerdanyola a preu redu\u00eft seran Zootr\u00f2polis, Angry Birds, [&hellip;]<\/p>\n","protected":false},"author":1,"featured_media":0,"comment_status":"open","ping_status":"open","sticky":false,"template":"","format":"standard","meta":{"_bbp_topic_count":0,"_bbp_reply_count":0,"_bbp_total_topic_count":0,"_bbp_total_reply_count":0,"_bbp_voice_count":0,"_bbp_anonymous_reply_count":0,"_bbp_topic_count_hidden":0,"_bbp_reply_count_hidden":0,"_bbp_forum_subforum_count":0,"site-sidebar-layout":"default","site-content-layout":"","ast-site-content-layout":"","site-content-style":"default","site-sidebar-style":"default","ast-global-header-display":"","ast-banner-title-visibility":"","ast-main-header-display":"","ast-hfb-above-header-display":"","ast-hfb-below-header-display":"","ast-hfb-mobile-header-display":"","site-post-title":"","ast-breadcrumbs-content":"","ast-featured-img":"","footer-sml-layout":"","theme-transparent-header-meta":"","adv-header-id-meta":"","stick-header-meta":"","header-above-stick-meta":"","header-main-stick-meta":"","header-below-stick-meta":"","astra-migrate-meta-layouts":"default","ast-page-background-enabled":"default","ast-page-background-meta":{"desktop":{"background-color":"var(--ast-global-color-4)","background-image":"","background-repeat":"repeat","background-position":"center center","background-size":"auto","background-attachment":"scroll","background-type":"","background-media":"","overlay-type":"","overlay-color":"","overlay-opacity":"","overlay-gradient":""},"tablet":{"background-color":"","background-image":"","background-repeat":"repeat","background-position":"center center","background-size":"auto","background-attachment":"scroll","background-type":"","background-media":"","overlay-type":"","overlay-color":"","overlay-opacity":"","overlay-gradient":""},"mobile":{"background-color":"","background-image":"","background-repeat":"repeat","background-position":"center center","background-size":"auto","background-attachment":"scroll","background-type":"","background-media":"","overlay-type":"","overlay-color":"","overlay-opacity":"","overlay-gradient":""}},"ast-content-background-meta":{"desktop":{"background-color":"var(--ast-global-color-5)","background-image":"","background-repeat":"repeat","background-position":"center center","background-size":"auto","background-attachment":"scroll","background-type":"","background-media":"","overlay-type":"","overlay-color":"","overlay-opacity":"","overlay-gradient":""},"tablet":{"background-color":"var(--ast-global-color-5)","background-image":"","background-repeat":"repeat","background-position":"center center","background-size":"auto","background-attachment":"scroll","background-type":"","background-media":"","overlay-type":"","overlay-color":"","overlay-opacity":"","overlay-gradient":""},"mobile":{"background-color":"var(--ast-global-color-5)","background-image":"","background-repeat":"repeat","background-position":"center center","background-size":"auto","background-attachment":"scroll","background-type":"","background-media":"","overlay-type":"","overlay-color":"","overlay-opacity":"","overlay-gradient":""}},"footnotes":""},"categories":[1,29],"tags":[306,236],"class_list":["post-8179","post","type-post","status-publish","format-standard","hentry","category-general","category-portada","tag-cinema","tag-llengua-catalana"],"post_mailing_queue_ids":[],"_links":{"self":[{"href":"https:\/\/serveiseducatius.xtec.cat\/vallesoccidental5\/wp-json\/wp\/v2\/posts\/8179","targetHints":{"allow":["GET"]}}],"collection":[{"href":"https:\/\/serveiseducatius.xtec.cat\/vallesoccidental5\/wp-json\/wp\/v2\/posts"}],"about":[{"href":"https:\/\/serveiseducatius.xtec.cat\/vallesoccidental5\/wp-json\/wp\/v2\/types\/post"}],"author":[{"embeddable":true,"href":"https:\/\/serveiseducatius.xtec.cat\/vallesoccidental5\/wp-json\/wp\/v2\/users\/1"}],"replies":[{"embeddable":true,"href":"https:\/\/serveiseducatius.xtec.cat\/vallesoccidental5\/wp-json\/wp\/v2\/comments?post=8179"}],"version-history":[{"count":3,"href":"https:\/\/serveiseducatius.xtec.cat\/vallesoccidental5\/wp-json\/wp\/v2\/posts\/8179\/revisions"}],"predecessor-version":[{"id":8261,"href":"https:\/\/serveiseducatius.xtec.cat\/vallesoccidental5\/wp-json\/wp\/v2\/posts\/8179\/revisions\/8261"}],"wp:attachment":[{"href":"https:\/\/serveiseducatius.xtec.cat\/vallesoccidental5\/wp-json\/wp\/v2\/media?parent=8179"}],"wp:term":[{"taxonomy":"category","embeddable":true,"href":"https:\/\/serveiseducatius.xtec.cat\/vallesoccidental5\/wp-json\/wp\/v2\/categories?post=8179"},{"taxonomy":"post_tag","embeddable":true,"href":"https:\/\/serveiseducatius.xtec.cat\/vallesoccidental5\/wp-json\/wp\/v2\/tags?post=8179"}],"curies":[{"name":"wp","href":"https:\/\/api.w.org\/{rel}","templated":true}]}}