{"id":13976,"date":"2023-02-07T10:15:07","date_gmt":"2023-02-07T09:15:07","guid":{"rendered":"https:\/\/serveiseducatius.xtec.cat\/vallesoccidental5\/?p=13976"},"modified":"2023-02-07T10:15:51","modified_gmt":"2023-02-07T09:15:51","slug":"stemarium-explora-crea-comparteix","status":"publish","type":"post","link":"https:\/\/serveiseducatius.xtec.cat\/vallesoccidental5\/general\/stemarium-explora-crea-comparteix\/","title":{"rendered":"STEMarium. Explora, Crea, Comparteix"},"content":{"rendered":"<p><a href=\"https:\/\/serveiseducatius.xtec.cat\/vallesoccidental5\/wp-content\/uploads\/usu1111\/2023\/02\/Untitled.png\"><img loading=\"lazy\" decoding=\"async\" class=\"size-full wp-image-13977 aligncenter\" src=\"https:\/\/serveiseducatius.xtec.cat\/vallesoccidental5\/wp-content\/uploads\/usu1111\/2023\/02\/Untitled.png\" alt=\"\" width=\"912\" height=\"300\" srcset=\"https:\/\/serveiseducatius.xtec.cat\/vallesoccidental5\/wp-content\/uploads\/usu1111\/2023\/02\/Untitled.png 912w, https:\/\/serveiseducatius.xtec.cat\/vallesoccidental5\/wp-content\/uploads\/usu1111\/2023\/02\/Untitled-300x99.png 300w, https:\/\/serveiseducatius.xtec.cat\/vallesoccidental5\/wp-content\/uploads\/usu1111\/2023\/02\/Untitled-768x253.png 768w\" sizes=\"auto, (max-width: 912px) 100vw, 912px\" \/><\/a><\/p>\n<p dir=\"ltr\" style=\"text-align: center;\"><span style=\"text-decoration: underline; font-size: 36pt;\"><strong>Acte de presentaci\u00f3 de la plataforma STEMarium<\/strong><\/span><\/p>\n<p dir=\"ltr\">STEMarium \u00e9s una comunitat virtual d\u2019aprenentatge, gesti\u00f3 i compartici\u00f3 de bones pr\u00e0ctiques STEM estructurada entorn una plataforma digital<\/p>\n<p dir=\"ltr\" style=\"text-align: center;\"><span style=\"font-size: 18pt;\"><a href=\"https:\/\/www.stemarium.cat\/\" target=\"_blank\" rel=\"noopener\" data-saferedirecturl=\"https:\/\/www.google.com\/url?q=https:\/\/www.stemarium.cat\/&amp;source=gmail&amp;ust=1675757214948000&amp;usg=AOvVaw3eaq8LbFsp5_f21hIudRpU\">https:\/\/www.stemarium.cat<\/a><\/span><\/p>\n<p dir=\"ltr\">L\u2019acte de presentaci\u00f3 tindr\u00e0 lloc el dimecres 15 de febrer, a les 6 de la tarda, al CaixaForum Barcelona (Av. Francesc Ferrer i Gu\u00e0rdia, 6-8, Barcelona).<\/p>\n<p dir=\"ltr\">En el decurs de l&#8217;acte es donar\u00e0 a con\u00e8ixer la plataforma amb la participaci\u00f3 d&#8217;una taula d&#8217;experts i una roda de presentacions de recursos que permetran reflexionar sobre l&#8217;educaci\u00f3 STEM.<\/p>\n<p dir=\"ltr\">Si formes part de l&#8217;\u00e0mbit cient\u00edfic o tecnol\u00f2gic, est\u00e0s implicat en l&#8217;educaci\u00f3 STEM o vols connectar amb el m\u00f3n educatiu, vine a l&#8217;acte i fes cr\u00e9ixer la comunitat STEMarium.<\/p>\n<p dir=\"ltr\">\u00c9s imprescindible confirmar assist\u00e8ncia a l&#8217;acte mitjan\u00e7ant el formulari d\u2019inscripci\u00f3:<\/p>\n<p dir=\"ltr\" style=\"text-align: center;\"><a href=\"https:\/\/docs.google.com\/forms\/d\/e\/1FAIpQLSdFVoQp1HaOFHjRkWoFVKwRRYTBuBFRkg_wROxnBXbFsFvO0Q\/viewform\" target=\"_blank\" rel=\"noopener\"><img loading=\"lazy\" decoding=\"async\" class=\"alignnone size-full wp-image-13979\" src=\"https:\/\/serveiseducatius.xtec.cat\/vallesoccidental5\/wp-content\/uploads\/usu1111\/2023\/02\/baixa.png\" alt=\"\" width=\"312\" height=\"162\" srcset=\"https:\/\/serveiseducatius.xtec.cat\/vallesoccidental5\/wp-content\/uploads\/usu1111\/2023\/02\/baixa.png 312w, https:\/\/serveiseducatius.xtec.cat\/vallesoccidental5\/wp-content\/uploads\/usu1111\/2023\/02\/baixa-300x156.png 300w\" sizes=\"auto, (max-width: 312px) 100vw, 312px\" \/><\/a><\/p>\n<p dir=\"ltr\">En cas de ser docent, l&#8217;assist\u00e8ncia a l&#8217;acte dona la possibilitat d&#8217;acreditar 5 hores com a formaci\u00f3 a trav\u00e9s del GTAF.<\/p>\n<p dir=\"ltr\">T&#8217;hi esperem!<\/p>\n<p dir=\"ltr\" style=\"text-align: center;\"><span style=\"font-size: 18pt;\"><strong>#STEMarium<\/strong><\/span><\/p>\n<hr \/>\n<p dir=\"ltr\"><img loading=\"lazy\" decoding=\"async\" class=\"CToWUd\" src=\"https:\/\/lh3.googleusercontent.com\/oAPL8o3FTHB7XciZ_vAdkYd3FZJwLg6CLz7GXGYn0GsDKWvSlte1PuwRh0YL7PbI5zrTq_HsNa6p8917wwaYkhQxBKmr1HNKh9xXcHNuFvUwqinr3SDC29XKzZj9ZIr0jNlSqFnWXh-4qWZYqpvCd8E\" width=\"613\" height=\"45\" data-bit=\"iit\" \/><\/p>\n","protected":false},"excerpt":{"rendered":"<p>Acte de presentaci\u00f3 de la plataforma STEMarium STEMarium \u00e9s una comunitat virtual d\u2019aprenentatge, gesti\u00f3 i compartici\u00f3 de bones pr\u00e0ctiques STEM estructurada entorn una plataforma digital https:\/\/www.stemarium.cat L\u2019acte de presentaci\u00f3 tindr\u00e0 lloc el dimecres 15 de febrer, a les 6 de la tarda, al CaixaForum Barcelona (Av. Francesc Ferrer i Gu\u00e0rdia, 6-8, Barcelona). En el decurs [&hellip;]<\/p>\n","protected":false},"author":1,"featured_media":13977,"comment_status":"open","ping_status":"closed","sticky":false,"template":"","format":"standard","meta":{"_bbp_topic_count":0,"_bbp_reply_count":0,"_bbp_total_topic_count":0,"_bbp_total_reply_count":0,"_bbp_voice_count":0,"_bbp_anonymous_reply_count":0,"_bbp_topic_count_hidden":0,"_bbp_reply_count_hidden":0,"_bbp_forum_subforum_count":0,"site-sidebar-layout":"default","site-content-layout":"","ast-site-content-layout":"","site-content-style":"default","site-sidebar-style":"default","ast-global-header-display":"","ast-banner-title-visibility":"","ast-main-header-display":"","ast-hfb-above-header-display":"","ast-hfb-below-header-display":"","ast-hfb-mobile-header-display":"","site-post-title":"","ast-breadcrumbs-content":"","ast-featured-img":"","footer-sml-layout":"","theme-transparent-header-meta":"","adv-header-id-meta":"","stick-header-meta":"","header-above-stick-meta":"","header-main-stick-meta":"","header-below-stick-meta":"","astra-migrate-meta-layouts":"default","ast-page-background-enabled":"default","ast-page-background-meta":{"desktop":{"background-color":"var(--ast-global-color-4)","background-image":"","background-repeat":"repeat","background-position":"center center","background-size":"auto","background-attachment":"scroll","background-type":"","background-media":"","overlay-type":"","overlay-color":"","overlay-opacity":"","overlay-gradient":""},"tablet":{"background-color":"","background-image":"","background-repeat":"repeat","background-position":"center center","background-size":"auto","background-attachment":"scroll","background-type":"","background-media":"","overlay-type":"","overlay-color":"","overlay-opacity":"","overlay-gradient":""},"mobile":{"background-color":"","background-image":"","background-repeat":"repeat","background-position":"center center","background-size":"auto","background-attachment":"scroll","background-type":"","background-media":"","overlay-type":"","overlay-color":"","overlay-opacity":"","overlay-gradient":""}},"ast-content-background-meta":{"desktop":{"background-color":"var(--ast-global-color-5)","background-image":"","background-repeat":"repeat","background-position":"center center","background-size":"auto","background-attachment":"scroll","background-type":"","background-media":"","overlay-type":"","overlay-color":"","overlay-opacity":"","overlay-gradient":""},"tablet":{"background-color":"var(--ast-global-color-5)","background-image":"","background-repeat":"repeat","background-position":"center center","background-size":"auto","background-attachment":"scroll","background-type":"","background-media":"","overlay-type":"","overlay-color":"","overlay-opacity":"","overlay-gradient":""},"mobile":{"background-color":"var(--ast-global-color-5)","background-image":"","background-repeat":"repeat","background-position":"center center","background-size":"auto","background-attachment":"scroll","background-type":"","background-media":"","overlay-type":"","overlay-color":"","overlay-opacity":"","overlay-gradient":""}},"footnotes":""},"categories":[1,29],"tags":[],"class_list":["post-13976","post","type-post","status-publish","format-standard","has-post-thumbnail","hentry","category-general","category-portada"],"post_mailing_queue_ids":[],"_links":{"self":[{"href":"https:\/\/serveiseducatius.xtec.cat\/vallesoccidental5\/wp-json\/wp\/v2\/posts\/13976","targetHints":{"allow":["GET"]}}],"collection":[{"href":"https:\/\/serveiseducatius.xtec.cat\/vallesoccidental5\/wp-json\/wp\/v2\/posts"}],"about":[{"href":"https:\/\/serveiseducatius.xtec.cat\/vallesoccidental5\/wp-json\/wp\/v2\/types\/post"}],"author":[{"embeddable":true,"href":"https:\/\/serveiseducatius.xtec.cat\/vallesoccidental5\/wp-json\/wp\/v2\/users\/1"}],"replies":[{"embeddable":true,"href":"https:\/\/serveiseducatius.xtec.cat\/vallesoccidental5\/wp-json\/wp\/v2\/comments?post=13976"}],"version-history":[{"count":3,"href":"https:\/\/serveiseducatius.xtec.cat\/vallesoccidental5\/wp-json\/wp\/v2\/posts\/13976\/revisions"}],"predecessor-version":[{"id":13981,"href":"https:\/\/serveiseducatius.xtec.cat\/vallesoccidental5\/wp-json\/wp\/v2\/posts\/13976\/revisions\/13981"}],"wp:featuredmedia":[{"embeddable":true,"href":"https:\/\/serveiseducatius.xtec.cat\/vallesoccidental5\/wp-json\/wp\/v2\/media\/13977"}],"wp:attachment":[{"href":"https:\/\/serveiseducatius.xtec.cat\/vallesoccidental5\/wp-json\/wp\/v2\/media?parent=13976"}],"wp:term":[{"taxonomy":"category","embeddable":true,"href":"https:\/\/serveiseducatius.xtec.cat\/vallesoccidental5\/wp-json\/wp\/v2\/categories?post=13976"},{"taxonomy":"post_tag","embeddable":true,"href":"https:\/\/serveiseducatius.xtec.cat\/vallesoccidental5\/wp-json\/wp\/v2\/tags?post=13976"}],"curies":[{"name":"wp","href":"https:\/\/api.w.org\/{rel}","templated":true}]}}