{"id":13692,"date":"2022-05-18T10:44:26","date_gmt":"2022-05-18T08:44:26","guid":{"rendered":"https:\/\/serveiseducatius.xtec.cat\/vallesoccidental5\/?p=13692"},"modified":"2022-05-23T08:08:03","modified_gmt":"2022-05-23T06:08:03","slug":"matematiques-a-leducacio-primaria-connexions-amb-lentorn-i-la-musica","status":"publish","type":"post","link":"https:\/\/serveiseducatius.xtec.cat\/vallesoccidental5\/portada\/matematiques-a-leducacio-primaria-connexions-amb-lentorn-i-la-musica\/","title":{"rendered":"MATEM\u00c0TIQUES A L&#8217;EDUCACI\u00d3 PRIM\u00c0RIA: CONNEXIONS AMB L&#8217;ENTORN I LA M\u00daSICA"},"content":{"rendered":"<p><a href=\"https:\/\/serveiseducatius.xtec.cat\/vallesoccidental5\/wp-content\/uploads\/usu1111\/2022\/05\/union.jpg\"><img loading=\"lazy\" decoding=\"async\" class=\"size-full wp-image-13693 alignleft\" src=\"https:\/\/serveiseducatius.xtec.cat\/vallesoccidental5\/wp-content\/uploads\/usu1111\/2022\/05\/union.jpg\" alt=\"\" width=\"755\" height=\"208\" srcset=\"https:\/\/serveiseducatius.xtec.cat\/vallesoccidental5\/wp-content\/uploads\/usu1111\/2022\/05\/union.jpg 755w, https:\/\/serveiseducatius.xtec.cat\/vallesoccidental5\/wp-content\/uploads\/usu1111\/2022\/05\/union-300x83.jpg 300w\" sizes=\"auto, (max-width: 755px) 100vw, 755px\" \/><\/a><span style=\"font-size: 14pt;\">El <strong>Quim Reyes<\/strong> docent i company de l&#8217;escola <strong>Tur\u00f3 de Guiera<\/strong> ha publicat un article a la <em>revista Iberoamericana de Educacion Matem\u00e1tica<\/em> juntament amb una altra docent m\u00e9s del Vall\u00e8s, la Manoli Contreras i l&#8217;\u00c0ngel Alsina professor de la unitversitat de Girona.<\/span><\/p>\n<p><span style=\"font-size: 14pt;\">L&#8217;article \u00e9s fruit \u00a0d&#8217;unes intervencions en el <strong>Congr\u00e9s Catal\u00e0 d&#8217;Educaci\u00f3 Matem\u00e0tica<\/strong> que es va celebrar digitalment el novembre de 2020.<\/span><\/p>\n<p><span style=\"font-size: 14pt;\">Us conviden a fer una lectura del seu article, a la vegada que celebrem que els i les docents dels centres educatius de Cerdanyola del Vall\u00e8s, realitzin projectes i treballs de recerca que millorin la perspectiva i coneixement pedag\u00f2gic del professorat.<\/span><\/p>\n<p><span style=\"font-size: 14pt;\">A continuaci\u00f3 us presentem una petita sinopsi i a al final de la publicaci\u00f3 trobareu l&#8217;enlla\u00e7 perqu\u00e8 pugueu llegir l&#8217;article sencer. <\/span><\/p>\n<p style=\"text-align: left;\"><span style=\"font-size: 14pt;\"><em>&#8220;Se describe un enfoque competencial de la ense\u00f1anza de las matem\u00e1ticas en<\/em><\/span><br \/>\n<span style=\"font-size: 14pt;\"><em>Educaci\u00f3n Primaria a partir de actividades contextualizadas. Para ello, en la<\/em><\/span><br \/>\n<span style=\"font-size: 14pt;\"><em>primera parte se fundamenta te\u00f3ricamente el conocimiento pedag\u00f3gico para la<\/em><\/span><br \/>\n<span style=\"font-size: 14pt;\"><em>ense\u00f1anza de las matem\u00e1ticas a partir de diversos modelos de conocimiento<\/em><\/span><br \/>\n<span style=\"font-size: 14pt;\"><em>del profesorado y se presentan diversas recomendaciones para la<\/em><\/span><br \/>\n<span style=\"font-size: 14pt;\"><em>implementaci\u00f3n de actividades matem\u00e1ticas competenciales, a partir del<a href=\"https:\/\/serveiseducatius.xtec.cat\/vallesoccidental5\/wp-content\/uploads\/usu1111\/2022\/05\/music-and-maths.jpg\"><img loading=\"lazy\" decoding=\"async\" class=\"size-full wp-image-13694 alignright\" src=\"https:\/\/serveiseducatius.xtec.cat\/vallesoccidental5\/wp-content\/uploads\/usu1111\/2022\/05\/music-and-maths.jpg\" alt=\"\" width=\"363\" height=\"139\" srcset=\"https:\/\/serveiseducatius.xtec.cat\/vallesoccidental5\/wp-content\/uploads\/usu1111\/2022\/05\/music-and-maths.jpg 363w, https:\/\/serveiseducatius.xtec.cat\/vallesoccidental5\/wp-content\/uploads\/usu1111\/2022\/05\/music-and-maths-300x115.jpg 300w\" sizes=\"auto, (max-width: 363px) 100vw, 363px\" \/><\/a><\/em><\/span><br \/>\n<span style=\"font-size: 14pt;\"><em>Enfoque de los Itinerarios de Ense\u00f1anza de las Matem\u00e1ticas (EIEM). En la<\/em><\/span><br \/>\n<span style=\"font-size: 14pt;\"><em>segunda parte, se presentan dos actividades en contexto: \u201cMatem\u00e1ticas en la<\/em><\/span><br \/>\n<span style=\"font-size: 14pt;\"><em>calle\u201d y \u201cMusicom\u00e1tics\u201d, en las que se trabajan las matem\u00e1ticas en conexi\u00f3n<\/em><\/span><br \/>\n<span style=\"font-size: 14pt;\"><em>con el entorno y la m\u00fasica, respectivamente.<\/em><\/span><br \/>\n<span style=\"font-size: 14pt;\"><em>Palabras clave: Conexiones matem\u00e1ticas, matem\u00e1ticas en contexto,<\/em><\/span><br \/>\n<span style=\"font-size: 14pt;\"><em>ense\u00f1anza de las matem\u00e1ticas, competencias clave, educaci\u00f3n primaria.&#8221;<\/em><\/span><\/p>\n<p>&nbsp;<\/p>\n<p><strong><a href=\"https:\/\/drive.google.com\/file\/d\/1DBvGrY3KfQpg2C956SXzorU5gEieM0oe\/view?usp=sharing\" target=\"_blank\" rel=\"noopener\">ARTICLE SENCER<\/a><\/strong><\/p>\n","protected":false},"excerpt":{"rendered":"<p>El Quim Reyes docent i company de l&#8217;escola Tur\u00f3 de Guiera ha publicat un article a la revista Iberoamericana de Educacion Matem\u00e1tica juntament amb una altra docent m\u00e9s del Vall\u00e8s, la Manoli Contreras i l&#8217;\u00c0ngel Alsina professor de la unitversitat de Girona. L&#8217;article \u00e9s fruit \u00a0d&#8217;unes intervencions en el Congr\u00e9s Catal\u00e0 d&#8217;Educaci\u00f3 Matem\u00e0tica que es [&hellip;]<\/p>\n","protected":false},"author":1,"featured_media":0,"comment_status":"closed","ping_status":"closed","sticky":false,"template":"","format":"standard","meta":{"_bbp_topic_count":0,"_bbp_reply_count":0,"_bbp_total_topic_count":0,"_bbp_total_reply_count":0,"_bbp_voice_count":0,"_bbp_anonymous_reply_count":0,"_bbp_topic_count_hidden":0,"_bbp_reply_count_hidden":0,"_bbp_forum_subforum_count":0,"site-sidebar-layout":"default","site-content-layout":"","ast-site-content-layout":"","site-content-style":"default","site-sidebar-style":"default","ast-global-header-display":"","ast-banner-title-visibility":"","ast-main-header-display":"","ast-hfb-above-header-display":"","ast-hfb-below-header-display":"","ast-hfb-mobile-header-display":"","site-post-title":"","ast-breadcrumbs-content":"","ast-featured-img":"","footer-sml-layout":"","theme-transparent-header-meta":"","adv-header-id-meta":"","stick-header-meta":"","header-above-stick-meta":"","header-main-stick-meta":"","header-below-stick-meta":"","astra-migrate-meta-layouts":"default","ast-page-background-enabled":"default","ast-page-background-meta":{"desktop":{"background-color":"var(--ast-global-color-4)","background-image":"","background-repeat":"repeat","background-position":"center center","background-size":"auto","background-attachment":"scroll","background-type":"","background-media":"","overlay-type":"","overlay-color":"","overlay-opacity":"","overlay-gradient":""},"tablet":{"background-color":"","background-image":"","background-repeat":"repeat","background-position":"center center","background-size":"auto","background-attachment":"scroll","background-type":"","background-media":"","overlay-type":"","overlay-color":"","overlay-opacity":"","overlay-gradient":""},"mobile":{"background-color":"","background-image":"","background-repeat":"repeat","background-position":"center center","background-size":"auto","background-attachment":"scroll","background-type":"","background-media":"","overlay-type":"","overlay-color":"","overlay-opacity":"","overlay-gradient":""}},"ast-content-background-meta":{"desktop":{"background-color":"var(--ast-global-color-5)","background-image":"","background-repeat":"repeat","background-position":"center center","background-size":"auto","background-attachment":"scroll","background-type":"","background-media":"","overlay-type":"","overlay-color":"","overlay-opacity":"","overlay-gradient":""},"tablet":{"background-color":"var(--ast-global-color-5)","background-image":"","background-repeat":"repeat","background-position":"center center","background-size":"auto","background-attachment":"scroll","background-type":"","background-media":"","overlay-type":"","overlay-color":"","overlay-opacity":"","overlay-gradient":""},"mobile":{"background-color":"var(--ast-global-color-5)","background-image":"","background-repeat":"repeat","background-position":"center center","background-size":"auto","background-attachment":"scroll","background-type":"","background-media":"","overlay-type":"","overlay-color":"","overlay-opacity":"","overlay-gradient":""}},"footnotes":""},"categories":[29],"tags":[],"class_list":["post-13692","post","type-post","status-publish","format-standard","hentry","category-portada"],"post_mailing_queue_ids":[],"_links":{"self":[{"href":"https:\/\/serveiseducatius.xtec.cat\/vallesoccidental5\/wp-json\/wp\/v2\/posts\/13692","targetHints":{"allow":["GET"]}}],"collection":[{"href":"https:\/\/serveiseducatius.xtec.cat\/vallesoccidental5\/wp-json\/wp\/v2\/posts"}],"about":[{"href":"https:\/\/serveiseducatius.xtec.cat\/vallesoccidental5\/wp-json\/wp\/v2\/types\/post"}],"author":[{"embeddable":true,"href":"https:\/\/serveiseducatius.xtec.cat\/vallesoccidental5\/wp-json\/wp\/v2\/users\/1"}],"replies":[{"embeddable":true,"href":"https:\/\/serveiseducatius.xtec.cat\/vallesoccidental5\/wp-json\/wp\/v2\/comments?post=13692"}],"version-history":[{"count":3,"href":"https:\/\/serveiseducatius.xtec.cat\/vallesoccidental5\/wp-json\/wp\/v2\/posts\/13692\/revisions"}],"predecessor-version":[{"id":13700,"href":"https:\/\/serveiseducatius.xtec.cat\/vallesoccidental5\/wp-json\/wp\/v2\/posts\/13692\/revisions\/13700"}],"wp:attachment":[{"href":"https:\/\/serveiseducatius.xtec.cat\/vallesoccidental5\/wp-json\/wp\/v2\/media?parent=13692"}],"wp:term":[{"taxonomy":"category","embeddable":true,"href":"https:\/\/serveiseducatius.xtec.cat\/vallesoccidental5\/wp-json\/wp\/v2\/categories?post=13692"},{"taxonomy":"post_tag","embeddable":true,"href":"https:\/\/serveiseducatius.xtec.cat\/vallesoccidental5\/wp-json\/wp\/v2\/tags?post=13692"}],"curies":[{"name":"wp","href":"https:\/\/api.w.org\/{rel}","templated":true}]}}