{"id":13461,"date":"2022-01-11T10:45:07","date_gmt":"2022-01-11T09:45:07","guid":{"rendered":"https:\/\/serveiseducatius.xtec.cat\/vallesoccidental5\/?p=13461"},"modified":"2022-01-11T11:36:33","modified_gmt":"2022-01-11T10:36:33","slug":"xvii-concurs-el-gust-per-la-lectura","status":"publish","type":"post","link":"https:\/\/serveiseducatius.xtec.cat\/vallesoccidental5\/portada\/xvii-concurs-el-gust-per-la-lectura\/","title":{"rendered":"XVII CONCURS &#8220;EL GUST PER LA LECTURA&#8221;"},"content":{"rendered":"<p><a href=\"https:\/\/serveiseducatius.xtec.cat\/vallesoccidental5\/wp-content\/uploads\/usu1111\/2022\/01\/lectura.jpg\"><img loading=\"lazy\" decoding=\"async\" class=\"size-full wp-image-13462 alignright\" src=\"https:\/\/serveiseducatius.xtec.cat\/vallesoccidental5\/wp-content\/uploads\/usu1111\/2022\/01\/lectura.jpg\" alt=\"\" width=\"325\" height=\"174\" srcset=\"https:\/\/serveiseducatius.xtec.cat\/vallesoccidental5\/wp-content\/uploads\/usu1111\/2022\/01\/lectura.jpg 325w, https:\/\/serveiseducatius.xtec.cat\/vallesoccidental5\/wp-content\/uploads\/usu1111\/2022\/01\/lectura-300x161.jpg 300w\" sizes=\"auto, (max-width: 325px) 100vw, 325px\" \/><\/a>El Departament d&#8217;Educaci\u00f3 convoca el<strong> XXVII Concurs El Gust per la Lectura<\/strong>, basat en una s\u00e8rie\u00a0<span id=\"m_-9164578322619208106m_3361763618854092734gmail-docs-internal-guid-79b1e8eb-7fff-7aef-5192-9cfdb52bd56e\">de propostes d\u2019obres a les quals\u00a0s\u2019associen materials did\u00e0ctic<\/span>s.<\/p>\n<p>Per participar en el concurs, els docents hauran de formalitzar la inscripci\u00f3 accedint al formulari mitjan\u00e7ant el portal de centres del Departament, on tamb\u00e9 trobaran un tutorial per guiar el proc\u00e9s. Teniu temps fins al<strong> 21 de gener de 2022.<\/strong><\/p>\n<p>Podeu trobar totes les bases en el seg\u00fcent <strong><span style=\"color: #ff0000;\"><a style=\"color: #ff0000;\" href=\"http:\/\/xtec.gencat.cat\/ca\/projectes\/lectura\/gustperlalectura\/concurs\/convocatoriaibases\/#\" target=\"_blank\" rel=\"noopener\">enlla\u00e7<\/a><\/span><\/strong>.<\/p>\n<p>&nbsp;<\/p>\n","protected":false},"excerpt":{"rendered":"<p>El Departament d&#8217;Educaci\u00f3 convoca el XXVII Concurs El Gust per la Lectura, basat en una s\u00e8rie\u00a0de propostes d\u2019obres a les quals\u00a0s\u2019associen materials did\u00e0ctics. Per participar en el concurs, els docents hauran de formalitzar la inscripci\u00f3 accedint al formulari mitjan\u00e7ant el portal de centres del Departament, on tamb\u00e9 trobaran un tutorial per guiar el proc\u00e9s. Teniu [&hellip;]<\/p>\n","protected":false},"author":1,"featured_media":13462,"comment_status":"closed","ping_status":"closed","sticky":false,"template":"","format":"standard","meta":{"_bbp_topic_count":0,"_bbp_reply_count":0,"_bbp_total_topic_count":0,"_bbp_total_reply_count":0,"_bbp_voice_count":0,"_bbp_anonymous_reply_count":0,"_bbp_topic_count_hidden":0,"_bbp_reply_count_hidden":0,"_bbp_forum_subforum_count":0,"site-sidebar-layout":"default","site-content-layout":"","ast-site-content-layout":"","site-content-style":"default","site-sidebar-style":"default","ast-global-header-display":"","ast-banner-title-visibility":"","ast-main-header-display":"","ast-hfb-above-header-display":"","ast-hfb-below-header-display":"","ast-hfb-mobile-header-display":"","site-post-title":"","ast-breadcrumbs-content":"","ast-featured-img":"","footer-sml-layout":"","theme-transparent-header-meta":"","adv-header-id-meta":"","stick-header-meta":"","header-above-stick-meta":"","header-main-stick-meta":"","header-below-stick-meta":"","astra-migrate-meta-layouts":"default","ast-page-background-enabled":"default","ast-page-background-meta":{"desktop":{"background-color":"var(--ast-global-color-4)","background-image":"","background-repeat":"repeat","background-position":"center center","background-size":"auto","background-attachment":"scroll","background-type":"","background-media":"","overlay-type":"","overlay-color":"","overlay-opacity":"","overlay-gradient":""},"tablet":{"background-color":"","background-image":"","background-repeat":"repeat","background-position":"center center","background-size":"auto","background-attachment":"scroll","background-type":"","background-media":"","overlay-type":"","overlay-color":"","overlay-opacity":"","overlay-gradient":""},"mobile":{"background-color":"","background-image":"","background-repeat":"repeat","background-position":"center center","background-size":"auto","background-attachment":"scroll","background-type":"","background-media":"","overlay-type":"","overlay-color":"","overlay-opacity":"","overlay-gradient":""}},"ast-content-background-meta":{"desktop":{"background-color":"var(--ast-global-color-5)","background-image":"","background-repeat":"repeat","background-position":"center center","background-size":"auto","background-attachment":"scroll","background-type":"","background-media":"","overlay-type":"","overlay-color":"","overlay-opacity":"","overlay-gradient":""},"tablet":{"background-color":"var(--ast-global-color-5)","background-image":"","background-repeat":"repeat","background-position":"center center","background-size":"auto","background-attachment":"scroll","background-type":"","background-media":"","overlay-type":"","overlay-color":"","overlay-opacity":"","overlay-gradient":""},"mobile":{"background-color":"var(--ast-global-color-5)","background-image":"","background-repeat":"repeat","background-position":"center center","background-size":"auto","background-attachment":"scroll","background-type":"","background-media":"","overlay-type":"","overlay-color":"","overlay-opacity":"","overlay-gradient":""}},"footnotes":""},"categories":[29],"tags":[304,147,173,236],"class_list":["post-13461","post","type-post","status-publish","format-standard","has-post-thumbnail","hentry","category-portada","tag-concurs","tag-el-gust-per-la-lectura","tag-gust-per-la-lectura","tag-llengua-catalana"],"post_mailing_queue_ids":[],"_links":{"self":[{"href":"https:\/\/serveiseducatius.xtec.cat\/vallesoccidental5\/wp-json\/wp\/v2\/posts\/13461","targetHints":{"allow":["GET"]}}],"collection":[{"href":"https:\/\/serveiseducatius.xtec.cat\/vallesoccidental5\/wp-json\/wp\/v2\/posts"}],"about":[{"href":"https:\/\/serveiseducatius.xtec.cat\/vallesoccidental5\/wp-json\/wp\/v2\/types\/post"}],"author":[{"embeddable":true,"href":"https:\/\/serveiseducatius.xtec.cat\/vallesoccidental5\/wp-json\/wp\/v2\/users\/1"}],"replies":[{"embeddable":true,"href":"https:\/\/serveiseducatius.xtec.cat\/vallesoccidental5\/wp-json\/wp\/v2\/comments?post=13461"}],"version-history":[{"count":4,"href":"https:\/\/serveiseducatius.xtec.cat\/vallesoccidental5\/wp-json\/wp\/v2\/posts\/13461\/revisions"}],"predecessor-version":[{"id":13466,"href":"https:\/\/serveiseducatius.xtec.cat\/vallesoccidental5\/wp-json\/wp\/v2\/posts\/13461\/revisions\/13466"}],"wp:featuredmedia":[{"embeddable":true,"href":"https:\/\/serveiseducatius.xtec.cat\/vallesoccidental5\/wp-json\/wp\/v2\/media\/13462"}],"wp:attachment":[{"href":"https:\/\/serveiseducatius.xtec.cat\/vallesoccidental5\/wp-json\/wp\/v2\/media?parent=13461"}],"wp:term":[{"taxonomy":"category","embeddable":true,"href":"https:\/\/serveiseducatius.xtec.cat\/vallesoccidental5\/wp-json\/wp\/v2\/categories?post=13461"},{"taxonomy":"post_tag","embeddable":true,"href":"https:\/\/serveiseducatius.xtec.cat\/vallesoccidental5\/wp-json\/wp\/v2\/tags?post=13461"}],"curies":[{"name":"wp","href":"https:\/\/api.w.org\/{rel}","templated":true}]}}