{"id":13386,"date":"2021-12-10T12:46:27","date_gmt":"2021-12-10T11:46:27","guid":{"rendered":"https:\/\/serveiseducatius.xtec.cat\/vallesoccidental5\/?p=13386"},"modified":"2021-12-10T14:21:24","modified_gmt":"2021-12-10T13:21:24","slug":"cicle-de-3-conferencies-sobre-les-bases-de-la-intervencio-psicoeducativa-de-lalumnat-amb-tea","status":"publish","type":"post","link":"https:\/\/serveiseducatius.xtec.cat\/vallesoccidental5\/portada\/cicle-de-3-conferencies-sobre-les-bases-de-la-intervencio-psicoeducativa-de-lalumnat-amb-tea\/","title":{"rendered":"CICLE DE 3 CONFER\u00c8NCIES SOBRE LES BASES DE LA INTERVENCI\u00d3 PSICOEDUCATIVA DE L\u2019ALUMNAT AMB TEA"},"content":{"rendered":"<p><a href=\"https:\/\/serveiseducatius.xtec.cat\/vallesoccidental5\/wp-content\/uploads\/usu1111\/2021\/12\/Captura-de-Pantalla-2021-12-10-a-les-14.08.54.png\"><img loading=\"lazy\" decoding=\"async\" class=\" wp-image-13417 alignleft\" src=\"https:\/\/serveiseducatius.xtec.cat\/vallesoccidental5\/wp-content\/uploads\/usu1111\/2021\/12\/Captura-de-Pantalla-2021-12-10-a-les-14.08.54.png\" alt=\"\" width=\"228\" height=\"319\" srcset=\"https:\/\/serveiseducatius.xtec.cat\/vallesoccidental5\/wp-content\/uploads\/usu1111\/2021\/12\/Captura-de-Pantalla-2021-12-10-a-les-14.08.54.png 452w, https:\/\/serveiseducatius.xtec.cat\/vallesoccidental5\/wp-content\/uploads\/usu1111\/2021\/12\/Captura-de-Pantalla-2021-12-10-a-les-14.08.54-215x300.png 215w\" sizes=\"auto, (max-width: 228px) 100vw, 228px\" \/><\/a><\/p>\n<h3><\/h3>\n<h3><\/h3>\n<h3><\/h3>\n<h3 style=\"text-align: justify;\"><span style=\"font-size: 14pt;\">Arran de les diverses demandes i necessitats dels centres de Cerdanyola en l\u2019\u00e0mbit d\u2019infants amb TEA des del Servei Educatiu hem donat resposta amb un <em>Cicle de 3 confer\u00e8ncies<\/em> realitzades per l\u2019Olga Gisbert i Llu\u00eds Valero. Aquests dos professionals, directora i subdirector del Centre Bellaire, ens han aportat bones pr\u00e0ctiques, estrat\u00e8gies i suports per l\u2019alumnat amb TEA.<\/span><\/h3>\n<h3><\/h3>\n<h3><\/h3>\n<p>&nbsp;<\/p>\n<h3><\/h3>\n<p>&nbsp;<\/p>\n<p>&nbsp;<\/p>\n<p>&nbsp;<\/p>\n<p>&nbsp;<\/p>\n<p>&nbsp;<\/p>\n<h3><\/h3>\n<h3><span style=\"font-size: 14pt;\">El contingut de les tres confer\u00e8ncies ha estat el seg\u00fcent:<\/span><\/h3>\n<p style=\"padding-left: 40px;\"><span style=\"font-size: 14pt;\"><strong>1a sessi\u00f3 : NECESSITATS DE SUPORT DERIVADES DEL TEA. \u00c0REES D&#8217;INTERVENCI\u00d3 AMB L&#8217;ALUMNAT TEA<\/strong><\/span><\/p>\n<p style=\"padding-left: 40px;\"><span style=\"font-size: 14pt;\"><strong>2a sessi\u00f3: M\u00c8TODES I ESTRAT\u00c8GIES D&#8217;INTERVENCI\u00d3 D&#8217;EFICAC\u00c0CIA DEMOSTRADA. M\u00c8TODE TEACCH (ensenyament estructurat). SAAC (sistemes augmentatius i alternatius de la comuniacaci\u00f3)<\/strong><\/span><\/p>\n<p style=\"padding-left: 40px;\"><span style=\"font-size: 14pt;\"><strong>3a sessi\u00f3: ESTRAT\u00c8GIES D&#8217;INTERVENCI\u00d3 EN CONDUCTA. INTERVENCIONS EN HABILITATS MENTALISTES.<\/strong><\/span><\/p>\n<h3><span style=\"font-size: 14pt;\">Ha estat un plaer i un luxe compartir aquestes trobades de reflexi\u00f3 pedag\u00f2gica amb l&#8217;Olga i el Llu\u00eds, professionals de Cerdanyola. <\/span><\/h3>\n<h3><span style=\"font-size: 14pt;\">Esperem haver complert amb les vostres expectatives i desitgem que hagin estat unes sessions reeixides aportant estrat\u00e8gies pel dia a dia a l&#8217;aula ordin\u00e0ria.\u00a0<\/span><\/h3>\n<h3><span style=\"color: #333333;\"><span style=\"font-size: 14pt;\">Des del Servei Educatiu continuarem treballant per donar resposta a les necessitats dels centres del Municipi.<\/span><\/span><\/h3>\n<p>&nbsp;<\/p>\n<h3 style=\"text-align: center;\"><span style=\"font-size: 14pt; color: #0000ff;\"><strong>1a sessi\u00f3<\/strong><\/span><\/h3>\n<h3 style=\"text-align: center;\"><span style=\"text-decoration: underline; color: #0000ff;\"><span style=\"font-size: 14pt;\"><strong>NECESSITATS DE SUPORT DERIVADES DEL TEA. \u00c0REES D&#8217;INTERVENCI\u00d3 AMB L&#8217;ALUMNAT AMB TEA<\/strong><\/span><\/span><\/h3>\n<p>&nbsp;<\/p>\n<p style=\"text-align: center;\"><iframe loading=\"lazy\" title=\"YouTube video player\" src=\"https:\/\/www.youtube.com\/embed\/ViLw89dKe6Y\" width=\"560\" height=\"315\" frameborder=\"0\" allowfullscreen=\"allowfullscreen\"><\/iframe><\/p>\n<p>&nbsp;<\/p>\n<h3 style=\"text-align: center;\"><span style=\"font-size: 14pt; color: #0000ff;\"><strong>2a sessi\u00f3<\/strong><\/span><\/h3>\n<h3 style=\"text-align: center;\"><span style=\"text-decoration: underline;\"><span style=\"font-size: 14pt; color: #0000ff; text-decoration: underline;\"><strong>M\u00c8TODES I ESTRAT\u00c8GIES D&#8217;INTERVENCI\u00d3 D&#8217;EFICAC\u00c0CIA DEMOSTRADA. <\/strong><\/span><\/span><\/h3>\n<h3 style=\"text-align: center;\"><span style=\"text-decoration: underline;\"><span style=\"font-size: 14pt; color: #0000ff; text-decoration: underline;\"><strong>M\u00c8TODE TEACCH (ensenyament estructurat)<\/strong><\/span><\/span><\/h3>\n<h3 style=\"text-align: center;\"><span style=\"text-decoration: underline;\"><span style=\"font-size: 14pt; color: #0000ff; text-decoration: underline;\"><strong>SAAC (sistemes augmentatius i alternatius de la comuniacaci\u00f3)<\/strong><\/span><\/span><\/h3>\n<p>&nbsp;<\/p>\n<p style=\"text-align: center;\"><iframe loading=\"lazy\" title=\"YouTube video player\" src=\"https:\/\/www.youtube.com\/embed\/NSu0V8PbO0w\" width=\"560\" height=\"315\" frameborder=\"0\" allowfullscreen=\"allowfullscreen\"><\/iframe><\/p>\n<h3><\/h3>\n<p>&nbsp;<\/p>\n<h3 style=\"text-align: center;\"><span style=\"font-size: 14pt; color: #0000ff;\"><strong>3a sessi\u00f3<\/strong><\/span><\/h3>\n<h3 style=\"text-align: center;\"><span style=\"text-decoration: underline;\"><span style=\"font-size: 14pt; color: #0000ff;\"><strong>ESTRAT\u00c8GIES D&#8217;INTERVENCI\u00d3 EN CONDUCTA. INTERVENCIONS EN HABILITATS MENTALISTES<\/strong><\/span><\/span><\/h3>\n<p>&nbsp;<\/p>\n<p style=\"text-align: center;\"><iframe loading=\"lazy\" title=\"YouTube video player\" src=\"https:\/\/www.youtube.com\/embed\/keXLf_8VPg8\" width=\"560\" height=\"315\" frameborder=\"0\" allowfullscreen=\"allowfullscreen\"><\/iframe><\/p>\n<p>&nbsp;<\/p>\n<h2 style=\"text-align: center;\"><strong><span style=\"color: #ff0000;\">GR\u00c0CIES PER LA VOSTRA PARTICIPACI\u00d3!<\/span><\/strong><\/h2>\n<p>&nbsp;<\/p>\n","protected":false},"excerpt":{"rendered":"<p>Arran de les diverses demandes i necessitats dels centres de Cerdanyola en l\u2019\u00e0mbit d\u2019infants amb TEA des del Servei Educatiu hem donat resposta amb un Cicle de 3 confer\u00e8ncies realitzades per l\u2019Olga Gisbert i Llu\u00eds Valero. Aquests dos professionals, directora i subdirector del Centre Bellaire, ens han aportat bones pr\u00e0ctiques, estrat\u00e8gies i suports per l\u2019alumnat [&hellip;]<\/p>\n","protected":false},"author":1,"featured_media":13405,"comment_status":"closed","ping_status":"closed","sticky":false,"template":"","format":"standard","meta":{"_bbp_topic_count":0,"_bbp_reply_count":0,"_bbp_total_topic_count":0,"_bbp_total_reply_count":0,"_bbp_voice_count":0,"_bbp_anonymous_reply_count":0,"_bbp_topic_count_hidden":0,"_bbp_reply_count_hidden":0,"_bbp_forum_subforum_count":0,"site-sidebar-layout":"default","site-content-layout":"","ast-site-content-layout":"","site-content-style":"default","site-sidebar-style":"default","ast-global-header-display":"","ast-banner-title-visibility":"","ast-main-header-display":"","ast-hfb-above-header-display":"","ast-hfb-below-header-display":"","ast-hfb-mobile-header-display":"","site-post-title":"","ast-breadcrumbs-content":"","ast-featured-img":"","footer-sml-layout":"","theme-transparent-header-meta":"","adv-header-id-meta":"","stick-header-meta":"","header-above-stick-meta":"","header-main-stick-meta":"","header-below-stick-meta":"","astra-migrate-meta-layouts":"default","ast-page-background-enabled":"default","ast-page-background-meta":{"desktop":{"background-color":"var(--ast-global-color-4)","background-image":"","background-repeat":"repeat","background-position":"center center","background-size":"auto","background-attachment":"scroll","background-type":"","background-media":"","overlay-type":"","overlay-color":"","overlay-opacity":"","overlay-gradient":""},"tablet":{"background-color":"","background-image":"","background-repeat":"repeat","background-position":"center center","background-size":"auto","background-attachment":"scroll","background-type":"","background-media":"","overlay-type":"","overlay-color":"","overlay-opacity":"","overlay-gradient":""},"mobile":{"background-color":"","background-image":"","background-repeat":"repeat","background-position":"center center","background-size":"auto","background-attachment":"scroll","background-type":"","background-media":"","overlay-type":"","overlay-color":"","overlay-opacity":"","overlay-gradient":""}},"ast-content-background-meta":{"desktop":{"background-color":"var(--ast-global-color-5)","background-image":"","background-repeat":"repeat","background-position":"center center","background-size":"auto","background-attachment":"scroll","background-type":"","background-media":"","overlay-type":"","overlay-color":"","overlay-opacity":"","overlay-gradient":""},"tablet":{"background-color":"var(--ast-global-color-5)","background-image":"","background-repeat":"repeat","background-position":"center center","background-size":"auto","background-attachment":"scroll","background-type":"","background-media":"","overlay-type":"","overlay-color":"","overlay-opacity":"","overlay-gradient":""},"mobile":{"background-color":"var(--ast-global-color-5)","background-image":"","background-repeat":"repeat","background-position":"center center","background-size":"auto","background-attachment":"scroll","background-type":"","background-media":"","overlay-type":"","overlay-color":"","overlay-opacity":"","overlay-gradient":""}},"footnotes":""},"categories":[511,491,153,29],"tags":[1143,227,1146,516,1147,1144,1145,653],"class_list":["post-13386","post","type-post","status-publish","format-standard","has-post-thumbnail","hentry","category-bones-practiques","category-diversitat","category-pfz","category-portada","tag-alumnat-amb-necessitats-educatives-especials","tag-atencio-a-la-diversitat","tag-cicle-de-conferencies","tag-diversitat","tag-escola-bellaire","tag-infants-tea","tag-nese","tag-tea"],"post_mailing_queue_ids":[],"_links":{"self":[{"href":"https:\/\/serveiseducatius.xtec.cat\/vallesoccidental5\/wp-json\/wp\/v2\/posts\/13386","targetHints":{"allow":["GET"]}}],"collection":[{"href":"https:\/\/serveiseducatius.xtec.cat\/vallesoccidental5\/wp-json\/wp\/v2\/posts"}],"about":[{"href":"https:\/\/serveiseducatius.xtec.cat\/vallesoccidental5\/wp-json\/wp\/v2\/types\/post"}],"author":[{"embeddable":true,"href":"https:\/\/serveiseducatius.xtec.cat\/vallesoccidental5\/wp-json\/wp\/v2\/users\/1"}],"replies":[{"embeddable":true,"href":"https:\/\/serveiseducatius.xtec.cat\/vallesoccidental5\/wp-json\/wp\/v2\/comments?post=13386"}],"version-history":[{"count":3,"href":"https:\/\/serveiseducatius.xtec.cat\/vallesoccidental5\/wp-json\/wp\/v2\/posts\/13386\/revisions"}],"predecessor-version":[{"id":13426,"href":"https:\/\/serveiseducatius.xtec.cat\/vallesoccidental5\/wp-json\/wp\/v2\/posts\/13386\/revisions\/13426"}],"wp:featuredmedia":[{"embeddable":true,"href":"https:\/\/serveiseducatius.xtec.cat\/vallesoccidental5\/wp-json\/wp\/v2\/media\/13405"}],"wp:attachment":[{"href":"https:\/\/serveiseducatius.xtec.cat\/vallesoccidental5\/wp-json\/wp\/v2\/media?parent=13386"}],"wp:term":[{"taxonomy":"category","embeddable":true,"href":"https:\/\/serveiseducatius.xtec.cat\/vallesoccidental5\/wp-json\/wp\/v2\/categories?post=13386"},{"taxonomy":"post_tag","embeddable":true,"href":"https:\/\/serveiseducatius.xtec.cat\/vallesoccidental5\/wp-json\/wp\/v2\/tags?post=13386"}],"curies":[{"name":"wp","href":"https:\/\/api.w.org\/{rel}","templated":true}]}}