{"id":13297,"date":"2021-11-02T09:57:50","date_gmt":"2021-11-02T08:57:50","guid":{"rendered":"https:\/\/serveiseducatius.xtec.cat\/vallesoccidental5\/?p=13297"},"modified":"2021-11-02T09:57:50","modified_gmt":"2021-11-02T08:57:50","slug":"seminaris-en-linia-deducacio-inclusiva-presentacio-del-video-per-a-la-difusio-del-document-orientacions-per-a-lelaboracio-del-pla-de-suport-individual-pi","status":"publish","type":"post","link":"https:\/\/serveiseducatius.xtec.cat\/vallesoccidental5\/portada\/seminaris-en-linia-deducacio-inclusiva-presentacio-del-video-per-a-la-difusio-del-document-orientacions-per-a-lelaboracio-del-pla-de-suport-individual-pi\/","title":{"rendered":"Seminaris en l\u00ednia d\u2019educaci\u00f3 inclusiva. Presentaci\u00f3 del v\u00eddeo per a la difusi\u00f3 del document Orientacions per a l\u2019elaboraci\u00f3 del pla de suport individual (PI)"},"content":{"rendered":"<header class=\"entry-header\">\n<h1 class=\"entry-title\"><a style=\"font-family: inherit; font-size: 1em; font-weight: normal;\" href=\"https:\/\/projectes.xtec.cat\/acollidasuport\/wp-content\/uploads\/usu2169\/2021\/10\/PI.png\"><img loading=\"lazy\" decoding=\"async\" class=\"alignleft size-full wp-image-9156\" src=\"https:\/\/projectes.xtec.cat\/acollidasuport\/wp-content\/uploads\/usu2169\/2021\/10\/PI.png\" sizes=\"auto, (max-width: 450px) 100vw, 450px\" srcset=\"https:\/\/projectes.xtec.cat\/acollidasuport\/wp-content\/uploads\/usu2169\/2021\/10\/PI.png 450w, https:\/\/projectes.xtec.cat\/acollidasuport\/wp-content\/uploads\/usu2169\/2021\/10\/PI-300x133.png 300w\" alt=\"\" width=\"450\" height=\"200\" \/><\/a><\/h1>\n<\/header>\n<div class=\"entry-content\">\n<p>La personalitzaci\u00f3 dels aprenentatges i el tractament\u00a0globalitzat dels continguts obliguen a situar el focus en la redacci\u00f3 d\u2019un\u00a0<a href=\"https:\/\/projectes.xtec.cat\/acollidasuport\/portada\/els-criteris-davaluacio-de-llengua-i-el-pi-de-lalumnat-nouvingut\/\"><b>pla de suport individualitzat (PI)<\/b><\/a>\u00a0 que hem de vincular estretament a la nostra programaci\u00f3 d\u2019aula (formada per les unitats o seq\u00fc\u00e8ncies did\u00e0ctiques o projectes) i que esdev\u00e9 una eina que ens permet analitzar\u00a0<a href=\"https:\/\/projectes.xtec.cat\/acollidasuport\/portada\/avaluar-lalumnat-dorigen-estranger-amb-pi-a-laula-ordinaria\/\"><b>l\u2019evoluci\u00f3 de la proposta educativa que hem dissenyat per a l\u2019alumne\/a<\/b><\/a>.<\/p>\n<p>El proper<b>\u00a02 de novembre a les 17:30h,<\/b>\u00a0 dins el\u00a0<i>Cicle de\u00a0<\/i><b>Seminaris en l\u00ednia d\u2019Educaci\u00f3 inclusiva<\/b>, es far\u00e0 una presentaci\u00f3 centrada en la difusi\u00f3 del document\u00a0<a href=\"https:\/\/educacio.gencat.cat\/ca\/departament\/publicacions\/colleccions\/competencies-basiques\/primaria\/orientacions-pla-suport-individualitzat\/\"><b><i>Orientacions per a l\u2019elaboraci\u00f3 del pla de suport individual<\/i><\/b><\/a>\u00a0i que far\u00e0 un recorregut des del\u00a0<b>concepte del pla de suport individualitzat<\/b>, la import\u00e0ncia de la\u00a0<b>programaci\u00f3 d\u2019aula<\/b>,\u00a0<b>quan, qui i com s\u2019elabora el PI<\/b>, fins a quin \u00e9s el\u00a0<b>contingut<\/b>.<\/p>\n<p>Podreu seguir la presentaci\u00f3 en aquest\u00a0<a href=\"https:\/\/www.youtube.com\/watch?v=8k4xG3z64ko\"><b>enlla\u00e7<\/b><\/a>.<\/p>\n<\/div>\n","protected":false},"excerpt":{"rendered":"<p>La personalitzaci\u00f3 dels aprenentatges i el tractament\u00a0globalitzat dels continguts obliguen a situar el focus en la redacci\u00f3 d\u2019un\u00a0pla de suport individualitzat (PI)\u00a0 que hem de vincular estretament a la nostra programaci\u00f3 d\u2019aula (formada per les unitats o seq\u00fc\u00e8ncies did\u00e0ctiques o projectes) i que esdev\u00e9 una eina que ens permet analitzar\u00a0l\u2019evoluci\u00f3 de la proposta educativa que [&hellip;]<\/p>\n","protected":false},"author":1,"featured_media":13299,"comment_status":"closed","ping_status":"closed","sticky":false,"template":"","format":"standard","meta":{"_bbp_topic_count":0,"_bbp_reply_count":0,"_bbp_total_topic_count":0,"_bbp_total_reply_count":0,"_bbp_voice_count":0,"_bbp_anonymous_reply_count":0,"_bbp_topic_count_hidden":0,"_bbp_reply_count_hidden":0,"_bbp_forum_subforum_count":0,"site-sidebar-layout":"default","site-content-layout":"","ast-site-content-layout":"","site-content-style":"default","site-sidebar-style":"default","ast-global-header-display":"","ast-banner-title-visibility":"","ast-main-header-display":"","ast-hfb-above-header-display":"","ast-hfb-below-header-display":"","ast-hfb-mobile-header-display":"","site-post-title":"","ast-breadcrumbs-content":"","ast-featured-img":"","footer-sml-layout":"","theme-transparent-header-meta":"","adv-header-id-meta":"","stick-header-meta":"","header-above-stick-meta":"","header-main-stick-meta":"","header-below-stick-meta":"","astra-migrate-meta-layouts":"default","ast-page-background-enabled":"default","ast-page-background-meta":{"desktop":{"background-color":"var(--ast-global-color-4)","background-image":"","background-repeat":"repeat","background-position":"center center","background-size":"auto","background-attachment":"scroll","background-type":"","background-media":"","overlay-type":"","overlay-color":"","overlay-opacity":"","overlay-gradient":""},"tablet":{"background-color":"","background-image":"","background-repeat":"repeat","background-position":"center center","background-size":"auto","background-attachment":"scroll","background-type":"","background-media":"","overlay-type":"","overlay-color":"","overlay-opacity":"","overlay-gradient":""},"mobile":{"background-color":"","background-image":"","background-repeat":"repeat","background-position":"center center","background-size":"auto","background-attachment":"scroll","background-type":"","background-media":"","overlay-type":"","overlay-color":"","overlay-opacity":"","overlay-gradient":""}},"ast-content-background-meta":{"desktop":{"background-color":"var(--ast-global-color-5)","background-image":"","background-repeat":"repeat","background-position":"center center","background-size":"auto","background-attachment":"scroll","background-type":"","background-media":"","overlay-type":"","overlay-color":"","overlay-opacity":"","overlay-gradient":""},"tablet":{"background-color":"var(--ast-global-color-5)","background-image":"","background-repeat":"repeat","background-position":"center center","background-size":"auto","background-attachment":"scroll","background-type":"","background-media":"","overlay-type":"","overlay-color":"","overlay-opacity":"","overlay-gradient":""},"mobile":{"background-color":"var(--ast-global-color-5)","background-image":"","background-repeat":"repeat","background-position":"center center","background-size":"auto","background-attachment":"scroll","background-type":"","background-media":"","overlay-type":"","overlay-color":"","overlay-opacity":"","overlay-gradient":""}},"footnotes":""},"categories":[29],"tags":[1121,1059,898,175,194,1123,1124,927,302,1122,1125],"class_list":["post-13297","post","type-post","status-publish","format-standard","has-post-thumbnail","hentry","category-portada","tag-acollida","tag-alumnat-dorigen-estranger","tag-alumnat-nouvingut","tag-aprenentatge","tag-avaluacio","tag-pi","tag-pla-de-suport-individualitzat","tag-portada","tag-programacio","tag-suport-a-laprenentatge","tag-suport-linguistic"],"post_mailing_queue_ids":[],"_links":{"self":[{"href":"https:\/\/serveiseducatius.xtec.cat\/vallesoccidental5\/wp-json\/wp\/v2\/posts\/13297","targetHints":{"allow":["GET"]}}],"collection":[{"href":"https:\/\/serveiseducatius.xtec.cat\/vallesoccidental5\/wp-json\/wp\/v2\/posts"}],"about":[{"href":"https:\/\/serveiseducatius.xtec.cat\/vallesoccidental5\/wp-json\/wp\/v2\/types\/post"}],"author":[{"embeddable":true,"href":"https:\/\/serveiseducatius.xtec.cat\/vallesoccidental5\/wp-json\/wp\/v2\/users\/1"}],"replies":[{"embeddable":true,"href":"https:\/\/serveiseducatius.xtec.cat\/vallesoccidental5\/wp-json\/wp\/v2\/comments?post=13297"}],"version-history":[{"count":1,"href":"https:\/\/serveiseducatius.xtec.cat\/vallesoccidental5\/wp-json\/wp\/v2\/posts\/13297\/revisions"}],"predecessor-version":[{"id":13298,"href":"https:\/\/serveiseducatius.xtec.cat\/vallesoccidental5\/wp-json\/wp\/v2\/posts\/13297\/revisions\/13298"}],"wp:featuredmedia":[{"embeddable":true,"href":"https:\/\/serveiseducatius.xtec.cat\/vallesoccidental5\/wp-json\/wp\/v2\/media\/13299"}],"wp:attachment":[{"href":"https:\/\/serveiseducatius.xtec.cat\/vallesoccidental5\/wp-json\/wp\/v2\/media?parent=13297"}],"wp:term":[{"taxonomy":"category","embeddable":true,"href":"https:\/\/serveiseducatius.xtec.cat\/vallesoccidental5\/wp-json\/wp\/v2\/categories?post=13297"},{"taxonomy":"post_tag","embeddable":true,"href":"https:\/\/serveiseducatius.xtec.cat\/vallesoccidental5\/wp-json\/wp\/v2\/tags?post=13297"}],"curies":[{"name":"wp","href":"https:\/\/api.w.org\/{rel}","templated":true}]}}