{"id":13209,"date":"2021-06-29T09:58:08","date_gmt":"2021-06-29T07:58:08","guid":{"rendered":"http:\/\/serveiseducatius.xtec.cat\/vallesoccidental5\/?p=13209"},"modified":"2021-07-16T08:20:33","modified_gmt":"2021-07-16T06:20:33","slug":"rap","status":"publish","type":"post","link":"https:\/\/serveiseducatius.xtec.cat\/vallesoccidental5\/portada\/rap\/","title":{"rendered":"TALLERS DE RAP, GRAFFITI I BREAKDANCE"},"content":{"rendered":"<p><a href=\"https:\/\/serveiseducatius.xtec.cat\/vallesoccidental5\/wp-content\/uploads\/usu1111\/2021\/06\/rap.jpg\"><img loading=\"lazy\" decoding=\"async\" class=\"alignnone size-full wp-image-13210\" src=\"https:\/\/serveiseducatius.xtec.cat\/vallesoccidental5\/wp-content\/uploads\/usu1111\/2021\/06\/rap.jpg\" alt=\"\" width=\"2362\" height=\"1181\" srcset=\"https:\/\/serveiseducatius.xtec.cat\/vallesoccidental5\/wp-content\/uploads\/usu1111\/2021\/06\/rap.jpg 2362w, https:\/\/serveiseducatius.xtec.cat\/vallesoccidental5\/wp-content\/uploads\/usu1111\/2021\/06\/rap-300x150.jpg 300w, https:\/\/serveiseducatius.xtec.cat\/vallesoccidental5\/wp-content\/uploads\/usu1111\/2021\/06\/rap-768x384.jpg 768w, https:\/\/serveiseducatius.xtec.cat\/vallesoccidental5\/wp-content\/uploads\/usu1111\/2021\/06\/rap-1024x512.jpg 1024w\" sizes=\"auto, (max-width: 2362px) 100vw, 2362px\" \/><\/a><\/p>\n<p dir=\"ltr\">Vols fer uns tallers de rap, grafitti i breakdance?<\/p>\n<p dir=\"ltr\">L\u2019entitat Versembrant ofereix aquests tallers, de dilluns a dijous, de 10.30 a 12.30, al Casal de Joves Ca n\u2019Altimira, per a joves que hagin acabat qualsevol curs d\u2019ESO als centres de Cerdanyola. Comen\u00e7aran el proper dilluns dia\u00a0 5, i el darrer dia ser\u00e0 el 15 de juliol.<\/p>\n<p dir=\"ltr\">Aquesta activitat forma part del Pla Educatiu d\u2019Entorn de Cerdanyola del Vall\u00e8s, que impulsen conjuntament el Departament d\u2019Educaci\u00f3 i l\u2019Ajuntament de Cerdanyola.<\/p>\n<p dir=\"ltr\">El taller \u00e9s gratu\u00eft, per\u00f2 cal inscriure\u2019s pr\u00e8viament en aquest enlla\u00e7:\u00a0<a href=\"https:\/\/forms.gle\/brswRVQirhgqK3Ea7\" target=\"_blank\" rel=\"noopener noreferrer\" data-saferedirecturl=\"https:\/\/www.google.com\/url?q=https:\/\/forms.gle\/brswRVQirhgqK3Ea7&amp;source=gmail&amp;ust=1624965472262000&amp;usg=AFQjCNESwX0YFr3Ro1mUmd4lLLbBmaJCBQ\">https:\/\/forms.gle\/<wbr \/>brswRVQirhgqK3Ea7<\/a><\/p>\n<p dir=\"ltr\">Les places seran atorgades per ordre d\u2019arribada.<\/p>\n<p>&nbsp;<\/p>\n","protected":false},"excerpt":{"rendered":"<p>Vols fer uns tallers de rap, grafitti i breakdance? L\u2019entitat Versembrant ofereix aquests tallers, de dilluns a dijous, de 10.30 a 12.30, al Casal de Joves Ca n\u2019Altimira, per a joves que hagin acabat qualsevol curs d\u2019ESO als centres de Cerdanyola. Comen\u00e7aran el proper dilluns dia\u00a0 5, i el darrer dia ser\u00e0 el 15 de [&hellip;]<\/p>\n","protected":false},"author":1,"featured_media":0,"comment_status":"closed","ping_status":"closed","sticky":false,"template":"","format":"standard","meta":{"_bbp_topic_count":0,"_bbp_reply_count":0,"_bbp_total_topic_count":0,"_bbp_total_reply_count":0,"_bbp_voice_count":0,"_bbp_anonymous_reply_count":0,"_bbp_topic_count_hidden":0,"_bbp_reply_count_hidden":0,"_bbp_forum_subforum_count":0,"site-sidebar-layout":"default","site-content-layout":"","ast-site-content-layout":"","site-content-style":"default","site-sidebar-style":"default","ast-global-header-display":"","ast-banner-title-visibility":"","ast-main-header-display":"","ast-hfb-above-header-display":"","ast-hfb-below-header-display":"","ast-hfb-mobile-header-display":"","site-post-title":"","ast-breadcrumbs-content":"","ast-featured-img":"","footer-sml-layout":"","theme-transparent-header-meta":"","adv-header-id-meta":"","stick-header-meta":"","header-above-stick-meta":"","header-main-stick-meta":"","header-below-stick-meta":"","astra-migrate-meta-layouts":"default","ast-page-background-enabled":"default","ast-page-background-meta":{"desktop":{"background-color":"var(--ast-global-color-4)","background-image":"","background-repeat":"repeat","background-position":"center center","background-size":"auto","background-attachment":"scroll","background-type":"","background-media":"","overlay-type":"","overlay-color":"","overlay-opacity":"","overlay-gradient":""},"tablet":{"background-color":"","background-image":"","background-repeat":"repeat","background-position":"center center","background-size":"auto","background-attachment":"scroll","background-type":"","background-media":"","overlay-type":"","overlay-color":"","overlay-opacity":"","overlay-gradient":""},"mobile":{"background-color":"","background-image":"","background-repeat":"repeat","background-position":"center center","background-size":"auto","background-attachment":"scroll","background-type":"","background-media":"","overlay-type":"","overlay-color":"","overlay-opacity":"","overlay-gradient":""}},"ast-content-background-meta":{"desktop":{"background-color":"var(--ast-global-color-5)","background-image":"","background-repeat":"repeat","background-position":"center center","background-size":"auto","background-attachment":"scroll","background-type":"","background-media":"","overlay-type":"","overlay-color":"","overlay-opacity":"","overlay-gradient":""},"tablet":{"background-color":"var(--ast-global-color-5)","background-image":"","background-repeat":"repeat","background-position":"center center","background-size":"auto","background-attachment":"scroll","background-type":"","background-media":"","overlay-type":"","overlay-color":"","overlay-opacity":"","overlay-gradient":""},"mobile":{"background-color":"var(--ast-global-color-5)","background-image":"","background-repeat":"repeat","background-position":"center center","background-size":"auto","background-attachment":"scroll","background-type":"","background-media":"","overlay-type":"","overlay-color":"","overlay-opacity":"","overlay-gradient":""}},"footnotes":""},"categories":[29],"tags":[775,841,1041],"class_list":["post-13209","post","type-post","status-publish","format-standard","hentry","category-portada","tag-cerdanyola-del-valles","tag-pee","tag-rap"],"post_mailing_queue_ids":[],"_links":{"self":[{"href":"https:\/\/serveiseducatius.xtec.cat\/vallesoccidental5\/wp-json\/wp\/v2\/posts\/13209","targetHints":{"allow":["GET"]}}],"collection":[{"href":"https:\/\/serveiseducatius.xtec.cat\/vallesoccidental5\/wp-json\/wp\/v2\/posts"}],"about":[{"href":"https:\/\/serveiseducatius.xtec.cat\/vallesoccidental5\/wp-json\/wp\/v2\/types\/post"}],"author":[{"embeddable":true,"href":"https:\/\/serveiseducatius.xtec.cat\/vallesoccidental5\/wp-json\/wp\/v2\/users\/1"}],"replies":[{"embeddable":true,"href":"https:\/\/serveiseducatius.xtec.cat\/vallesoccidental5\/wp-json\/wp\/v2\/comments?post=13209"}],"version-history":[{"count":2,"href":"https:\/\/serveiseducatius.xtec.cat\/vallesoccidental5\/wp-json\/wp\/v2\/posts\/13209\/revisions"}],"predecessor-version":[{"id":13212,"href":"https:\/\/serveiseducatius.xtec.cat\/vallesoccidental5\/wp-json\/wp\/v2\/posts\/13209\/revisions\/13212"}],"wp:attachment":[{"href":"https:\/\/serveiseducatius.xtec.cat\/vallesoccidental5\/wp-json\/wp\/v2\/media?parent=13209"}],"wp:term":[{"taxonomy":"category","embeddable":true,"href":"https:\/\/serveiseducatius.xtec.cat\/vallesoccidental5\/wp-json\/wp\/v2\/categories?post=13209"},{"taxonomy":"post_tag","embeddable":true,"href":"https:\/\/serveiseducatius.xtec.cat\/vallesoccidental5\/wp-json\/wp\/v2\/tags?post=13209"}],"curies":[{"name":"wp","href":"https:\/\/api.w.org\/{rel}","templated":true}]}}