{"id":13049,"date":"2021-05-17T08:51:08","date_gmt":"2021-05-17T06:51:08","guid":{"rendered":"http:\/\/serveiseducatius.xtec.cat\/vallesoccidental5\/?p=13049"},"modified":"2021-07-16T08:22:48","modified_gmt":"2021-07-16T06:22:48","slug":"recursos-per-treballar-a-laula-el-dia-internacional-contra-lhomofobia-la-transfobia-i-la-bifobia","status":"publish","type":"post","link":"https:\/\/serveiseducatius.xtec.cat\/vallesoccidental5\/portada\/recursos-per-treballar-a-laula-el-dia-internacional-contra-lhomofobia-la-transfobia-i-la-bifobia\/","title":{"rendered":"RECURSOS PER TREBALLAR A L&#8217;AULA EL DIA INTERNACIONAL CONTRA L&#8217;HOMOF\u00d2BIA, LA TRANSF\u00d2BIA I LA BIF\u00d2BIA"},"content":{"rendered":"<p><a href=\"http:\/\/xtec.gencat.cat\/ca\/centres\/celebracions\/2021\/dia-internacional-contra-lhomofobia-la-transfobia-i-la-bifobia\/\" target=\"_blank\" rel=\"noopener noreferrer\"><img loading=\"lazy\" decoding=\"async\" class=\"size-full wp-image-13051 alignleft\" src=\"https:\/\/serveiseducatius.xtec.cat\/vallesoccidental5\/wp-content\/uploads\/usu1111\/2021\/05\/HOMO.png\" alt=\"\" width=\"328\" height=\"296\" srcset=\"https:\/\/serveiseducatius.xtec.cat\/vallesoccidental5\/wp-content\/uploads\/usu1111\/2021\/05\/HOMO.png 328w, https:\/\/serveiseducatius.xtec.cat\/vallesoccidental5\/wp-content\/uploads\/usu1111\/2021\/05\/HOMO-300x271.png 300w\" sizes=\"auto, (max-width: 328px) 100vw, 328px\" \/><\/a>Avui us oferim recursos del Departament d&#8217;Educaci\u00f3 per tal de treballar a les aules <strong><span style=\"color: #800080;\">EL DIA INTERNACIONAL CONTRA L&#8217;HOMOF\u00d2BIA, TRANSF\u00d2BIA I BIF\u00d2BIA<\/span><\/strong>!<\/p>\n<p>Tot desitjant que ben aviat no haguem de celebrar aquests dies. Aix\u00f2 arribar\u00e0 quan a les escoles duguem a terme una bona tasca sobre <strong>coeducaci\u00f3<\/strong> i promoguem la conscienciaci\u00f3 de la diversitat de g\u00e8nere i la prevenci\u00f3 i l&#8217;abordatge de l&#8217;assetjament.<\/p>\n<p>&nbsp;<\/p>\n<p>&nbsp;<\/p>\n<p>&nbsp;<\/p>\n<p>En aquests enlla\u00e7 trobareu:<\/p>\n<ul>\n<li><span style=\"color: #800080;\"><a style=\"color: #800080;\" href=\"http:\/\/xtec.gencat.cat\/ca\/centres\/celebracions\/2021\/dia-internacional-contra-lhomofobia-la-transfobia-i-la-bifobia\/\" target=\"_blank\" rel=\"noopener noreferrer\"><strong>P\u00e0gina web del Departament<\/strong><\/a><\/span> amb recursos d&#8217;experts en el tema, per a realitzar un cinef\u00f3rum a l&#8217;aula, contes, Minim\u00f3ns sense estereotips<\/li>\n<li><span style=\"color: #800080;\"><strong>Recursos did\u00e0ctics<\/strong><\/span>: <a href=\"http:\/\/educacio.gencat.cat\/ca\/departament\/linies-estrategiques\/escoles-lliures-de-violencies\/\" target=\"_blank\" rel=\"noopener noreferrer\">Pla les escoles lliures de viol\u00e8ncies<\/a>, <a href=\"https:\/\/projectes.xtec.cat\/educacioinclusiva\/general\/diversitat-afectivosexual-i-de-genere-en-lambit-educatiu\/\" target=\"_blank\" rel=\"noopener noreferrer\">Diversitat afectivosexual i de g\u00e8nere en l\u2019\u00e0mbit educatiu<\/a>;\u00a0<a href=\"https:\/\/projectes.xtec.cat\/educacioinclusiva\/portada\/com-actuar-davant-les-persones-trans-dins-els-centres-educatius\/\" target=\"_blank\" rel=\"noopener noreferrer\">Com actuar davant les persones Trans* dins els centres educatius,\u00a0<\/a><a href=\"https:\/\/blocs.xtec.cat\/coeducacioiigualtat\/?_ga=2.253802440.1599512571.1603790134-635808204.1413654475\" target=\"_blank\" rel=\"noopener noreferrer\">Blog del Coeduca\u2019t<\/a>, <a href=\"http:\/\/xtec.gencat.cat\/ca\/centres\/projeducatiu\/convivencia\/prog-form-prev-violencia-masclista\/\">Programa formatiu de prevenci\u00f3 de la viol\u00e8ncia masclista<\/a>. <a href=\"http:\/\/educacio.gencat.cat\/ca\/arees-actuacio\/families\/fomentem-valors\/igualtat-genere\/\" target=\"_blank\" rel=\"noopener noreferrer\">Fam\u00edlies. Fomentem els valors. Igualtat de g\u00e8nere<\/a>. I un munt de recursos m\u00e9s que estan el vostre avast per quan ho volgueu treballar a l&#8217;aula.<\/li>\n<\/ul>\n<h1 class=\"entry-title\" style=\"text-align: center;\"><span style=\"color: #ff0000;\">UNA<\/span> <span style=\"color: #ff6600;\">ESCOLA PER<\/span> <span style=\"color: #ffff00;\">A TOTHOM, <\/span><\/h1>\n<h1 class=\"entry-title\" style=\"text-align: center;\"><span style=\"color: #00ff00;\">UN PROJECTE<\/span> <span style=\"color: #0000ff;\">PER<\/span> <span style=\"color: #800080;\">A CADASCUNA<\/span><\/h1>\n<p>&nbsp;<\/p>\n","protected":false},"excerpt":{"rendered":"<p>Avui us oferim recursos del Departament d&#8217;Educaci\u00f3 per tal de treballar a les aules EL DIA INTERNACIONAL CONTRA L&#8217;HOMOF\u00d2BIA, TRANSF\u00d2BIA I BIF\u00d2BIA! Tot desitjant que ben aviat no haguem de celebrar aquests dies. Aix\u00f2 arribar\u00e0 quan a les escoles duguem a terme una bona tasca sobre coeducaci\u00f3 i promoguem la conscienciaci\u00f3 de la diversitat de [&hellip;]<\/p>\n","protected":false},"author":1,"featured_media":13051,"comment_status":"closed","ping_status":"closed","sticky":false,"template":"","format":"standard","meta":{"_bbp_topic_count":0,"_bbp_reply_count":0,"_bbp_total_topic_count":0,"_bbp_total_reply_count":0,"_bbp_voice_count":0,"_bbp_anonymous_reply_count":0,"_bbp_topic_count_hidden":0,"_bbp_reply_count_hidden":0,"_bbp_forum_subforum_count":0,"site-sidebar-layout":"default","site-content-layout":"","ast-site-content-layout":"","site-content-style":"default","site-sidebar-style":"default","ast-global-header-display":"","ast-banner-title-visibility":"","ast-main-header-display":"","ast-hfb-above-header-display":"","ast-hfb-below-header-display":"","ast-hfb-mobile-header-display":"","site-post-title":"","ast-breadcrumbs-content":"","ast-featured-img":"","footer-sml-layout":"","theme-transparent-header-meta":"","adv-header-id-meta":"","stick-header-meta":"","header-above-stick-meta":"","header-main-stick-meta":"","header-below-stick-meta":"","astra-migrate-meta-layouts":"default","ast-page-background-enabled":"default","ast-page-background-meta":{"desktop":{"background-color":"var(--ast-global-color-4)","background-image":"","background-repeat":"repeat","background-position":"center center","background-size":"auto","background-attachment":"scroll","background-type":"","background-media":"","overlay-type":"","overlay-color":"","overlay-opacity":"","overlay-gradient":""},"tablet":{"background-color":"","background-image":"","background-repeat":"repeat","background-position":"center center","background-size":"auto","background-attachment":"scroll","background-type":"","background-media":"","overlay-type":"","overlay-color":"","overlay-opacity":"","overlay-gradient":""},"mobile":{"background-color":"","background-image":"","background-repeat":"repeat","background-position":"center center","background-size":"auto","background-attachment":"scroll","background-type":"","background-media":"","overlay-type":"","overlay-color":"","overlay-opacity":"","overlay-gradient":""}},"ast-content-background-meta":{"desktop":{"background-color":"var(--ast-global-color-5)","background-image":"","background-repeat":"repeat","background-position":"center center","background-size":"auto","background-attachment":"scroll","background-type":"","background-media":"","overlay-type":"","overlay-color":"","overlay-opacity":"","overlay-gradient":""},"tablet":{"background-color":"var(--ast-global-color-5)","background-image":"","background-repeat":"repeat","background-position":"center center","background-size":"auto","background-attachment":"scroll","background-type":"","background-media":"","overlay-type":"","overlay-color":"","overlay-opacity":"","overlay-gradient":""},"mobile":{"background-color":"var(--ast-global-color-5)","background-image":"","background-repeat":"repeat","background-position":"center center","background-size":"auto","background-attachment":"scroll","background-type":"","background-media":"","overlay-type":"","overlay-color":"","overlay-opacity":"","overlay-gradient":""}},"footnotes":""},"categories":[29],"tags":[1006,1004,900,1005],"class_list":["post-13049","post","type-post","status-publish","format-standard","has-post-thumbnail","hentry","category-portada","tag-bifobia","tag-homofobia","tag-lgtbi","tag-transfobia"],"post_mailing_queue_ids":[],"_links":{"self":[{"href":"https:\/\/serveiseducatius.xtec.cat\/vallesoccidental5\/wp-json\/wp\/v2\/posts\/13049","targetHints":{"allow":["GET"]}}],"collection":[{"href":"https:\/\/serveiseducatius.xtec.cat\/vallesoccidental5\/wp-json\/wp\/v2\/posts"}],"about":[{"href":"https:\/\/serveiseducatius.xtec.cat\/vallesoccidental5\/wp-json\/wp\/v2\/types\/post"}],"author":[{"embeddable":true,"href":"https:\/\/serveiseducatius.xtec.cat\/vallesoccidental5\/wp-json\/wp\/v2\/users\/1"}],"replies":[{"embeddable":true,"href":"https:\/\/serveiseducatius.xtec.cat\/vallesoccidental5\/wp-json\/wp\/v2\/comments?post=13049"}],"version-history":[{"count":3,"href":"https:\/\/serveiseducatius.xtec.cat\/vallesoccidental5\/wp-json\/wp\/v2\/posts\/13049\/revisions"}],"predecessor-version":[{"id":13055,"href":"https:\/\/serveiseducatius.xtec.cat\/vallesoccidental5\/wp-json\/wp\/v2\/posts\/13049\/revisions\/13055"}],"wp:featuredmedia":[{"embeddable":true,"href":"https:\/\/serveiseducatius.xtec.cat\/vallesoccidental5\/wp-json\/wp\/v2\/media\/13051"}],"wp:attachment":[{"href":"https:\/\/serveiseducatius.xtec.cat\/vallesoccidental5\/wp-json\/wp\/v2\/media?parent=13049"}],"wp:term":[{"taxonomy":"category","embeddable":true,"href":"https:\/\/serveiseducatius.xtec.cat\/vallesoccidental5\/wp-json\/wp\/v2\/categories?post=13049"},{"taxonomy":"post_tag","embeddable":true,"href":"https:\/\/serveiseducatius.xtec.cat\/vallesoccidental5\/wp-json\/wp\/v2\/tags?post=13049"}],"curies":[{"name":"wp","href":"https:\/\/api.w.org\/{rel}","templated":true}]}}