{"id":13029,"date":"2021-05-10T10:30:55","date_gmt":"2021-05-10T08:30:55","guid":{"rendered":"http:\/\/serveiseducatius.xtec.cat\/vallesoccidental5\/?p=13029"},"modified":"2021-05-10T10:33:07","modified_gmt":"2021-05-10T08:33:07","slug":"segon-sessio-documentacio-jenny-silvente","status":"publish","type":"post","link":"https:\/\/serveiseducatius.xtec.cat\/vallesoccidental5\/general\/segon-sessio-documentacio-jenny-silvente\/","title":{"rendered":"Segona Sessi\u00f3 DOCUMENTACI\u00d3 &#8211; Jenny Silvente"},"content":{"rendered":"<p><a href=\"https:\/\/youtu.be\/26zwrqWxzEI\" target=\"_blank\" rel=\"noopener noreferrer\"><img loading=\"lazy\" decoding=\"async\" class=\"wp-image-12998 alignright\" src=\"https:\/\/serveiseducatius.xtec.cat\/vallesoccidental5\/wp-content\/uploads\/usu1111\/2021\/04\/D\u00eda-de-la-Educaci\u00f3n-colorido-post-para-Instagram.jpg\" alt=\"\" width=\"297\" height=\"297\" srcset=\"https:\/\/serveiseducatius.xtec.cat\/vallesoccidental5\/wp-content\/uploads\/usu1111\/2021\/04\/D\u00eda-de-la-Educaci\u00f3n-colorido-post-para-Instagram.jpg 1080w, https:\/\/serveiseducatius.xtec.cat\/vallesoccidental5\/wp-content\/uploads\/usu1111\/2021\/04\/D\u00eda-de-la-Educaci\u00f3n-colorido-post-para-Instagram-150x150.jpg 150w, https:\/\/serveiseducatius.xtec.cat\/vallesoccidental5\/wp-content\/uploads\/usu1111\/2021\/04\/D\u00eda-de-la-Educaci\u00f3n-colorido-post-para-Instagram-300x300.jpg 300w, https:\/\/serveiseducatius.xtec.cat\/vallesoccidental5\/wp-content\/uploads\/usu1111\/2021\/04\/D\u00eda-de-la-Educaci\u00f3n-colorido-post-para-Instagram-768x768.jpg 768w, https:\/\/serveiseducatius.xtec.cat\/vallesoccidental5\/wp-content\/uploads\/usu1111\/2021\/04\/D\u00eda-de-la-Educaci\u00f3n-colorido-post-para-Instagram-1024x1024.jpg 1024w\" sizes=\"auto, (max-width: 297px) 100vw, 297px\" \/><\/a><\/p>\n<p>Dimarts 4 de maig vam tancar el cicle de xerrades amb la Jenny Silvente al voltant de la <a href=\"https:\/\/youtu.be\/26zwrqWxzEI\" target=\"_blank\" rel=\"noopener noreferrer\"><span style=\"color: #3366ff;\"><strong>DOCUMENTACI\u00d3<\/strong><\/span><\/a>. En aquesta darrera sessi\u00f3 ens va parlar de la import\u00e0ncia de la documentaci\u00f3, de l&#8217;enfoc que li hem de donar en funci\u00f3 de qui vagi destinada. Documentar no nom\u00e9s vol dir narrar sin\u00f3 analitzar els processos i plasmar-los amb la fotografia i la redacci\u00f3.<\/p>\n<p>&nbsp;<\/p>\n<p>&nbsp;<\/p>\n","protected":false},"excerpt":{"rendered":"<p>Dimarts 4 de maig vam tancar el cicle de xerrades amb la Jenny Silvente al voltant de la DOCUMENTACI\u00d3. En aquesta darrera sessi\u00f3 ens va parlar de la import\u00e0ncia de la documentaci\u00f3, de l&#8217;enfoc que li hem de donar en funci\u00f3 de qui vagi destinada. Documentar no nom\u00e9s vol dir narrar sin\u00f3 analitzar els processos [&hellip;]<\/p>\n","protected":false},"author":1,"featured_media":13030,"comment_status":"closed","ping_status":"closed","sticky":false,"template":"","format":"standard","meta":{"_bbp_topic_count":0,"_bbp_reply_count":0,"_bbp_total_topic_count":0,"_bbp_total_reply_count":0,"_bbp_voice_count":0,"_bbp_anonymous_reply_count":0,"_bbp_topic_count_hidden":0,"_bbp_reply_count_hidden":0,"_bbp_forum_subforum_count":0,"site-sidebar-layout":"default","site-content-layout":"","ast-site-content-layout":"","site-content-style":"default","site-sidebar-style":"default","ast-global-header-display":"","ast-banner-title-visibility":"","ast-main-header-display":"","ast-hfb-above-header-display":"","ast-hfb-below-header-display":"","ast-hfb-mobile-header-display":"","site-post-title":"","ast-breadcrumbs-content":"","ast-featured-img":"","footer-sml-layout":"","theme-transparent-header-meta":"","adv-header-id-meta":"","stick-header-meta":"","header-above-stick-meta":"","header-main-stick-meta":"","header-below-stick-meta":"","astra-migrate-meta-layouts":"default","ast-page-background-enabled":"default","ast-page-background-meta":{"desktop":{"background-color":"var(--ast-global-color-4)","background-image":"","background-repeat":"repeat","background-position":"center center","background-size":"auto","background-attachment":"scroll","background-type":"","background-media":"","overlay-type":"","overlay-color":"","overlay-opacity":"","overlay-gradient":""},"tablet":{"background-color":"","background-image":"","background-repeat":"repeat","background-position":"center center","background-size":"auto","background-attachment":"scroll","background-type":"","background-media":"","overlay-type":"","overlay-color":"","overlay-opacity":"","overlay-gradient":""},"mobile":{"background-color":"","background-image":"","background-repeat":"repeat","background-position":"center center","background-size":"auto","background-attachment":"scroll","background-type":"","background-media":"","overlay-type":"","overlay-color":"","overlay-opacity":"","overlay-gradient":""}},"ast-content-background-meta":{"desktop":{"background-color":"var(--ast-global-color-5)","background-image":"","background-repeat":"repeat","background-position":"center center","background-size":"auto","background-attachment":"scroll","background-type":"","background-media":"","overlay-type":"","overlay-color":"","overlay-opacity":"","overlay-gradient":""},"tablet":{"background-color":"var(--ast-global-color-5)","background-image":"","background-repeat":"repeat","background-position":"center center","background-size":"auto","background-attachment":"scroll","background-type":"","background-media":"","overlay-type":"","overlay-color":"","overlay-opacity":"","overlay-gradient":""},"mobile":{"background-color":"var(--ast-global-color-5)","background-image":"","background-repeat":"repeat","background-position":"center center","background-size":"auto","background-attachment":"scroll","background-type":"","background-media":"","overlay-type":"","overlay-color":"","overlay-opacity":"","overlay-gradient":""}},"footnotes":""},"categories":[1,29],"tags":[989,988,170],"class_list":["post-13029","post","type-post","status-publish","format-standard","has-post-thumbnail","hentry","category-general","category-portada","tag-documentacio","tag-jenny-silvente","tag-observacio"],"post_mailing_queue_ids":[],"_links":{"self":[{"href":"https:\/\/serveiseducatius.xtec.cat\/vallesoccidental5\/wp-json\/wp\/v2\/posts\/13029","targetHints":{"allow":["GET"]}}],"collection":[{"href":"https:\/\/serveiseducatius.xtec.cat\/vallesoccidental5\/wp-json\/wp\/v2\/posts"}],"about":[{"href":"https:\/\/serveiseducatius.xtec.cat\/vallesoccidental5\/wp-json\/wp\/v2\/types\/post"}],"author":[{"embeddable":true,"href":"https:\/\/serveiseducatius.xtec.cat\/vallesoccidental5\/wp-json\/wp\/v2\/users\/1"}],"replies":[{"embeddable":true,"href":"https:\/\/serveiseducatius.xtec.cat\/vallesoccidental5\/wp-json\/wp\/v2\/comments?post=13029"}],"version-history":[{"count":2,"href":"https:\/\/serveiseducatius.xtec.cat\/vallesoccidental5\/wp-json\/wp\/v2\/posts\/13029\/revisions"}],"predecessor-version":[{"id":13033,"href":"https:\/\/serveiseducatius.xtec.cat\/vallesoccidental5\/wp-json\/wp\/v2\/posts\/13029\/revisions\/13033"}],"wp:featuredmedia":[{"embeddable":true,"href":"https:\/\/serveiseducatius.xtec.cat\/vallesoccidental5\/wp-json\/wp\/v2\/media\/13030"}],"wp:attachment":[{"href":"https:\/\/serveiseducatius.xtec.cat\/vallesoccidental5\/wp-json\/wp\/v2\/media?parent=13029"}],"wp:term":[{"taxonomy":"category","embeddable":true,"href":"https:\/\/serveiseducatius.xtec.cat\/vallesoccidental5\/wp-json\/wp\/v2\/categories?post=13029"},{"taxonomy":"post_tag","embeddable":true,"href":"https:\/\/serveiseducatius.xtec.cat\/vallesoccidental5\/wp-json\/wp\/v2\/tags?post=13029"}],"curies":[{"name":"wp","href":"https:\/\/api.w.org\/{rel}","templated":true}]}}