{"id":13015,"date":"2021-05-04T10:53:14","date_gmt":"2021-05-04T08:53:14","guid":{"rendered":"http:\/\/serveiseducatius.xtec.cat\/vallesoccidental5\/?p=13015"},"modified":"2021-05-10T10:31:56","modified_gmt":"2021-05-10T08:31:56","slug":"cb-6e","status":"publish","type":"post","link":"https:\/\/serveiseducatius.xtec.cat\/vallesoccidental5\/portada\/cb-6e\/","title":{"rendered":"CB 6\u00e8 VOC 2"},"content":{"rendered":"<p><a href=\"https:\/\/serveiseducatius.xtec.cat\/vallesoccidental5\/wp-content\/uploads\/usu1111\/2021\/05\/compet\u00e8ncies.png\"><img loading=\"lazy\" decoding=\"async\" class=\"alignnone size-full wp-image-13016\" src=\"https:\/\/serveiseducatius.xtec.cat\/vallesoccidental5\/wp-content\/uploads\/usu1111\/2021\/05\/compet\u00e8ncies.png\" alt=\"\" width=\"909\" height=\"133\" srcset=\"https:\/\/serveiseducatius.xtec.cat\/vallesoccidental5\/wp-content\/uploads\/usu1111\/2021\/05\/compet\u00e8ncies.png 909w, https:\/\/serveiseducatius.xtec.cat\/vallesoccidental5\/wp-content\/uploads\/usu1111\/2021\/05\/compet\u00e8ncies-300x44.png 300w, https:\/\/serveiseducatius.xtec.cat\/vallesoccidental5\/wp-content\/uploads\/usu1111\/2021\/05\/compet\u00e8ncies-768x112.png 768w\" sizes=\"auto, (max-width: 909px) 100vw, 909px\" \/><\/a><\/p>\n<ul class=\"n8H08c UVNKR\">\n<li class=\"TYR86d wXCUfe zfr3Q\" style=\"list-style-type: none;\">\n<ul class=\"n8H08c UVNKR\">\n<li class=\"TYR86d wXCUfe zfr3Q\" dir=\"ltr\">\n<p class=\"CDt4Ke zfr3Q\" dir=\"ltr\">Informaci\u00f3 institucional del Departament d&#8217;Educaci\u00f3: <a class=\"XqQF9c rXJpyf\" href=\"http:\/\/www.google.com\/url?q=http%3A%2F%2Fcsda.gencat.cat%2Fca%2Farees-actuacio%2Favaluacions-consell%2Favaluacio-sise-primaria%2Fprova-2021%2F&amp;sa=D&amp;sntz=1&amp;usg=AFQjCNGOEcLs5FCXSshT94__7fqQWcZ4Vw\" target=\"_blank\" rel=\"noopener noreferrer\">enlla\u00e7<\/a><\/p>\n<\/li>\n<\/ul>\n<\/li>\n<\/ul>\n<div id=\"h.p_ID_42\" class=\"CobnVe aP9Z7e\"><\/div>\n<div class=\"CjVfdc\">\n<div class=\"PPhIP rviiZ\">\n<div class=\"U26fgb mUbCce fKz7Od LRAOtb Znu9nd\" role=\"presentation\" aria-describedby=\"h.p_ID_42\" aria-label=\"Copia l'enlla\u00e7 del t\u00edtol\" aria-disabled=\"false\" data-tooltip=\"Copia l'enlla\u00e7 del t\u00edtol\" aria-hidden=\"true\" data-tooltip-position=\"top\" data-tooltip-vertical-offset=\"12\" data-tooltip-horizontal-offset=\"0\">\n<div class=\"VTBa7b MbhUzd\"><\/div>\n<\/div>\n<\/div>\n<p>Calendari per als centres educatius, els aplicadors\/es i els correctors\/es. Us penjarem els \u00e0udios de les proves.<\/p>\n<\/div>\n<div><\/div>\n<ul class=\"n8H08c UVNKR\">\n<li class=\"TYR86d wXCUfe zfr3Q\" style=\"list-style-type: none;\">\n<ul class=\"n8H08c UVNKR\">\n<li class=\"TYR86d wXCUfe zfr3Q\" dir=\"ltr\"><strong>Dimarts 4 de maig:<\/strong> proves de compet\u00e8ncia ling\u00fc\u00edstica en llengua <a href=\"https:\/\/drive.google.com\/drive\/folders\/1lpC1xU-P5o8tHON4_n9YFj0CTc1jsI9C?usp=sharing\" target=\"_blank\" rel=\"noopener noreferrer\"><span style=\"color: #0ecc00;\"><strong>castellana <\/strong><\/span><\/a>i de compet\u00e8ncia<a href=\"https:\/\/drive.google.com\/drive\/folders\/1GYra87iGhyu4Z0-96_E7nvZvCGN_lKxF?usp=sharing\" target=\"_blank\" rel=\"noopener noreferrer\"><span style=\"color: #0ecc00;\"><strong> matem\u00e0tica<\/strong><\/span><\/a><\/li>\n<li class=\"TYR86d wXCUfe zfr3Q\" dir=\"ltr\">\n<p class=\"CDt4Ke zfr3Q\" dir=\"ltr\"><strong>Dimecres 5 de maig: <\/strong>proves de compet\u00e8ncia ling\u00fc\u00edstica en llengua <a href=\"https:\/\/drive.google.com\/drive\/folders\/1BuVDHVAN5m57x3PXmgA78DrQyV9boUFP?usp=sharing\" target=\"_blank\" rel=\"noopener noreferrer\"><span style=\"color: #0ecc00;\"><strong>catalana <\/strong><\/span><\/a>i en llengua<a href=\"https:\/\/drive.google.com\/drive\/folders\/1ORgG880CuPHg-RUgHT0IxBx_nmnilvOc?usp=sharing\" target=\"_blank\" rel=\"noopener noreferrer\"><span style=\"color: #0ecc00;\"><strong> estrangera<\/strong><\/span><\/a><\/p>\n<\/li>\n<li class=\"TYR86d wXCUfe zfr3Q\" dir=\"ltr\">\n<p class=\"CDt4Ke zfr3Q\" dir=\"ltr\"><strong style=\"font-family: inherit; font-size: 1em;\">Dijous 6 de maig: <\/strong><span style=\"font-family: inherit; font-size: 1em;\">prova de compet\u00e8ncia del coneixement del<\/span><a href=\"https:\/\/drive.google.com\/drive\/folders\/1IiefoqSVGRTJGtmRHnfQbfMlR3QTyt4J?usp=sharing\" target=\"_blank\" rel=\"noopener noreferrer\"><span style=\"font-family: inherit; font-size: 1em; color: #0ecc00;\"><strong> medi natural<\/strong><\/span><\/a><\/p>\n<\/li>\n<li class=\"TYR86d wXCUfe zfr3Q\" dir=\"ltr\">\n<p class=\"CDt4Ke zfr3Q\" dir=\"ltr\"><strong>Dijous 13 de maig:<\/strong> <strong>Reuni\u00f3 amb els correctors\/es<\/strong>, a les 12.45h., <strong>de forma telem\u00e0tica us passarem l&#8217;enlla\u00e7<\/strong><\/p>\n<\/li>\n<li class=\"TYR86d wXCUfe zfr3Q\" dir=\"ltr\">\n<p class=\"CDt4Ke zfr3Q\" dir=\"ltr\"><strong>Del 31 de maig a l&#8217;11 de juny:<\/strong> correcci\u00f3 de les proves en l\u00ednia a l&#8217;aplicaci\u00f3 inform\u00e0tica<\/p>\n<\/li>\n<li class=\"TYR86d wXCUfe zfr3Q\" dir=\"ltr\">\n<p class=\"CDt4Ke zfr3Q\" dir=\"ltr\"><strong>A partir del 5 de juliol<\/strong>: desc\u00e0rrega dels informes de centre i els informes dels alumnes que s&#8217;han de lliurar a les fam\u00edlies<\/p>\n<\/li>\n<li class=\"TYR86d wXCUfe zfr3Q\" dir=\"ltr\">\n<p class=\"CDt4Ke zfr3Q\" dir=\"ltr\"><strong>Del 5 al 9 de juliol<\/strong>: acc\u00e9s de la direcci\u00f3 dels centres a l&#8217;aplicaci\u00f3 per visualitzar en l\u00ednia les correccions i, s&#8217;escau, tramesa de possibles reclamacions al president de la comissi\u00f3<\/p>\n<\/li>\n<li class=\"TYR86d wXCUfe zfr3Q\" dir=\"ltr\">\n<p class=\"CDt4Ke zfr3Q\" dir=\"ltr\"><strong>A partir d\u2019octubre<\/strong>: desc\u00e0rrega d&#8217;informes de centre per \u00edtems, amb els percentatges d&#8217;encerts obtinguts pel conjunt d&#8217;alumnes del centre<\/p>\n<\/li>\n<\/ul>\n<\/li>\n<\/ul>\n<p class=\"CDt4Ke zfr3Q\" dir=\"ltr\"><span class=\" OGiC0d\"><strong>La direcci\u00f3 del centre podr\u00e0,\u00a0a primera hora del mat\u00ed, descarregar de l&#8217;aplicatiu de les proves els <\/strong><\/span><span class=\" OGiC0d\"><strong>fitxers d&#8217;\u00e0udio<\/strong><\/span><span class=\" OGiC0d\"><strong> corresponents a les proves ling\u00fc\u00edstiques d&#8217;aquell dia (dimarts 4 el de castell\u00e0, dimecres 5 el de catal\u00e0 i els d&#8217;angl\u00e8s i de franc\u00e8s).\u00a0<\/strong><\/span><\/p>\n<div class=\"CjVfdc\"><span style=\"font-size: 36pt; color: #0ecc00;\">Novetats del curs 2020-21:<\/span><\/div>\n<div id=\"h.p_ID_46\" class=\"GV3q8e aP9Z7e\"><\/div>\n<div class=\"CjVfdc\">\n<div class=\"PPhIP rviiZ\">\n<div class=\"U26fgb mUbCce fKz7Od LRAOtb Znu9nd\" role=\"presentation\" aria-describedby=\"h.p_ID_46\" aria-label=\"Copia l'enlla\u00e7 del t\u00edtol\" aria-disabled=\"false\" data-tooltip=\"Copia l'enlla\u00e7 del t\u00edtol\" aria-hidden=\"true\" data-tooltip-position=\"top\" data-tooltip-vertical-offset=\"12\" data-tooltip-horizontal-offset=\"0\">\n<div class=\"VTBa7b MbhUzd\"><\/div>\n<\/div>\n<\/div>\n<p><span style=\"color: #0ecc00;\"><strong><span class=\" jgG6ef\" style=\"font-size: 18pt;\">Aplicadors\/es:<\/span><\/strong><\/span><\/p>\n<\/div>\n<ul class=\"n8H08c UVNKR\">\n<li class=\"TYR86d wXCUfe zfr3Q\" style=\"list-style-type: none;\">\n<ul class=\"n8H08c UVNKR\">\n<li class=\"TYR86d wXCUfe zfr3Q\" dir=\"ltr\">\n<p class=\"CDt4Ke zfr3Q\" dir=\"ltr\">Canvi en el format de les <strong>etiquetes<\/strong>: a m\u00e9s del codi sec, tamb\u00e9 hi apareixer\u00e0 el <strong>nom i cognoms de l&#8217;alumne.<\/strong><\/p>\n<\/li>\n<li class=\"TYR86d wXCUfe zfr3Q\" dir=\"ltr\">\n<p class=\"CDt4Ke zfr3Q\" dir=\"ltr\"><strong>Nom\u00e9s un full DIN A3<\/strong> que cont\u00e9 la part oberta i tancada de les respostes. Aquest any<strong> no s&#8217;ha tallar el full de respostes<\/strong><\/p>\n<\/li>\n<li class=\"TYR86d wXCUfe zfr3Q\" dir=\"ltr\">\n<p class=\"CDt4Ke zfr3Q\" dir=\"ltr\"><strong>Nom\u00e9s un sobre per grup i compet\u00e8ncia<\/strong> on els aplicadors introduiran els fulls de resposta DIN A3 de correcci\u00f3 externa convenientment desplegats.<\/p>\n<\/li>\n<li class=\"TYR86d wXCUfe zfr3Q\" dir=\"ltr\">\n<p class=\"CDt4Ke zfr3Q\" dir=\"ltr\"><strong>No caldr\u00e0 ordenar els fulls<\/strong> de resposta ni per codi ni per nom.<\/p>\n<\/li>\n<li class=\"TYR86d wXCUfe zfr3Q\" dir=\"ltr\">\n<p class=\"CDt4Ke zfr3Q\" dir=\"ltr\">No rebran cap document acreditatiu com aplicadors, donat que la direcci\u00f3 del centre assignat ja estar\u00e0 oportunament informada<\/p>\n<\/li>\n<\/ul>\n<\/li>\n<\/ul>\n<div id=\"h.p_ID_58\" class=\"GV3q8e aP9Z7e\"><\/div>\n<div class=\"CjVfdc\">\n<div class=\"PPhIP rviiZ\">\n<div class=\"U26fgb mUbCce fKz7Od LRAOtb Znu9nd\" role=\"presentation\" aria-describedby=\"h.p_ID_58\" aria-label=\"Copia l'enlla\u00e7 del t\u00edtol\" aria-disabled=\"false\" data-tooltip=\"Copia l'enlla\u00e7 del t\u00edtol\" aria-hidden=\"true\" data-tooltip-position=\"top\" data-tooltip-vertical-offset=\"12\" data-tooltip-horizontal-offset=\"0\">\n<div class=\"VTBa7b MbhUzd\"><\/div>\n<\/div>\n<\/div>\n<p><span style=\"color: #0ecc00;\"><strong><span class=\" jgG6ef\" style=\"font-size: 18pt;\">Correctors\/es:<\/span><\/strong><\/span><\/p>\n<\/div>\n<ul class=\"n8H08c UVNKR\">\n<li class=\"TYR86d wXCUfe zfr3Q\" style=\"list-style-type: none;\">\n<ul class=\"n8H08c UVNKR\">\n<li class=\"TYR86d wXCUfe zfr3Q\" dir=\"ltr\">\n<p class=\"CDt4Ke zfr3Q\" dir=\"ltr\">Corregiran mitjan\u00e7ant una <strong>plataforma web<\/strong> amb eines d&#8217;ajuda. A la reuni\u00f3 informativa del dia <span style=\"color: #0ecc00;\"><strong>13 de maig a les 12.45h<\/strong><\/span> es faran pr\u00e0ctiques amb la plataforma.<\/p>\n<\/li>\n<li class=\"TYR86d wXCUfe zfr3Q\" dir=\"ltr\">\n<p class=\"CDt4Ke zfr3Q\" dir=\"ltr\">Per tant <strong>no han de recollir ni retornar els fulls de resposta<\/strong> a la seu de la comissi\u00f3.<\/p>\n<\/li>\n<\/ul>\n<\/li>\n<\/ul>\n<div id=\"h.p_ID_64\" class=\"GV3q8e aP9Z7e\"><\/div>\n<div class=\"CjVfdc\">\n<div class=\"PPhIP rviiZ\">\n<div class=\"U26fgb mUbCce fKz7Od LRAOtb Znu9nd\" role=\"presentation\" aria-describedby=\"h.p_ID_64\" aria-label=\"Copia l'enlla\u00e7 del t\u00edtol\" aria-disabled=\"false\" data-tooltip=\"Copia l'enlla\u00e7 del t\u00edtol\" aria-hidden=\"true\" data-tooltip-position=\"top\" data-tooltip-vertical-offset=\"12\" data-tooltip-horizontal-offset=\"0\">\n<div class=\"VTBa7b MbhUzd\"><\/div>\n<\/div>\n<\/div>\n<p><span style=\"color: #0ecc00;\"><strong><span class=\" jgG6ef\" style=\"font-size: 18pt;\">Reconeixement del professorat que participi en la realitzaci\u00f3 d&#8217;aquestes proves: <\/span><\/strong><\/span><\/p>\n<\/div>\n<ul class=\"n8H08c UVNKR\">\n<li class=\"TYR86d wXCUfe zfr3Q\" style=\"list-style-type: none;\">\n<ul class=\"n8H08c UVNKR\">\n<li class=\"TYR86d wXCUfe zfr3Q\" dir=\"ltr\">\n<p class=\"CDt4Ke zfr3Q\" dir=\"ltr\">Certificaci\u00f3 de 10 hores per al professorat aplicador: per assistir a la reuni\u00f3 informativa pr\u00e8via a les proves i pels dies de les proves.<\/p>\n<\/li>\n<li class=\"TYR86d wXCUfe zfr3Q\" dir=\"ltr\">\n<p class=\"CDt4Ke zfr3Q\" dir=\"ltr\">Certificaci\u00f3 de 20 hores per al professorat corrector: per assistir a la reuni\u00f3 de correctors i per realitzar la correcci\u00f3 de les proves assignades.<\/p>\n<\/li>\n<\/ul>\n<\/li>\n<\/ul>\n<div id=\"h.p_ID_90\" class=\"GV3q8e aP9Z7e\"><\/div>\n<div class=\"CjVfdc\">\n<div class=\"PPhIP rviiZ\">\n<div class=\"U26fgb mUbCce fKz7Od LRAOtb Znu9nd\" role=\"presentation\" aria-describedby=\"h.p_ID_90\" aria-label=\"Copia l'enlla\u00e7 del t\u00edtol\" aria-disabled=\"false\" data-tooltip=\"Copia l'enlla\u00e7 del t\u00edtol\" aria-hidden=\"true\" data-tooltip-position=\"top\" data-tooltip-vertical-offset=\"12\" data-tooltip-horizontal-offset=\"0\">\n<div class=\"VTBa7b MbhUzd\"><\/div>\n<\/div>\n<\/div>\n<p><span style=\"color: #0ecc00; font-size: 18pt;\"><strong><span class=\" jgG6ef\">Grups confinats els dies 4, 5 i 6 de maig<\/span><\/strong><\/span><\/p>\n<\/div>\n<p class=\"CDt4Ke zfr3Q\" dir=\"ltr\">Els alumnes de\u00a0<strong>grups confinats<\/strong>\u00a0els dies de la prova d&#8217;avaluaci\u00f3 de 6\u00e8 de Prim\u00e0ria,\u00a0<strong>4, 5 i 6 de maig<\/strong>, s&#8217;hauran de marcar a l&#8217;aplicaci\u00f3 inform\u00e0tica com\u00a0<strong>absents<\/strong>.<\/p>\n<p class=\"CDt4Ke zfr3Q\" dir=\"ltr\">Aquests grups tindran la possibilitat de realitzar la prova en unes altres dates i amb\u00a0<strong>correcci\u00f3 interna<\/strong>.<\/p>\n<p dir=\"ltr\">Si algun alumne ha realitzat un dia de proves i els altres no, rebr\u00e0 la correcci\u00f3 interna per part del centre i l&#8217;avaluaci\u00f3 externa.<\/p>\n<div id=\"h.p_A9Jo2qwLSBJz\" class=\"GV3q8e aP9Z7e\"><\/div>\n<div class=\"CjVfdc\">\n<div class=\"PPhIP rviiZ\">\n<div class=\"U26fgb mUbCce fKz7Od LRAOtb Znu9nd\" role=\"presentation\" aria-describedby=\"h.p_A9Jo2qwLSBJz\" aria-label=\"Copia l'enlla\u00e7 del t\u00edtol\" aria-disabled=\"false\" data-tooltip=\"Copia l'enlla\u00e7 del t\u00edtol\" aria-hidden=\"true\" data-tooltip-position=\"top\" data-tooltip-vertical-offset=\"12\" data-tooltip-horizontal-offset=\"0\">\n<div class=\"VTBa7b MbhUzd\"><\/div>\n<\/div>\n<\/div>\n<p><span style=\"font-size: 18pt; color: #0ecc00;\"><strong><span class=\" jgG6ef\">Protocol de lliurament de les proves el dia 6 de maig (mesures de protecci\u00f3 Covid-19)<\/span><\/strong><\/span><\/p>\n<\/div>\n<p dir=\"ltr\">Recordeu que les proves es recolliran a l&#8217;escola <strong><span style=\"font-size: 18pt; color: #ff0000;\">Carles Bu\u00efgas a partir de les 12h<\/span><\/strong> del migdia amb les seg\u00fcents mesures establertes:<\/p>\n<ul class=\"n8H08c UVNKR\">\n<li class=\"TYR86d wXCUfe zfr3Q\" style=\"list-style-type: none;\">\n<ul class=\"n8H08c UVNKR\">\n<li class=\"TYR86d wXCUfe zfr3Q\" style=\"list-style-type: none;\">\n<ul class=\"n8H08c UVNKR\">\n<li class=\"TYR86d wXCUfe zfr3Q\" dir=\"ltr\">\n<p class=\"CDt4Ke zfr3Q\" dir=\"ltr\">Nom\u00e9s ha de venir<strong> 1 aplicador\/a de cada centre<\/strong>. El volum dels sobres amb els fulls de resposta i la resta de documentaci\u00f3 no \u00e9s gaire gran i una sola persona pot assumir el seu trasllat.<\/p>\n<\/li>\n<li class=\"TYR86d wXCUfe zfr3Q\" dir=\"ltr\">\n<p class=\"CDt4Ke zfr3Q\" dir=\"ltr\">Porteu els <strong>materials <\/strong>que heu de lliurar ben <strong>classificats <\/strong>i <strong>ordenats <\/strong>(sobres amb els fulls de resposta agrupats per compet\u00e8ncies, l&#8217;acta de l&#8217;aplicaci\u00f3, tots els llistats i les etiquetes sobreres), per reduir el temps de lliurament de cada centre.<\/p>\n<\/li>\n<li dir=\"ltr\">Recordar-vos que els quaderns es queden en el centre i que nom\u00e9s heu de posar els fulls de resposta, <strong>DESPLEGATS,<\/strong> a dins dels sobres.<\/li>\n<\/ul>\n<\/li>\n<\/ul>\n<\/li>\n<\/ul>\n<div id=\"h.p_AIV6MW50Q_uP\" class=\"CobnVe aP9Z7e\"><\/div>\n<div class=\"CjVfdc\">\n<div class=\"PPhIP rviiZ\">\n<div class=\"U26fgb mUbCce fKz7Od LRAOtb Znu9nd\" role=\"presentation\" aria-describedby=\"h.p_AIV6MW50Q_uP\" aria-label=\"Copia l'enlla\u00e7 del t\u00edtol\" aria-disabled=\"false\" data-tooltip=\"Copia l'enlla\u00e7 del t\u00edtol\" aria-hidden=\"true\" data-tooltip-position=\"top\" data-tooltip-vertical-offset=\"12\" data-tooltip-horizontal-offset=\"0\">\n<div class=\"VTBa7b MbhUzd\"><\/div>\n<\/div>\n<\/div>\n<p>Acc\u00e9s a l&#8217;aplicaci\u00f3 inform\u00e0tica centres: <span style=\"color: #0ecc00;\"><a class=\"XqQF9c rXJpyf\" style=\"color: #0ecc00;\" href=\"https:\/\/www.google.com\/url?q=https%3A%2F%2Fespai.educacio.gencat.cat%2FAlumnes%2FAvaluacions-censals%2FProva-sise-primaria%2FPagines%2Fdefault.aspx&amp;sa=D&amp;sntz=1&amp;usg=AFQjCNEYcNfR2mwNiXhpIyClIbplthAqKQ\" target=\"_blank\" rel=\"noopener noreferrer\"><span style=\"font-size: 18pt;\">Portal de centres<\/span><\/a><\/span><\/p>\n<\/div>\n<p class=\"CDt4Ke zfr3Q\" dir=\"ltr\">Una vegada dins del portal corresponent heu d&#8217;accedir a la p\u00e0gina sobre la &#8220;Prova d&#8217;avaluaci\u00f3 de sis\u00e8 de prim\u00e0ria&#8221; on trobareu informaci\u00f3 de la prova, el calendari i un enlla\u00e7 a l&#8217;aplicaci\u00f3 inform\u00e0tica.<\/p>\n<p dir=\"ltr\">Recordar-vos tamb\u00e9 que els que heu participat a la formaci\u00f3 de les Compet\u00e8ncies b\u00e0siques podeu rebre un certificat inscrivint-vos a<\/p>\n<table border=\"0\" cellspacing=\"0\" cellpadding=\"0\">\n<tbody>\n<tr>\n<td valign=\"TOP\"><a href=\"https:\/\/aplicacions.gestioeducativa.gencat.cat\/pls\/soloas\/pk_for_mod_ins.p_for_cons_activitats?p_any=2020-2021&amp;p_codi=4079268755\" target=\"_blank\" rel=\"noopener noreferrer\"><span style=\"font-family: arial, helvetica, geneva; font-size: small;\">4079268755\u00a0<\/span><\/a><\/td>\n<td><a href=\"https:\/\/aplicacions.gestioeducativa.gencat.cat\/pls\/soloas\/pk_for_mod_ins.p_for_cons_activitats?p_any=2020-2021&amp;p_codi=4079268755\" target=\"_blank\" rel=\"noopener noreferrer\"><span style=\"font-family: arial, helvetica, geneva; font-size: small;\"><b>Aplicadors de l&#8217;avaluaci\u00f3 de CB de 6\u00e8 d&#8217;Ed. Prim\u00e0ria<\/b><\/span><\/a><\/td>\n<\/tr>\n<\/tbody>\n<\/table>\n<div class=\"CjVfdc\"><\/div>\n<p class=\"CDt4Ke zfr3Q\" dir=\"ltr\"><span style=\"color: #0ecc00;\"><strong>INCID\u00c8NCIES AMB L&#8217;APLICACI\u00d3 INFORM\u00c0TICA:<\/strong><\/span><\/p>\n<p class=\"CDt4Ke zfr3Q\" dir=\"ltr\">Per a consultes sobre l&#8217;acc\u00e9s a l&#8217;aplicaci\u00f3 inform\u00e0tica, problemes t\u00e8cnics o de les llistes d&#8217;alumnat us podeu adre\u00e7ar al Servei d&#8217;Atenci\u00f3 a l&#8217;Usuari, a l&#8217;adre\u00e7a de correu <strong>sau.tic@gencat.cat<\/strong> o b\u00e9 al tel\u00e8fon <strong>900 82 82 82 (4)<\/strong>.<\/p>\n","protected":false},"excerpt":{"rendered":"<p>Informaci\u00f3 institucional del Departament d&#8217;Educaci\u00f3: enlla\u00e7 Calendari per als centres educatius, els aplicadors\/es i els correctors\/es. Us penjarem els \u00e0udios de les proves. Dimarts 4 de maig: proves de compet\u00e8ncia ling\u00fc\u00edstica en llengua castellana i de compet\u00e8ncia matem\u00e0tica Dimecres 5 de maig: proves de compet\u00e8ncia ling\u00fc\u00edstica en llengua catalana i en llengua estrangera Dijous 6 [&hellip;]<\/p>\n","protected":false},"author":1,"featured_media":0,"comment_status":"closed","ping_status":"closed","sticky":false,"template":"","format":"standard","meta":{"_bbp_topic_count":0,"_bbp_reply_count":0,"_bbp_total_topic_count":0,"_bbp_total_reply_count":0,"_bbp_voice_count":0,"_bbp_anonymous_reply_count":0,"_bbp_topic_count_hidden":0,"_bbp_reply_count_hidden":0,"_bbp_forum_subforum_count":0,"site-sidebar-layout":"default","site-content-layout":"","ast-site-content-layout":"","site-content-style":"default","site-sidebar-style":"default","ast-global-header-display":"","ast-banner-title-visibility":"","ast-main-header-display":"","ast-hfb-above-header-display":"","ast-hfb-below-header-display":"","ast-hfb-mobile-header-display":"","site-post-title":"","ast-breadcrumbs-content":"","ast-featured-img":"","footer-sml-layout":"","theme-transparent-header-meta":"","adv-header-id-meta":"","stick-header-meta":"","header-above-stick-meta":"","header-main-stick-meta":"","header-below-stick-meta":"","astra-migrate-meta-layouts":"default","ast-page-background-enabled":"default","ast-page-background-meta":{"desktop":{"background-color":"var(--ast-global-color-4)","background-image":"","background-repeat":"repeat","background-position":"center center","background-size":"auto","background-attachment":"scroll","background-type":"","background-media":"","overlay-type":"","overlay-color":"","overlay-opacity":"","overlay-gradient":""},"tablet":{"background-color":"","background-image":"","background-repeat":"repeat","background-position":"center center","background-size":"auto","background-attachment":"scroll","background-type":"","background-media":"","overlay-type":"","overlay-color":"","overlay-opacity":"","overlay-gradient":""},"mobile":{"background-color":"","background-image":"","background-repeat":"repeat","background-position":"center center","background-size":"auto","background-attachment":"scroll","background-type":"","background-media":"","overlay-type":"","overlay-color":"","overlay-opacity":"","overlay-gradient":""}},"ast-content-background-meta":{"desktop":{"background-color":"var(--ast-global-color-5)","background-image":"","background-repeat":"repeat","background-position":"center center","background-size":"auto","background-attachment":"scroll","background-type":"","background-media":"","overlay-type":"","overlay-color":"","overlay-opacity":"","overlay-gradient":""},"tablet":{"background-color":"var(--ast-global-color-5)","background-image":"","background-repeat":"repeat","background-position":"center center","background-size":"auto","background-attachment":"scroll","background-type":"","background-media":"","overlay-type":"","overlay-color":"","overlay-opacity":"","overlay-gradient":""},"mobile":{"background-color":"var(--ast-global-color-5)","background-image":"","background-repeat":"repeat","background-position":"center center","background-size":"auto","background-attachment":"scroll","background-type":"","background-media":"","overlay-type":"","overlay-color":"","overlay-opacity":"","overlay-gradient":""}},"footnotes":""},"categories":[29],"tags":[432,693,728],"class_list":["post-13015","post","type-post","status-publish","format-standard","hentry","category-portada","tag-competencies-basiques","tag-proves-6e","tag-proves-ccbb-6"],"post_mailing_queue_ids":[],"_links":{"self":[{"href":"https:\/\/serveiseducatius.xtec.cat\/vallesoccidental5\/wp-json\/wp\/v2\/posts\/13015","targetHints":{"allow":["GET"]}}],"collection":[{"href":"https:\/\/serveiseducatius.xtec.cat\/vallesoccidental5\/wp-json\/wp\/v2\/posts"}],"about":[{"href":"https:\/\/serveiseducatius.xtec.cat\/vallesoccidental5\/wp-json\/wp\/v2\/types\/post"}],"author":[{"embeddable":true,"href":"https:\/\/serveiseducatius.xtec.cat\/vallesoccidental5\/wp-json\/wp\/v2\/users\/1"}],"replies":[{"embeddable":true,"href":"https:\/\/serveiseducatius.xtec.cat\/vallesoccidental5\/wp-json\/wp\/v2\/comments?post=13015"}],"version-history":[{"count":4,"href":"https:\/\/serveiseducatius.xtec.cat\/vallesoccidental5\/wp-json\/wp\/v2\/posts\/13015\/revisions"}],"predecessor-version":[{"id":13026,"href":"https:\/\/serveiseducatius.xtec.cat\/vallesoccidental5\/wp-json\/wp\/v2\/posts\/13015\/revisions\/13026"}],"wp:attachment":[{"href":"https:\/\/serveiseducatius.xtec.cat\/vallesoccidental5\/wp-json\/wp\/v2\/media?parent=13015"}],"wp:term":[{"taxonomy":"category","embeddable":true,"href":"https:\/\/serveiseducatius.xtec.cat\/vallesoccidental5\/wp-json\/wp\/v2\/categories?post=13015"},{"taxonomy":"post_tag","embeddable":true,"href":"https:\/\/serveiseducatius.xtec.cat\/vallesoccidental5\/wp-json\/wp\/v2\/tags?post=13015"}],"curies":[{"name":"wp","href":"https:\/\/api.w.org\/{rel}","templated":true}]}}