{"id":12910,"date":"2021-03-01T11:00:18","date_gmt":"2021-03-01T10:00:18","guid":{"rendered":"http:\/\/serveiseducatius.xtec.cat\/vallesoccidental5\/?p=12910"},"modified":"2021-03-01T11:00:18","modified_gmt":"2021-03-01T10:00:18","slug":"guia-dus-no-sexista-del-llenguatge","status":"publish","type":"post","link":"https:\/\/serveiseducatius.xtec.cat\/vallesoccidental5\/portada\/guia-dus-no-sexista-del-llenguatge\/","title":{"rendered":"GUIA D&#8217;\u00daS NO SEXISTA DEL LLENGUATGE"},"content":{"rendered":"<p><a href=\"https:\/\/serveiseducatius.xtec.cat\/vallesoccidental5\/wp-content\/uploads\/usu1111\/2021\/03\/WhatsApp-Image-2021-02-28-at-19.49.54.jpeg\"><img loading=\"lazy\" decoding=\"async\" class=\"wp-image-12911 alignleft\" src=\"https:\/\/serveiseducatius.xtec.cat\/vallesoccidental5\/wp-content\/uploads\/usu1111\/2021\/03\/WhatsApp-Image-2021-02-28-at-19.49.54.jpeg\" alt=\"\" width=\"186\" height=\"187\" srcset=\"https:\/\/serveiseducatius.xtec.cat\/vallesoccidental5\/wp-content\/uploads\/usu1111\/2021\/03\/WhatsApp-Image-2021-02-28-at-19.49.54.jpeg 472w, https:\/\/serveiseducatius.xtec.cat\/vallesoccidental5\/wp-content\/uploads\/usu1111\/2021\/03\/WhatsApp-Image-2021-02-28-at-19.49.54-150x150.jpeg 150w, https:\/\/serveiseducatius.xtec.cat\/vallesoccidental5\/wp-content\/uploads\/usu1111\/2021\/03\/WhatsApp-Image-2021-02-28-at-19.49.54-300x300.jpeg 300w\" sizes=\"auto, (max-width: 186px) 100vw, 186px\" \/><\/a><\/p>\n<p>FEM \u00daS D&#8217;UN LLENGUATGE NO SEXISTA?<\/p>\n<p>SOM CONSCIENTS DE LES EXPRESSIONS QUE UTILITZEM?<\/p>\n<p>DONEM VISIBILITAT A LES DONES I TRENQUEM AMB ELS ESTEREOTIPS?<\/p>\n<p>Us presentem la <a href=\"https:\/\/ajuntament.barcelona.cat\/bcnantimasclista\/ca\/prevenir-i-actuar\/guia-de-llenguatge-no-sexista\" target=\"_blank\" rel=\"noopener noreferrer\">GUIA<\/a> que ha realitzat BCN ANTIMASCLISTA de l&#8217;Ajuntament de Barcelona.<\/p>\n<p>\u00c9s un bon recurs per treballar el dia de la Dona que ser\u00e0 el proper 8 de mar\u00e7. Aquest document ens fa obrir els ulls i ens aporta propostes de canvi en l&#8217;\u00fas del llenguatge estereotipat.<\/p>\n","protected":false},"excerpt":{"rendered":"<p>FEM \u00daS D&#8217;UN LLENGUATGE NO SEXISTA? SOM CONSCIENTS DE LES EXPRESSIONS QUE UTILITZEM? DONEM VISIBILITAT A LES DONES I TRENQUEM AMB ELS ESTEREOTIPS? Us presentem la GUIA que ha realitzat BCN ANTIMASCLISTA de l&#8217;Ajuntament de Barcelona. \u00c9s un bon recurs per treballar el dia de la Dona que ser\u00e0 el proper 8 de mar\u00e7. Aquest [&hellip;]<\/p>\n","protected":false},"author":1,"featured_media":12911,"comment_status":"closed","ping_status":"closed","sticky":false,"template":"","format":"standard","meta":{"_bbp_topic_count":0,"_bbp_reply_count":0,"_bbp_total_topic_count":0,"_bbp_total_reply_count":0,"_bbp_voice_count":0,"_bbp_anonymous_reply_count":0,"_bbp_topic_count_hidden":0,"_bbp_reply_count_hidden":0,"_bbp_forum_subforum_count":0,"site-sidebar-layout":"default","site-content-layout":"","ast-site-content-layout":"","site-content-style":"default","site-sidebar-style":"default","ast-global-header-display":"","ast-banner-title-visibility":"","ast-main-header-display":"","ast-hfb-above-header-display":"","ast-hfb-below-header-display":"","ast-hfb-mobile-header-display":"","site-post-title":"","ast-breadcrumbs-content":"","ast-featured-img":"","footer-sml-layout":"","theme-transparent-header-meta":"","adv-header-id-meta":"","stick-header-meta":"","header-above-stick-meta":"","header-main-stick-meta":"","header-below-stick-meta":"","astra-migrate-meta-layouts":"default","ast-page-background-enabled":"default","ast-page-background-meta":{"desktop":{"background-color":"var(--ast-global-color-4)","background-image":"","background-repeat":"repeat","background-position":"center center","background-size":"auto","background-attachment":"scroll","background-type":"","background-media":"","overlay-type":"","overlay-color":"","overlay-opacity":"","overlay-gradient":""},"tablet":{"background-color":"","background-image":"","background-repeat":"repeat","background-position":"center center","background-size":"auto","background-attachment":"scroll","background-type":"","background-media":"","overlay-type":"","overlay-color":"","overlay-opacity":"","overlay-gradient":""},"mobile":{"background-color":"","background-image":"","background-repeat":"repeat","background-position":"center center","background-size":"auto","background-attachment":"scroll","background-type":"","background-media":"","overlay-type":"","overlay-color":"","overlay-opacity":"","overlay-gradient":""}},"ast-content-background-meta":{"desktop":{"background-color":"var(--ast-global-color-5)","background-image":"","background-repeat":"repeat","background-position":"center center","background-size":"auto","background-attachment":"scroll","background-type":"","background-media":"","overlay-type":"","overlay-color":"","overlay-opacity":"","overlay-gradient":""},"tablet":{"background-color":"var(--ast-global-color-5)","background-image":"","background-repeat":"repeat","background-position":"center center","background-size":"auto","background-attachment":"scroll","background-type":"","background-media":"","overlay-type":"","overlay-color":"","overlay-opacity":"","overlay-gradient":""},"mobile":{"background-color":"var(--ast-global-color-5)","background-image":"","background-repeat":"repeat","background-position":"center center","background-size":"auto","background-attachment":"scroll","background-type":"","background-media":"","overlay-type":"","overlay-color":"","overlay-opacity":"","overlay-gradient":""}},"footnotes":""},"categories":[490,29],"tags":[471,958,957],"class_list":["post-12910","post","type-post","status-publish","format-standard","has-post-thumbnail","hentry","category-coeducaciono-violencia","category-portada","tag-dia-de-la-dona","tag-dia-internacional-de-la-dona","tag-vocabulari-no-sexista"],"post_mailing_queue_ids":[],"_links":{"self":[{"href":"https:\/\/serveiseducatius.xtec.cat\/vallesoccidental5\/wp-json\/wp\/v2\/posts\/12910","targetHints":{"allow":["GET"]}}],"collection":[{"href":"https:\/\/serveiseducatius.xtec.cat\/vallesoccidental5\/wp-json\/wp\/v2\/posts"}],"about":[{"href":"https:\/\/serveiseducatius.xtec.cat\/vallesoccidental5\/wp-json\/wp\/v2\/types\/post"}],"author":[{"embeddable":true,"href":"https:\/\/serveiseducatius.xtec.cat\/vallesoccidental5\/wp-json\/wp\/v2\/users\/1"}],"replies":[{"embeddable":true,"href":"https:\/\/serveiseducatius.xtec.cat\/vallesoccidental5\/wp-json\/wp\/v2\/comments?post=12910"}],"version-history":[{"count":1,"href":"https:\/\/serveiseducatius.xtec.cat\/vallesoccidental5\/wp-json\/wp\/v2\/posts\/12910\/revisions"}],"predecessor-version":[{"id":12912,"href":"https:\/\/serveiseducatius.xtec.cat\/vallesoccidental5\/wp-json\/wp\/v2\/posts\/12910\/revisions\/12912"}],"wp:featuredmedia":[{"embeddable":true,"href":"https:\/\/serveiseducatius.xtec.cat\/vallesoccidental5\/wp-json\/wp\/v2\/media\/12911"}],"wp:attachment":[{"href":"https:\/\/serveiseducatius.xtec.cat\/vallesoccidental5\/wp-json\/wp\/v2\/media?parent=12910"}],"wp:term":[{"taxonomy":"category","embeddable":true,"href":"https:\/\/serveiseducatius.xtec.cat\/vallesoccidental5\/wp-json\/wp\/v2\/categories?post=12910"},{"taxonomy":"post_tag","embeddable":true,"href":"https:\/\/serveiseducatius.xtec.cat\/vallesoccidental5\/wp-json\/wp\/v2\/tags?post=12910"}],"curies":[{"name":"wp","href":"https:\/\/api.w.org\/{rel}","templated":true}]}}