{"id":12852,"date":"2021-02-02T10:59:50","date_gmt":"2021-02-02T09:59:50","guid":{"rendered":"http:\/\/serveiseducatius.xtec.cat\/vallesoccidental5\/?p=12852"},"modified":"2021-02-02T10:59:50","modified_gmt":"2021-02-02T09:59:50","slug":"tallers-gratuits-per-treballar-la-igualtat-i-la-prevencio-de-violencies-masclistes","status":"publish","type":"post","link":"https:\/\/serveiseducatius.xtec.cat\/vallesoccidental5\/portada\/tallers-gratuits-per-treballar-la-igualtat-i-la-prevencio-de-violencies-masclistes\/","title":{"rendered":"TALLERS GRATU\u00cfTS PER TREBALLAR LA IGUALTAT I LA PREVENCI\u00d3 DE VIOL\u00c8NCIES MASCLISTES"},"content":{"rendered":"<p>Un any m\u00e9s el\u00a0<strong>Consell Comarcal del Vall\u00e8s Occidental<\/strong>\u00a0ha iniciat la\u00a0<span style=\"color: #993366;\"><strong><em><a style=\"color: #993366;\" href=\"http:\/\/www.ccvoc.cat\/consell-comarcal\/serveis\/area-de-benestar-social-i-educacio\/promocio-de-la-convivencia-i-la-cohesio-social\/piula-contra-la-violencia-masclista\" data-saferedirecturl=\"https:\/\/www.google.com\/url?q=http:\/\/www.ccvoc.cat\/consell-comarcal\/serveis\/area-de-benestar-social-i-educacio\/promocio-de-la-convivencia-i-la-cohesio-social\/piula-contra-la-violencia-masclista&amp;source=gmail&amp;ust=1612253556796000&amp;usg=AFQjCNF8tizSevbUZ2fA_o5Q270n917bxw\">Campanya\u00a0Piula\u00a0per unes relacions igualit\u00e0ries i lliures de viol\u00e8ncies masclistes<\/a><\/em><\/strong><\/span>, i \u00e9s en aquest marc que oferim a centres educatius i altres equipaments dels municipis de menys de 20.000 hab.\u00a0de la comarca,\u00a0un conjunt de tallers gratu\u00efts per a la promoci\u00f3 de la igualtat i la prevenci\u00f3 de les viol\u00e8ncies masclistes. Enguany, per la situaci\u00f3 que estem vivim es prioritzaran les accions online, per\u00f2 es valorar\u00e0 el format segons necessitats dels centres i la situaci\u00f3 sanit\u00e0ria.<\/p>\n<p>Els tallers que us oferim aquest any, realitzats per diferents entitats s\u00f3n:<\/p>\n<table style=\"width: 102.14%; height: 557px;\" width=\"78%\">\n<tbody>\n<tr style=\"height: 10px;\">\n<td style=\"width: 26%; height: 10px; text-align: center;\" width=\"26%\"><span style=\"color: #993366; font-size: 24pt;\"><strong>Curs<\/strong><\/span><\/td>\n<td style=\"width: 97.1058%; height: 10px; text-align: center;\" width=\"73%\"><span style=\"color: #993366; font-size: 24pt;\"><strong>Taller<\/strong><\/span><\/td>\n<\/tr>\n<tr style=\"height: 43px;\">\n<td style=\"width: 26%; height: 43px;\" width=\"26%\"><span style=\"color: #800080;\"><strong>Primer cicle d&#8217;ESO\u00a0<\/strong><\/span><\/td>\n<td style=\"width: 97.1058%; height: 43px;\" width=\"73%\">\u00b7\u00a0\u00a0\u00a0\u00a0\u00a0\u00a0\u00a0\u00a0\u00a0<strong><span style=\"color: #800080;\">Diversitat sexual i de g\u00e8nere:<\/span><br \/>\n<\/strong>\u00a0 \u00a0 \u00a0 \u00a0 \u00a0 \u00a0Prevenci\u00f3 de la discriminaci\u00f3 i l&#8217;assetjament escolar LGTBIf\u00f2bic<\/td>\n<\/tr>\n<tr style=\"height: 65px;\">\n<td style=\"width: 26%; height: 65px;\" width=\"26%\"><span style=\"color: #800080;\"><strong>Segon cicle d&#8217;ESO<\/strong>\u00a0<strong>3r ESO<\/strong><\/span><\/td>\n<td style=\"width: 97.1058%; height: 65px;\" width=\"73%\">\u00b7\u00a0\u00a0\u00a0\u00a0\u00a0\u00a0\u00a0\u00a0\u00a0<span style=\"color: #993366;\"><strong><span style=\"color: #800080;\">Desmitificant l\u2019amor rom\u00e0ntic:<\/span>\u00a0<\/strong><\/span>Identificar els diferents estereotips de g\u00e8nere<\/td>\n<\/tr>\n<tr style=\"height: 60px;\">\n<td style=\"width: 26%; height: 60px;\" width=\"26%\"><span style=\"color: #800080;\"><strong>Segon cicle d&#8217;ESO<\/strong><\/span>\u00a0<span style=\"color: #800080;\"><strong>4t ESO<\/strong><\/span><\/td>\n<td style=\"width: 97.1058%; height: 60px;\" width=\"73%\">\u00b7\u00a0\u00a0\u00a0\u00a0\u00a0\u00a0\u00a0\u00a0<span style=\"color: #993366;\">\u00a0<strong><span style=\"color: #800080;\">La sexualitat:<\/span>\u00a0<\/strong><\/span>Qu\u00e8 entenem per sexualitat i les relacions afectives<\/td>\n<\/tr>\n<tr style=\"height: 94px;\">\n<td style=\"width: 26%; height: 94px;\" width=\"26%\"><span style=\"color: #800080;\"><strong>1r. Batxillerat<\/strong><\/span><\/td>\n<td style=\"width: 97.1058%; height: 94px;\" width=\"73%\">\u00b7\u00a0\u00a0\u00a0\u00a0\u00a0\u00a0\u00a0\u00a0\u00a0<span style=\"color: #800080;\"><strong>Prevenci\u00f3 de les viol\u00e8ncies masclistes:<\/strong><\/span><\/p>\n<p>Identificar les diferents manifestacions de les viol\u00e8ncies masclistes en diferents \u00e0mbits<\/td>\n<\/tr>\n<tr style=\"height: 131px;\">\n<td style=\"width: 26%; height: 131px;\" width=\"26%\"><span style=\"color: #800080;\"><strong>2n. Batxillerat<\/strong><\/span><\/td>\n<td style=\"width: 97.1058%; height: 131px;\" width=\"73%\">\u00b7\u00a0\u00a0\u00a0\u00a0\u00a0\u00a0\u00a0<span style=\"color: #993366;\">\u00a0\u00a0<\/span><strong><span style=\"color: #800080;\">La comunicaci\u00f3 afectiva:<\/span>\u00a0<\/strong>Maneres de lligar&#8230;tot s\u2019hi val?<\/p>\n<p>\u00b7\u00a0\u00a0\u00a0\u00a0\u00a0\u00a0\u00a0\u00a0\u00a0<span style=\"color: #800080;\"><strong>Prevenci\u00f3 de les viol\u00e8ncies sexuals i el sexpreading a l\u2019adolesc\u00e8ncia:<\/strong><\/span><\/p>\n<p>Sensibilitzar vers les viol\u00e8ncies sexuals com a viol\u00e8ncies masclistes<\/td>\n<\/tr>\n<tr style=\"height: 94px;\">\n<td style=\"width: 26%; height: 94px;\" width=\"26%\"><span style=\"color: #800080;\"><strong>Batxillerat, cicles formatius, formaci\u00f3 ocupacional i altres<\/strong><\/span><\/td>\n<td style=\"width: 97.1058%; height: 94px;\" width=\"73%\">\u00b7\u00a0\u00a0\u00a0\u00a0\u00a0\u00a0\u00a0<span style=\"color: #800080;\">\u00a0\u00a0<strong>Prevenci\u00f3 del ciberassetjament amb perspectiva de g\u00e8nere:<\/strong><\/span><\/p>\n<p>Fer visibles les din\u00e0miques de ciberassetjament i aprofundir en els seves arrels<\/td>\n<\/tr>\n<tr style=\"height: 60px;\">\n<td style=\"width: 26%; height: 60px;\" width=\"26%\"><span style=\"color: #800080;\"><strong>Professorat i comunitat educativa<\/strong><\/span><\/td>\n<td style=\"width: 97.1058%; height: 60px;\" width=\"73%\">\u00b7\u00a0\u00a0\u00a0\u00a0\u00a0\u00a0\u00a0\u00a0\u00a0<span style=\"color: #800080;\"><strong>Perspectiva de g\u00e8nere<\/strong>.<\/span>\u00a0Assessorament al personal docent i comunitat educativa<\/td>\n<\/tr>\n<\/tbody>\n<\/table>\n<p><em>*Per a m\u00e9s informaci\u00f3 podeu consultar a la\u00a0<span style=\"color: #800080;\"><a style=\"color: #800080;\" href=\"http:\/\/www.ccvoc.cat\/consell-comarcal\/serveis\/area-de-benestar-social-i-educacio\/suport-a-la-infancia-l-adolescencia-a-la-joventut-i-a-les-families\/activitats-educatives\" data-saferedirecturl=\"https:\/\/www.google.com\/url?q=http:\/\/www.ccvoc.cat\/consell-comarcal\/serveis\/area-de-benestar-social-i-educacio\/suport-a-la-infancia-l-adolescencia-a-la-joventut-i-a-les-families\/activitats-educatives&amp;source=gmail&amp;ust=1612253556796000&amp;usg=AFQjCNH8KpadWtkuGQghcCwyrSGvrFW_Lw\">Guia d\u2019Activitats Educatives del Consell Comarcal<\/a>.<\/span><\/em><\/p>\n<p><a href=\"https:\/\/serveiseducatius.xtec.cat\/vallesoccidental5\/wp-content\/uploads\/usu1111\/2021\/02\/piula.png\"><img loading=\"lazy\" decoding=\"async\" class=\"wp-image-12854 alignleft\" src=\"https:\/\/serveiseducatius.xtec.cat\/vallesoccidental5\/wp-content\/uploads\/usu1111\/2021\/02\/piula.png\" alt=\"\" width=\"145\" height=\"81\" srcset=\"https:\/\/serveiseducatius.xtec.cat\/vallesoccidental5\/wp-content\/uploads\/usu1111\/2021\/02\/piula.png 590w, https:\/\/serveiseducatius.xtec.cat\/vallesoccidental5\/wp-content\/uploads\/usu1111\/2021\/02\/piula-300x167.png 300w\" sizes=\"auto, (max-width: 145px) 100vw, 145px\" \/><\/a>Aquesta campanya tamb\u00e9 inclou el\u00a0<strong><span style=\"color: #800080;\">Concurs\u00a0Piula<\/span>,<\/strong>\u00a0del qual ja us hem fet arribar informaci\u00f3 i novetats a trav\u00e9s d\u2019un altre correu, i les\u00a0<strong><span style=\"color: #800080;\">Accions Piula als centres educatius i equipaments juvenils<\/span>\u00a0<\/strong>(estand amb informaci\u00f3 de recursos municipals i comarcals, aix\u00ed com suport a joves), que es duran a terme si \u00e9s possible, durant el proper m\u00e9s de febrer.<\/p>\n","protected":false},"excerpt":{"rendered":"<p>Un any m\u00e9s el\u00a0Consell Comarcal del Vall\u00e8s Occidental\u00a0ha iniciat la\u00a0Campanya\u00a0Piula\u00a0per unes relacions igualit\u00e0ries i lliures de viol\u00e8ncies masclistes, i \u00e9s en aquest marc que oferim a centres educatius i altres equipaments dels municipis de menys de 20.000 hab.\u00a0de la comarca,\u00a0un conjunt de tallers gratu\u00efts per a la promoci\u00f3 de la igualtat i la prevenci\u00f3 de [&hellip;]<\/p>\n","protected":false},"author":1,"featured_media":12854,"comment_status":"closed","ping_status":"closed","sticky":false,"template":"","format":"standard","meta":{"_bbp_topic_count":0,"_bbp_reply_count":0,"_bbp_total_topic_count":0,"_bbp_total_reply_count":0,"_bbp_voice_count":0,"_bbp_anonymous_reply_count":0,"_bbp_topic_count_hidden":0,"_bbp_reply_count_hidden":0,"_bbp_forum_subforum_count":0,"site-sidebar-layout":"default","site-content-layout":"","ast-site-content-layout":"","site-content-style":"default","site-sidebar-style":"default","ast-global-header-display":"","ast-banner-title-visibility":"","ast-main-header-display":"","ast-hfb-above-header-display":"","ast-hfb-below-header-display":"","ast-hfb-mobile-header-display":"","site-post-title":"","ast-breadcrumbs-content":"","ast-featured-img":"","footer-sml-layout":"","theme-transparent-header-meta":"","adv-header-id-meta":"","stick-header-meta":"","header-above-stick-meta":"","header-main-stick-meta":"","header-below-stick-meta":"","astra-migrate-meta-layouts":"default","ast-page-background-enabled":"default","ast-page-background-meta":{"desktop":{"background-color":"var(--ast-global-color-4)","background-image":"","background-repeat":"repeat","background-position":"center center","background-size":"auto","background-attachment":"scroll","background-type":"","background-media":"","overlay-type":"","overlay-color":"","overlay-opacity":"","overlay-gradient":""},"tablet":{"background-color":"","background-image":"","background-repeat":"repeat","background-position":"center center","background-size":"auto","background-attachment":"scroll","background-type":"","background-media":"","overlay-type":"","overlay-color":"","overlay-opacity":"","overlay-gradient":""},"mobile":{"background-color":"","background-image":"","background-repeat":"repeat","background-position":"center center","background-size":"auto","background-attachment":"scroll","background-type":"","background-media":"","overlay-type":"","overlay-color":"","overlay-opacity":"","overlay-gradient":""}},"ast-content-background-meta":{"desktop":{"background-color":"var(--ast-global-color-5)","background-image":"","background-repeat":"repeat","background-position":"center center","background-size":"auto","background-attachment":"scroll","background-type":"","background-media":"","overlay-type":"","overlay-color":"","overlay-opacity":"","overlay-gradient":""},"tablet":{"background-color":"var(--ast-global-color-5)","background-image":"","background-repeat":"repeat","background-position":"center center","background-size":"auto","background-attachment":"scroll","background-type":"","background-media":"","overlay-type":"","overlay-color":"","overlay-opacity":"","overlay-gradient":""},"mobile":{"background-color":"var(--ast-global-color-5)","background-image":"","background-repeat":"repeat","background-position":"center center","background-size":"auto","background-attachment":"scroll","background-type":"","background-media":"","overlay-type":"","overlay-color":"","overlay-opacity":"","overlay-gradient":""}},"footnotes":""},"categories":[490,548,491,29],"tags":[854,304,944,637,913,914],"class_list":["post-12852","post","type-post","status-publish","format-standard","has-post-thumbnail","hentry","category-coeducaciono-violencia","category-concursos","category-diversitat","category-portada","tag-coeducacio","tag-concurs","tag-concurs-piula","tag-consell-comarcal","tag-violencia","tag-violencia-masclista"],"post_mailing_queue_ids":[],"_links":{"self":[{"href":"https:\/\/serveiseducatius.xtec.cat\/vallesoccidental5\/wp-json\/wp\/v2\/posts\/12852","targetHints":{"allow":["GET"]}}],"collection":[{"href":"https:\/\/serveiseducatius.xtec.cat\/vallesoccidental5\/wp-json\/wp\/v2\/posts"}],"about":[{"href":"https:\/\/serveiseducatius.xtec.cat\/vallesoccidental5\/wp-json\/wp\/v2\/types\/post"}],"author":[{"embeddable":true,"href":"https:\/\/serveiseducatius.xtec.cat\/vallesoccidental5\/wp-json\/wp\/v2\/users\/1"}],"replies":[{"embeddable":true,"href":"https:\/\/serveiseducatius.xtec.cat\/vallesoccidental5\/wp-json\/wp\/v2\/comments?post=12852"}],"version-history":[{"count":3,"href":"https:\/\/serveiseducatius.xtec.cat\/vallesoccidental5\/wp-json\/wp\/v2\/posts\/12852\/revisions"}],"predecessor-version":[{"id":12857,"href":"https:\/\/serveiseducatius.xtec.cat\/vallesoccidental5\/wp-json\/wp\/v2\/posts\/12852\/revisions\/12857"}],"wp:featuredmedia":[{"embeddable":true,"href":"https:\/\/serveiseducatius.xtec.cat\/vallesoccidental5\/wp-json\/wp\/v2\/media\/12854"}],"wp:attachment":[{"href":"https:\/\/serveiseducatius.xtec.cat\/vallesoccidental5\/wp-json\/wp\/v2\/media?parent=12852"}],"wp:term":[{"taxonomy":"category","embeddable":true,"href":"https:\/\/serveiseducatius.xtec.cat\/vallesoccidental5\/wp-json\/wp\/v2\/categories?post=12852"},{"taxonomy":"post_tag","embeddable":true,"href":"https:\/\/serveiseducatius.xtec.cat\/vallesoccidental5\/wp-json\/wp\/v2\/tags?post=12852"}],"curies":[{"name":"wp","href":"https:\/\/api.w.org\/{rel}","templated":true}]}}