{"id":12461,"date":"2020-05-18T14:00:11","date_gmt":"2020-05-18T12:00:11","guid":{"rendered":"http:\/\/serveiseducatius.xtec.cat\/vallesoccidental5\/?p=12461"},"modified":"2020-05-26T21:48:42","modified_gmt":"2020-05-26T19:48:42","slug":"xvii-mostra-virtual-treballs-de-recerca-batxillerat-cerdanyola-del-valles-2020","status":"publish","type":"post","link":"https:\/\/serveiseducatius.xtec.cat\/vallesoccidental5\/portada\/xvii-mostra-virtual-treballs-de-recerca-batxillerat-cerdanyola-del-valles-2020\/","title":{"rendered":"XVII MOSTRA VIRTUAL TREBALLS DE RECERCA BATXILLERAT CERDANYOLA DEL VALL\u00c8S 2020"},"content":{"rendered":"<p>&nbsp;<\/p>\n<p><a href=\"https:\/\/serveiseducatius.xtec.cat\/vallesoccidental5\/wp-content\/uploads\/usu1111\/2020\/05\/re\u0300tol-TR-2020.png\"><img loading=\"lazy\" decoding=\"async\" class=\" wp-image-12462 alignleft\" src=\"https:\/\/serveiseducatius.xtec.cat\/vallesoccidental5\/wp-content\/uploads\/usu1111\/2020\/05\/re\u0300tol-TR-2020-724x1024.png\" alt=\"\" width=\"309\" height=\"437\" srcset=\"https:\/\/serveiseducatius.xtec.cat\/vallesoccidental5\/wp-content\/uploads\/usu1111\/2020\/05\/re\u0300tol-TR-2020-724x1024.png 724w, https:\/\/serveiseducatius.xtec.cat\/vallesoccidental5\/wp-content\/uploads\/usu1111\/2020\/05\/re\u0300tol-TR-2020-212x300.png 212w, https:\/\/serveiseducatius.xtec.cat\/vallesoccidental5\/wp-content\/uploads\/usu1111\/2020\/05\/re\u0300tol-TR-2020-768x1086.png 768w, https:\/\/serveiseducatius.xtec.cat\/vallesoccidental5\/wp-content\/uploads\/usu1111\/2020\/05\/re\u0300tol-TR-2020.png 1587w\" sizes=\"auto, (max-width: 309px) 100vw, 309px\" \/><\/a><\/p>\n<p>A conseq\u00fc\u00e8ncia de la situaci\u00f3 extraordin\u00e0ria causada per la pand\u00e8mia del COVID19, la XVII MOSTRA DE TREBALLS DE RECERCA DE BATXILLERAT DE CEDANYOLA DEL VALL\u00c8S d&#8217;aquest any 2020, s&#8217;ha fet en format virtual.<\/p>\n<p>Com cada curs, l&#8217;alumnat de 2n de Batxillerat dels Instituts p\u00fablics de Cerdanyola, amb la supervisi\u00f3 dels seus tutors i tutores de TR, han realitzat uns treballs magn\u00edfics. El rigor en la recerca, desenvolupament i conclusions extretes en el projecte han estat les caracter\u00edstiques principals de cadascun dels TR realitzats.<\/p>\n<p>Cada Institut ha escollit cinc TR per presentar en la Mostra, i d&#8217;aquests cinc, un ha obtingut una menci\u00f3 especial.<\/p>\n<p>Els i les integrants dels grups que han elaborat els Treballs de Recerca amb menci\u00f3 especial rebran un<em> VAL PER UNA NIT A QUALSEVOL DELS ALBERGS DE LA XARXA NACIONAL D&#8217;ALBERGS SOCIALS DE CATALUNYA XANASCAT.<\/em><\/p>\n<p>La resta d&#8217;integrants dels grups que han estat escollits per presentar els seus TR, rebran UN VAL DESCOMPTE DE 10\u20ac a les llibreries \u00c8FORA o L&#8217;ARANYA gentilesa de l<em>&#8216;AJUNTAMENT DE CERDANYOLA DEL VALL\u00c8S.<\/em><\/p>\n<p>&nbsp;<\/p>\n<p>En el seg\u00fcent video podreu gaudir de la totalitat de les presentacions dels TREBALLS DE RECERCA d&#8217;aquest curs 2019-2020.<\/p>\n<p style=\"text-align: center;\"><iframe loading=\"lazy\" src=\"https:\/\/www.youtube.com\/embed\/DJkIOqjW5U4\" width=\"560\" height=\"315\" frameborder=\"0\"><\/iframe><\/p>\n<p style=\"text-align: center;\"><span style=\"font-size: 24pt; color: #3366ff;\"><strong>ENHORABONA PER LA VOSTRA FEINA!!!<\/strong><\/span><\/p>\n<p><a href=\"https:\/\/serveiseducatius.xtec.cat\/vallesoccidental5\/wp-content\/uploads\/usu1111\/2020\/05\/Captura-de-Pantalla-2020-05-18-a-les-13.58.48.png\"><img loading=\"lazy\" decoding=\"async\" class=\"alignnone size-large wp-image-12466\" src=\"https:\/\/serveiseducatius.xtec.cat\/vallesoccidental5\/wp-content\/uploads\/usu1111\/2020\/05\/Captura-de-Pantalla-2020-05-18-a-les-13.58.48-1024x149.png\" alt=\"\" width=\"1024\" height=\"149\" srcset=\"https:\/\/serveiseducatius.xtec.cat\/vallesoccidental5\/wp-content\/uploads\/usu1111\/2020\/05\/Captura-de-Pantalla-2020-05-18-a-les-13.58.48-1024x149.png 1024w, https:\/\/serveiseducatius.xtec.cat\/vallesoccidental5\/wp-content\/uploads\/usu1111\/2020\/05\/Captura-de-Pantalla-2020-05-18-a-les-13.58.48-300x44.png 300w, https:\/\/serveiseducatius.xtec.cat\/vallesoccidental5\/wp-content\/uploads\/usu1111\/2020\/05\/Captura-de-Pantalla-2020-05-18-a-les-13.58.48-768x112.png 768w, https:\/\/serveiseducatius.xtec.cat\/vallesoccidental5\/wp-content\/uploads\/usu1111\/2020\/05\/Captura-de-Pantalla-2020-05-18-a-les-13.58.48.png 1774w\" sizes=\"auto, (max-width: 1024px) 100vw, 1024px\" \/><\/a><\/p>\n","protected":false},"excerpt":{"rendered":"<p>&nbsp; A conseq\u00fc\u00e8ncia de la situaci\u00f3 extraordin\u00e0ria causada per la pand\u00e8mia del COVID19, la XVII MOSTRA DE TREBALLS DE RECERCA DE BATXILLERAT DE CEDANYOLA DEL VALL\u00c8S d&#8217;aquest any 2020, s&#8217;ha fet en format virtual. Com cada curs, l&#8217;alumnat de 2n de Batxillerat dels Instituts p\u00fablics de Cerdanyola, amb la supervisi\u00f3 dels seus tutors i tutores [&hellip;]<\/p>\n","protected":false},"author":1,"featured_media":12462,"comment_status":"closed","ping_status":"closed","sticky":false,"template":"","format":"standard","meta":{"_bbp_topic_count":0,"_bbp_reply_count":0,"_bbp_total_topic_count":0,"_bbp_total_reply_count":0,"_bbp_voice_count":0,"_bbp_anonymous_reply_count":0,"_bbp_topic_count_hidden":0,"_bbp_reply_count_hidden":0,"_bbp_forum_subforum_count":0,"site-sidebar-layout":"default","site-content-layout":"","ast-site-content-layout":"","site-content-style":"default","site-sidebar-style":"default","ast-global-header-display":"","ast-banner-title-visibility":"","ast-main-header-display":"","ast-hfb-above-header-display":"","ast-hfb-below-header-display":"","ast-hfb-mobile-header-display":"","site-post-title":"","ast-breadcrumbs-content":"","ast-featured-img":"","footer-sml-layout":"","theme-transparent-header-meta":"","adv-header-id-meta":"","stick-header-meta":"","header-above-stick-meta":"","header-main-stick-meta":"","header-below-stick-meta":"","astra-migrate-meta-layouts":"default","ast-page-background-enabled":"default","ast-page-background-meta":{"desktop":{"background-color":"var(--ast-global-color-4)","background-image":"","background-repeat":"repeat","background-position":"center center","background-size":"auto","background-attachment":"scroll","background-type":"","background-media":"","overlay-type":"","overlay-color":"","overlay-opacity":"","overlay-gradient":""},"tablet":{"background-color":"","background-image":"","background-repeat":"repeat","background-position":"center center","background-size":"auto","background-attachment":"scroll","background-type":"","background-media":"","overlay-type":"","overlay-color":"","overlay-opacity":"","overlay-gradient":""},"mobile":{"background-color":"","background-image":"","background-repeat":"repeat","background-position":"center center","background-size":"auto","background-attachment":"scroll","background-type":"","background-media":"","overlay-type":"","overlay-color":"","overlay-opacity":"","overlay-gradient":""}},"ast-content-background-meta":{"desktop":{"background-color":"var(--ast-global-color-5)","background-image":"","background-repeat":"repeat","background-position":"center center","background-size":"auto","background-attachment":"scroll","background-type":"","background-media":"","overlay-type":"","overlay-color":"","overlay-opacity":"","overlay-gradient":""},"tablet":{"background-color":"var(--ast-global-color-5)","background-image":"","background-repeat":"repeat","background-position":"center center","background-size":"auto","background-attachment":"scroll","background-type":"","background-media":"","overlay-type":"","overlay-color":"","overlay-opacity":"","overlay-gradient":""},"mobile":{"background-color":"var(--ast-global-color-5)","background-image":"","background-repeat":"repeat","background-position":"center center","background-size":"auto","background-attachment":"scroll","background-type":"","background-media":"","overlay-type":"","overlay-color":"","overlay-opacity":"","overlay-gradient":""}},"footnotes":""},"categories":[70,29],"tags":[830,249,734,829,642,774],"class_list":["post-12461","post","type-post","status-publish","format-standard","has-post-thumbnail","hentry","category-mostra-treballs-de-recerca","category-portada","tag-joemquedoacasa","tag-batxillerat","tag-fitxes-tr","tag-jo-em-quedo-a-casa","tag-tr","tag-treballs-recerca-batxillerat"],"post_mailing_queue_ids":[],"_links":{"self":[{"href":"https:\/\/serveiseducatius.xtec.cat\/vallesoccidental5\/wp-json\/wp\/v2\/posts\/12461","targetHints":{"allow":["GET"]}}],"collection":[{"href":"https:\/\/serveiseducatius.xtec.cat\/vallesoccidental5\/wp-json\/wp\/v2\/posts"}],"about":[{"href":"https:\/\/serveiseducatius.xtec.cat\/vallesoccidental5\/wp-json\/wp\/v2\/types\/post"}],"author":[{"embeddable":true,"href":"https:\/\/serveiseducatius.xtec.cat\/vallesoccidental5\/wp-json\/wp\/v2\/users\/1"}],"replies":[{"embeddable":true,"href":"https:\/\/serveiseducatius.xtec.cat\/vallesoccidental5\/wp-json\/wp\/v2\/comments?post=12461"}],"version-history":[{"count":2,"href":"https:\/\/serveiseducatius.xtec.cat\/vallesoccidental5\/wp-json\/wp\/v2\/posts\/12461\/revisions"}],"predecessor-version":[{"id":12481,"href":"https:\/\/serveiseducatius.xtec.cat\/vallesoccidental5\/wp-json\/wp\/v2\/posts\/12461\/revisions\/12481"}],"wp:featuredmedia":[{"embeddable":true,"href":"https:\/\/serveiseducatius.xtec.cat\/vallesoccidental5\/wp-json\/wp\/v2\/media\/12462"}],"wp:attachment":[{"href":"https:\/\/serveiseducatius.xtec.cat\/vallesoccidental5\/wp-json\/wp\/v2\/media?parent=12461"}],"wp:term":[{"taxonomy":"category","embeddable":true,"href":"https:\/\/serveiseducatius.xtec.cat\/vallesoccidental5\/wp-json\/wp\/v2\/categories?post=12461"},{"taxonomy":"post_tag","embeddable":true,"href":"https:\/\/serveiseducatius.xtec.cat\/vallesoccidental5\/wp-json\/wp\/v2\/tags?post=12461"}],"curies":[{"name":"wp","href":"https:\/\/api.w.org\/{rel}","templated":true}]}}