{"id":12449,"date":"2020-05-16T01:00:40","date_gmt":"2020-05-15T23:00:40","guid":{"rendered":"http:\/\/serveiseducatius.xtec.cat\/vallesoccidental5\/?p=12449"},"modified":"2020-05-20T10:32:30","modified_gmt":"2020-05-20T08:32:30","slug":"dia-internacional-contra-lhomofobia-la-trasnfobia-i-la-bifobia-17-de-maig","status":"publish","type":"post","link":"https:\/\/serveiseducatius.xtec.cat\/vallesoccidental5\/portada\/dia-internacional-contra-lhomofobia-la-trasnfobia-i-la-bifobia-17-de-maig\/","title":{"rendered":"DIA INTERNACIONAL CONTRA L&#8217;HOMOF\u00d2BIA, LA TRASNF\u00d2BIA I LA BIF\u00d2BIA, 17 de maig"},"content":{"rendered":"<p><a href=\"http:\/\/xtec.gencat.cat\/ca\/centres\/celebracions\/2020\/dia-internacional-contra-lhomofobia-la-transfobia-i-la-bifobia\/\" target=\"_blank\" rel=\"noopener noreferrer\"><img loading=\"lazy\" decoding=\"async\" class=\"aligncenter wp-image-12450\" src=\"https:\/\/serveiseducatius.xtec.cat\/vallesoccidental5\/wp-content\/uploads\/usu1111\/2020\/05\/17_maig-1024x1024.png\" alt=\"\" width=\"382\" height=\"381\" srcset=\"https:\/\/serveiseducatius.xtec.cat\/vallesoccidental5\/wp-content\/uploads\/usu1111\/2020\/05\/17_maig-1024x1024.png 1024w, https:\/\/serveiseducatius.xtec.cat\/vallesoccidental5\/wp-content\/uploads\/usu1111\/2020\/05\/17_maig-150x150.png 150w, https:\/\/serveiseducatius.xtec.cat\/vallesoccidental5\/wp-content\/uploads\/usu1111\/2020\/05\/17_maig-300x300.png 300w, https:\/\/serveiseducatius.xtec.cat\/vallesoccidental5\/wp-content\/uploads\/usu1111\/2020\/05\/17_maig-768x768.png 768w, https:\/\/serveiseducatius.xtec.cat\/vallesoccidental5\/wp-content\/uploads\/usu1111\/2020\/05\/17_maig.png 1080w\" sizes=\"auto, (max-width: 382px) 100vw, 382px\" \/><\/a><\/p>\n<p>El 17 de maig \u00e9s el Dia Internacional contra l&#8217;Homof\u00f2bia, la Transf\u00f2bia i la Bif\u00f2bia, que commemora la decis\u200b\u200bi\u00f3 del 1990 de l\u2019Organitzaci\u00f3 Mundial de la Salut d\u2019eliminar l\u2019homosexualitat de la llista de trastorns mentals. Cada vegada m\u00e9s els responsables educatius, pol\u00edtics, els l\u00edders d\u2019opini\u00f3, els mitjans de comunicaci\u00f3 i el p\u00fablic en general tenim el repte d\u2019afrontar la necessitat urgent de combatre la viol\u00e8ncia i la discriminaci\u00f3 contra les persones LGBTIQ+ i de construir societats inclusives, enriquides amb la seva diversitat.<\/p>\n<p>&nbsp;<\/p>\n<p><a href=\"http:\/\/xtec.gencat.cat\/ca\/centres\/celebracions\/2020\/dia-internacional-contra-lhomofobia-la-transfobia-i-la-bifobia\/recursos-didactics\/\" target=\"_blank\" rel=\"noopener noreferrer\"><img loading=\"lazy\" decoding=\"async\" class=\"alignleft wp-image-12453\" src=\"https:\/\/serveiseducatius.xtec.cat\/vallesoccidental5\/wp-content\/uploads\/usu1111\/2020\/05\/actualitat-553x553-dia-internacional-contra-homofobia-transfobia-bifobia-2020.jpg_1595044798.jpg\" alt=\"\" width=\"288\" height=\"288\" srcset=\"https:\/\/serveiseducatius.xtec.cat\/vallesoccidental5\/wp-content\/uploads\/usu1111\/2020\/05\/actualitat-553x553-dia-internacional-contra-homofobia-transfobia-bifobia-2020.jpg_1595044798.jpg 538w, https:\/\/serveiseducatius.xtec.cat\/vallesoccidental5\/wp-content\/uploads\/usu1111\/2020\/05\/actualitat-553x553-dia-internacional-contra-homofobia-transfobia-bifobia-2020.jpg_1595044798-150x150.jpg 150w, https:\/\/serveiseducatius.xtec.cat\/vallesoccidental5\/wp-content\/uploads\/usu1111\/2020\/05\/actualitat-553x553-dia-internacional-contra-homofobia-transfobia-bifobia-2020.jpg_1595044798-300x300.jpg 300w\" sizes=\"auto, (max-width: 288px) 100vw, 288px\" \/><\/a><\/p>\n<p>&nbsp;<\/p>\n<p>&nbsp;<\/p>\n<p>&nbsp;<\/p>\n<p>Cliqueu la imatge per accedir a <strong><em>RECURSOS DID\u00c0CTICS <\/em><\/strong><\/p>\n","protected":false},"excerpt":{"rendered":"<p>El 17 de maig \u00e9s el Dia Internacional contra l&#8217;Homof\u00f2bia, la Transf\u00f2bia i la Bif\u00f2bia, que commemora la decis\u200b\u200bi\u00f3 del 1990 de l\u2019Organitzaci\u00f3 Mundial de la Salut d\u2019eliminar l\u2019homosexualitat de la llista de trastorns mentals. Cada vegada m\u00e9s els responsables educatius, pol\u00edtics, els l\u00edders d\u2019opini\u00f3, els mitjans de comunicaci\u00f3 i el p\u00fablic en general tenim [&hellip;]<\/p>\n","protected":false},"author":1,"featured_media":12450,"comment_status":"open","ping_status":"closed","sticky":false,"template":"","format":"standard","meta":{"_bbp_topic_count":0,"_bbp_reply_count":0,"_bbp_total_topic_count":0,"_bbp_total_reply_count":0,"_bbp_voice_count":0,"_bbp_anonymous_reply_count":0,"_bbp_topic_count_hidden":0,"_bbp_reply_count_hidden":0,"_bbp_forum_subforum_count":0,"site-sidebar-layout":"default","site-content-layout":"","ast-site-content-layout":"","site-content-style":"default","site-sidebar-style":"default","ast-global-header-display":"","ast-banner-title-visibility":"","ast-main-header-display":"","ast-hfb-above-header-display":"","ast-hfb-below-header-display":"","ast-hfb-mobile-header-display":"","site-post-title":"","ast-breadcrumbs-content":"","ast-featured-img":"","footer-sml-layout":"","theme-transparent-header-meta":"","adv-header-id-meta":"","stick-header-meta":"","header-above-stick-meta":"","header-main-stick-meta":"","header-below-stick-meta":"","astra-migrate-meta-layouts":"default","ast-page-background-enabled":"default","ast-page-background-meta":{"desktop":{"background-color":"var(--ast-global-color-4)","background-image":"","background-repeat":"repeat","background-position":"center center","background-size":"auto","background-attachment":"scroll","background-type":"","background-media":"","overlay-type":"","overlay-color":"","overlay-opacity":"","overlay-gradient":""},"tablet":{"background-color":"","background-image":"","background-repeat":"repeat","background-position":"center center","background-size":"auto","background-attachment":"scroll","background-type":"","background-media":"","overlay-type":"","overlay-color":"","overlay-opacity":"","overlay-gradient":""},"mobile":{"background-color":"","background-image":"","background-repeat":"repeat","background-position":"center center","background-size":"auto","background-attachment":"scroll","background-type":"","background-media":"","overlay-type":"","overlay-color":"","overlay-opacity":"","overlay-gradient":""}},"ast-content-background-meta":{"desktop":{"background-color":"var(--ast-global-color-5)","background-image":"","background-repeat":"repeat","background-position":"center center","background-size":"auto","background-attachment":"scroll","background-type":"","background-media":"","overlay-type":"","overlay-color":"","overlay-opacity":"","overlay-gradient":""},"tablet":{"background-color":"var(--ast-global-color-5)","background-image":"","background-repeat":"repeat","background-position":"center center","background-size":"auto","background-attachment":"scroll","background-type":"","background-media":"","overlay-type":"","overlay-color":"","overlay-opacity":"","overlay-gradient":""},"mobile":{"background-color":"var(--ast-global-color-5)","background-image":"","background-repeat":"repeat","background-position":"center center","background-size":"auto","background-attachment":"scroll","background-type":"","background-media":"","overlay-type":"","overlay-color":"","overlay-opacity":"","overlay-gradient":""}},"footnotes":""},"categories":[29],"tags":[854],"class_list":["post-12449","post","type-post","status-publish","format-standard","has-post-thumbnail","hentry","category-portada","tag-coeducacio"],"post_mailing_queue_ids":[],"_links":{"self":[{"href":"https:\/\/serveiseducatius.xtec.cat\/vallesoccidental5\/wp-json\/wp\/v2\/posts\/12449","targetHints":{"allow":["GET"]}}],"collection":[{"href":"https:\/\/serveiseducatius.xtec.cat\/vallesoccidental5\/wp-json\/wp\/v2\/posts"}],"about":[{"href":"https:\/\/serveiseducatius.xtec.cat\/vallesoccidental5\/wp-json\/wp\/v2\/types\/post"}],"author":[{"embeddable":true,"href":"https:\/\/serveiseducatius.xtec.cat\/vallesoccidental5\/wp-json\/wp\/v2\/users\/1"}],"replies":[{"embeddable":true,"href":"https:\/\/serveiseducatius.xtec.cat\/vallesoccidental5\/wp-json\/wp\/v2\/comments?post=12449"}],"version-history":[{"count":3,"href":"https:\/\/serveiseducatius.xtec.cat\/vallesoccidental5\/wp-json\/wp\/v2\/posts\/12449\/revisions"}],"predecessor-version":[{"id":12452,"href":"https:\/\/serveiseducatius.xtec.cat\/vallesoccidental5\/wp-json\/wp\/v2\/posts\/12449\/revisions\/12452"}],"wp:featuredmedia":[{"embeddable":true,"href":"https:\/\/serveiseducatius.xtec.cat\/vallesoccidental5\/wp-json\/wp\/v2\/media\/12450"}],"wp:attachment":[{"href":"https:\/\/serveiseducatius.xtec.cat\/vallesoccidental5\/wp-json\/wp\/v2\/media?parent=12449"}],"wp:term":[{"taxonomy":"category","embeddable":true,"href":"https:\/\/serveiseducatius.xtec.cat\/vallesoccidental5\/wp-json\/wp\/v2\/categories?post=12449"},{"taxonomy":"post_tag","embeddable":true,"href":"https:\/\/serveiseducatius.xtec.cat\/vallesoccidental5\/wp-json\/wp\/v2\/tags?post=12449"}],"curies":[{"name":"wp","href":"https:\/\/api.w.org\/{rel}","templated":true}]}}