{"id":12427,"date":"2020-05-06T09:34:22","date_gmt":"2020-05-06T07:34:22","guid":{"rendered":"http:\/\/serveiseducatius.xtec.cat\/vallesoccidental5\/?p=12427"},"modified":"2020-05-06T09:34:22","modified_gmt":"2020-05-06T07:34:22","slug":"videoconferencies-pautes-per-dinamitzar-les","status":"publish","type":"post","link":"https:\/\/serveiseducatius.xtec.cat\/vallesoccidental5\/portada\/videoconferencies-pautes-per-dinamitzar-les\/","title":{"rendered":"VIDEOCONFER\u00c8NCIES, PAUTES PER DINAMITZAR-LES"},"content":{"rendered":"<p><a href=\"https:\/\/serveiseducatius.xtec.cat\/vallesoccidental5\/wp-content\/uploads\/usu1111\/2020\/05\/Captura-de-Pantalla-2020-05-06-a-les-9.00.45.png\"><img loading=\"lazy\" decoding=\"async\" class=\"alignnone size-full wp-image-12428\" src=\"https:\/\/serveiseducatius.xtec.cat\/vallesoccidental5\/wp-content\/uploads\/usu1111\/2020\/05\/Captura-de-Pantalla-2020-05-06-a-les-9.00.45.png\" alt=\"\" width=\"978\" height=\"204\" srcset=\"https:\/\/serveiseducatius.xtec.cat\/vallesoccidental5\/wp-content\/uploads\/usu1111\/2020\/05\/Captura-de-Pantalla-2020-05-06-a-les-9.00.45.png 978w, https:\/\/serveiseducatius.xtec.cat\/vallesoccidental5\/wp-content\/uploads\/usu1111\/2020\/05\/Captura-de-Pantalla-2020-05-06-a-les-9.00.45-300x63.png 300w, https:\/\/serveiseducatius.xtec.cat\/vallesoccidental5\/wp-content\/uploads\/usu1111\/2020\/05\/Captura-de-Pantalla-2020-05-06-a-les-9.00.45-768x160.png 768w\" sizes=\"auto, (max-width: 978px) 100vw, 978px\" \/><\/a><\/p>\n<p>Fruit de la situaci\u00f3 extraordin\u00e0ria en la que ens trobem i de la nova realitat escolar que estem vivint, les <a href=\"https:\/\/ca.wikipedia.org\/wiki\/Videoconfer%C3%A8ncia\" target=\"_blank\" rel=\"noopener noreferrer\"><span style=\"text-decoration: underline;\"><strong><em>VIDEOCONFER\u00c8NCIES<\/em><\/strong><\/span><\/a> han esdevingut una de les eines principals de contacte entre professionals (coordinacions, reunions, juntes, etc), amb l&#8217;alumnat (grups petits, grup sencer, etc) i amb les fam\u00edlies (portes obertes virtuals, tutories individuals, reunions de fam\u00edlies, etc)<\/p>\n<p>En l&#8217;espai <a href=\"http:\/\/xtec.gencat.cat\/ca\/inici\/\" target=\"_blank\" rel=\"noopener noreferrer\"><span style=\"text-decoration: underline;\"><em><strong>XTEC<\/strong><\/em><\/span><\/a> podreu trobar recomanacions i consells diversos per organitzar, estructurar i gestionar els <a href=\"http:\/\/xtec.gencat.cat\/ca\/centres\/centres-educatius-en-linia\/\" target=\"_blank\" rel=\"noopener noreferrer\"><span style=\"text-decoration: underline;\"><em><strong>CENTRES EN L\u00cdNIA<\/strong><\/em><\/span><\/a><\/p>\n<p><a href=\"http:\/\/xtec.gencat.cat\/web\/.content\/centres\/centres-educatius-en-linia\/videoconferencies.pdf\" target=\"_blank\" rel=\"noopener noreferrer\"><img loading=\"lazy\" decoding=\"async\" class=\"aligncenter wp-image-12430 size-large\" src=\"https:\/\/serveiseducatius.xtec.cat\/vallesoccidental5\/wp-content\/uploads\/usu1111\/2020\/05\/Captura-de-Pantalla-2020-05-06-a-les-8.56.14-629x1024.png\" alt=\"\" width=\"629\" height=\"1024\" srcset=\"https:\/\/serveiseducatius.xtec.cat\/vallesoccidental5\/wp-content\/uploads\/usu1111\/2020\/05\/Captura-de-Pantalla-2020-05-06-a-les-8.56.14-629x1024.png 629w, https:\/\/serveiseducatius.xtec.cat\/vallesoccidental5\/wp-content\/uploads\/usu1111\/2020\/05\/Captura-de-Pantalla-2020-05-06-a-les-8.56.14-184x300.png 184w, https:\/\/serveiseducatius.xtec.cat\/vallesoccidental5\/wp-content\/uploads\/usu1111\/2020\/05\/Captura-de-Pantalla-2020-05-06-a-les-8.56.14-768x1250.png 768w, https:\/\/serveiseducatius.xtec.cat\/vallesoccidental5\/wp-content\/uploads\/usu1111\/2020\/05\/Captura-de-Pantalla-2020-05-06-a-les-8.56.14.png 952w\" sizes=\"auto, (max-width: 629px) 100vw, 629px\" \/><\/a><\/p>\n<p>&nbsp;<\/p>\n","protected":false},"excerpt":{"rendered":"<p>Fruit de la situaci\u00f3 extraordin\u00e0ria en la que ens trobem i de la nova realitat escolar que estem vivint, les VIDEOCONFER\u00c8NCIES han esdevingut una de les eines principals de contacte entre professionals (coordinacions, reunions, juntes, etc), amb l&#8217;alumnat (grups petits, grup sencer, etc) i amb les fam\u00edlies (portes obertes virtuals, tutories individuals, reunions de fam\u00edlies, [&hellip;]<\/p>\n","protected":false},"author":1,"featured_media":0,"comment_status":"closed","ping_status":"closed","sticky":false,"template":"","format":"standard","meta":{"_bbp_topic_count":0,"_bbp_reply_count":0,"_bbp_total_topic_count":0,"_bbp_total_reply_count":0,"_bbp_voice_count":0,"_bbp_anonymous_reply_count":0,"_bbp_topic_count_hidden":0,"_bbp_reply_count_hidden":0,"_bbp_forum_subforum_count":0,"site-sidebar-layout":"default","site-content-layout":"","ast-site-content-layout":"","site-content-style":"default","site-sidebar-style":"default","ast-global-header-display":"","ast-banner-title-visibility":"","ast-main-header-display":"","ast-hfb-above-header-display":"","ast-hfb-below-header-display":"","ast-hfb-mobile-header-display":"","site-post-title":"","ast-breadcrumbs-content":"","ast-featured-img":"","footer-sml-layout":"","theme-transparent-header-meta":"","adv-header-id-meta":"","stick-header-meta":"","header-above-stick-meta":"","header-main-stick-meta":"","header-below-stick-meta":"","astra-migrate-meta-layouts":"default","ast-page-background-enabled":"default","ast-page-background-meta":{"desktop":{"background-color":"var(--ast-global-color-4)","background-image":"","background-repeat":"repeat","background-position":"center center","background-size":"auto","background-attachment":"scroll","background-type":"","background-media":"","overlay-type":"","overlay-color":"","overlay-opacity":"","overlay-gradient":""},"tablet":{"background-color":"","background-image":"","background-repeat":"repeat","background-position":"center center","background-size":"auto","background-attachment":"scroll","background-type":"","background-media":"","overlay-type":"","overlay-color":"","overlay-opacity":"","overlay-gradient":""},"mobile":{"background-color":"","background-image":"","background-repeat":"repeat","background-position":"center center","background-size":"auto","background-attachment":"scroll","background-type":"","background-media":"","overlay-type":"","overlay-color":"","overlay-opacity":"","overlay-gradient":""}},"ast-content-background-meta":{"desktop":{"background-color":"var(--ast-global-color-5)","background-image":"","background-repeat":"repeat","background-position":"center center","background-size":"auto","background-attachment":"scroll","background-type":"","background-media":"","overlay-type":"","overlay-color":"","overlay-opacity":"","overlay-gradient":""},"tablet":{"background-color":"var(--ast-global-color-5)","background-image":"","background-repeat":"repeat","background-position":"center center","background-size":"auto","background-attachment":"scroll","background-type":"","background-media":"","overlay-type":"","overlay-color":"","overlay-opacity":"","overlay-gradient":""},"mobile":{"background-color":"var(--ast-global-color-5)","background-image":"","background-repeat":"repeat","background-position":"center center","background-size":"auto","background-attachment":"scroll","background-type":"","background-media":"","overlay-type":"","overlay-color":"","overlay-opacity":"","overlay-gradient":""}},"footnotes":""},"categories":[29,78],"tags":[830,828,829,699,839],"class_list":["post-12427","post","type-post","status-publish","format-standard","hentry","category-portada","category-tac","tag-joemquedoacasa","tag-centres-educatius-en-linia","tag-jo-em-quedo-a-casa","tag-tac","tag-videoconferencies"],"post_mailing_queue_ids":[],"_links":{"self":[{"href":"https:\/\/serveiseducatius.xtec.cat\/vallesoccidental5\/wp-json\/wp\/v2\/posts\/12427","targetHints":{"allow":["GET"]}}],"collection":[{"href":"https:\/\/serveiseducatius.xtec.cat\/vallesoccidental5\/wp-json\/wp\/v2\/posts"}],"about":[{"href":"https:\/\/serveiseducatius.xtec.cat\/vallesoccidental5\/wp-json\/wp\/v2\/types\/post"}],"author":[{"embeddable":true,"href":"https:\/\/serveiseducatius.xtec.cat\/vallesoccidental5\/wp-json\/wp\/v2\/users\/1"}],"replies":[{"embeddable":true,"href":"https:\/\/serveiseducatius.xtec.cat\/vallesoccidental5\/wp-json\/wp\/v2\/comments?post=12427"}],"version-history":[{"count":1,"href":"https:\/\/serveiseducatius.xtec.cat\/vallesoccidental5\/wp-json\/wp\/v2\/posts\/12427\/revisions"}],"predecessor-version":[{"id":12431,"href":"https:\/\/serveiseducatius.xtec.cat\/vallesoccidental5\/wp-json\/wp\/v2\/posts\/12427\/revisions\/12431"}],"wp:attachment":[{"href":"https:\/\/serveiseducatius.xtec.cat\/vallesoccidental5\/wp-json\/wp\/v2\/media?parent=12427"}],"wp:term":[{"taxonomy":"category","embeddable":true,"href":"https:\/\/serveiseducatius.xtec.cat\/vallesoccidental5\/wp-json\/wp\/v2\/categories?post=12427"},{"taxonomy":"post_tag","embeddable":true,"href":"https:\/\/serveiseducatius.xtec.cat\/vallesoccidental5\/wp-json\/wp\/v2\/tags?post=12427"}],"curies":[{"name":"wp","href":"https:\/\/api.w.org\/{rel}","templated":true}]}}