{"id":12274,"date":"2020-04-01T16:06:49","date_gmt":"2020-04-01T14:06:49","guid":{"rendered":"http:\/\/serveiseducatius.xtec.cat\/vallesoccidental5\/?p=12274"},"modified":"2020-05-06T09:09:20","modified_gmt":"2020-05-06T07:09:20","slug":"centres-en-linia-portal-eix","status":"publish","type":"post","link":"https:\/\/serveiseducatius.xtec.cat\/vallesoccidental5\/general\/centres-en-linia-portal-eix\/","title":{"rendered":"CENTRES EN L\u00cdNIA, PORTAL EIX"},"content":{"rendered":"<p><a href=\"https:\/\/serveiseducatius.xtec.cat\/vallesoccidental5\/wp-content\/uploads\/usu1111\/2020\/04\/Captura-de-Pantalla-2020-04-01-a-les-13.01.51.png\"><img loading=\"lazy\" decoding=\"async\" class=\"size-full wp-image-12275 aligncenter\" src=\"https:\/\/serveiseducatius.xtec.cat\/vallesoccidental5\/wp-content\/uploads\/usu1111\/2020\/04\/Captura-de-Pantalla-2020-04-01-a-les-13.01.51.png\" alt=\"\" width=\"1006\" height=\"220\" srcset=\"https:\/\/serveiseducatius.xtec.cat\/vallesoccidental5\/wp-content\/uploads\/usu1111\/2020\/04\/Captura-de-Pantalla-2020-04-01-a-les-13.01.51.png 1006w, https:\/\/serveiseducatius.xtec.cat\/vallesoccidental5\/wp-content\/uploads\/usu1111\/2020\/04\/Captura-de-Pantalla-2020-04-01-a-les-13.01.51-300x66.png 300w, https:\/\/serveiseducatius.xtec.cat\/vallesoccidental5\/wp-content\/uploads\/usu1111\/2020\/04\/Captura-de-Pantalla-2020-04-01-a-les-13.01.51-768x168.png 768w\" sizes=\"auto, (max-width: 1006px) 100vw, 1006px\" \/><\/a><\/p>\n<p>&nbsp;<\/p>\n<p>En l\u2019actualitat nombrosos centres docents de Catalunya ja tenen iniciades l\u00ednies de treball digital amb el seu alumnat i fan \u00fas de diferents entorns per l&#8217;aprenentatge, per\u00f2 per aquelles escoles i instituts que no en tenen, el Departament d&#8217;Educaci\u00f3, en el marc d&#8217;aquest context extraordinari, posa a disposici\u00f3 l&#8217;entorn virtual d&#8217;aprenentatge (EVA) EIX per aquells centres que ho sol\u00b7licitin.<\/p>\n<p>El Portal EIX, basat en tecnologia Moodle, incorpora eines per compartir recursos, per fer seguiment del progr\u00e9s de l&#8217;alumnat, fomenta el treball col\u00b7laboratiu i inclou la possibilitat de dur a terme v\u00eddeo-confer\u00e8ncies.<\/p>\n<p>En aquest entorn, els docents poden crear aules virtuals i comen\u00e7ar a treballar-hi des del seu usuari i contrasenya xtec. Pel que fa a l\u2019alumnat, EIX no requereix de l\u2019\u00fas de comptes de correu electr\u00f2nics i les dades de l\u2019alumnat nom\u00e9s s\u00f3n accessibles pel mateix centre i es troben allotjades en els servidors del Departament d\u2019Educaci\u00f3, cosa que no passa en Entorns externs al departament com GSUITE.<\/p>\n<p>&nbsp;<\/p>\n<p>A continuaci\u00f3 podreu trobar diferents enlla\u00e7os que us ajudaran a construir el Portal Eix, a aquells centres que decideixen utilitzar-lo:<\/p>\n<p><a href=\"https:\/\/odissea.xtec.cat\/course\/view.php?id=64622\" target=\"_blank\" rel=\"noopener noreferrer\"><img loading=\"lazy\" decoding=\"async\" class=\"alignleft wp-image-12277\" src=\"https:\/\/serveiseducatius.xtec.cat\/vallesoccidental5\/wp-content\/uploads\/usu1111\/2020\/04\/35.jpg\" alt=\"\" width=\"387\" height=\"160\" srcset=\"https:\/\/serveiseducatius.xtec.cat\/vallesoccidental5\/wp-content\/uploads\/usu1111\/2020\/04\/35.jpg 581w, https:\/\/serveiseducatius.xtec.cat\/vallesoccidental5\/wp-content\/uploads\/usu1111\/2020\/04\/35-300x124.jpg 300w\" sizes=\"auto, (max-width: 387px) 100vw, 387px\" \/><\/a><\/p>\n<p>&nbsp;<\/p>\n<p>Curs obert destinat a persones que gestionin i administrin el portal Eix o Moddle propi de cada centre. Es necess\u00e0ria l&#8217;autoinscripci\u00f3 amb usuari i contrasenya del correu XTEC.<\/p>\n<p>&nbsp;<\/p>\n<p>&nbsp;<\/p>\n<p><a href=\"https:\/\/odissea.xtec.cat\/enrol\/index.php?id=64623\" target=\"_blank\" rel=\"noopener noreferrer\"><img loading=\"lazy\" decoding=\"async\" class=\"alignright wp-image-12278 size-full\" src=\"https:\/\/serveiseducatius.xtec.cat\/vallesoccidental5\/wp-content\/uploads\/usu1111\/2020\/04\/36.jpg\" alt=\"\" width=\"639\" height=\"159\" srcset=\"https:\/\/serveiseducatius.xtec.cat\/vallesoccidental5\/wp-content\/uploads\/usu1111\/2020\/04\/36.jpg 639w, https:\/\/serveiseducatius.xtec.cat\/vallesoccidental5\/wp-content\/uploads\/usu1111\/2020\/04\/36-300x75.jpg 300w\" sizes=\"auto, (max-width: 639px) 100vw, 639px\" \/><\/a><\/p>\n<p>Curs obert destinat a persones que s&#8217;inicien en l&#8217;\u00fas de Moodle.\u00a0 Destinat, sobretot, a aquelles docents que vagin a utilitzar el Portal Eix o Moddle propi de cada centre. S&#8217;accedeix al Portal Odissea amb usuari i contrasenya del correu XTEC.<\/p>\n<p>&nbsp;<\/p>\n<p>&nbsp;<\/p>\n<p><a href=\"https:\/\/www.youtube.com\/channel\/UCLsDWVSYhjFYweT-LFbIbwA\/\" target=\"_blank\" rel=\"noopener noreferrer\"><img loading=\"lazy\" decoding=\"async\" class=\"alignleft wp-image-12280\" src=\"https:\/\/serveiseducatius.xtec.cat\/vallesoccidental5\/wp-content\/uploads\/usu1111\/2020\/04\/37.jpg\" alt=\"\" width=\"186\" height=\"186\" srcset=\"https:\/\/serveiseducatius.xtec.cat\/vallesoccidental5\/wp-content\/uploads\/usu1111\/2020\/04\/37.jpg 206w, https:\/\/serveiseducatius.xtec.cat\/vallesoccidental5\/wp-content\/uploads\/usu1111\/2020\/04\/37-150x150.jpg 150w\" sizes=\"auto, (max-width: 186px) 100vw, 186px\" \/><\/a><\/p>\n<p>&nbsp;<\/p>\n<p>Videotutorials de funcionament del Portal Eix- Aquest Canal ser\u00e0 din\u00e0mic i s&#8217;anir\u00e0 actualitzant amb nous tutorials. Est\u00e0 fixa&#8217;t a la portada de l&#8217;espai XTEC.<\/p>\n<p>Aquests videotutorials estan <span style=\"font-weight: 400;\">elaborats en 3 categories: Administradores de l&#8217;Eix, Docents i Alumnes (fam\u00edlies)<\/span><\/p>\n<p>&nbsp;<\/p>\n<p>&nbsp;<\/p>\n<p>F\u00f2rum de Suport del Portal Eix a l&#8217;espai \u00c0gora. S&#8217;accedeix amb usuari i contrasenya del correu XTEC\u00a0 \u00a0 \u00a0 \u00a0 \u00a0 \u00a0 \u00a0 \u00a0 \u00a0 \u00a0 \u00a0 <a href=\"https:\/\/agora.xtec.cat\/moodle\/moodle\/mod\/forum\/view.php?id=2281\" target=\"_blank\" rel=\"noopener noreferrer\"><img loading=\"lazy\" decoding=\"async\" class=\"alignnone wp-image-12282 size-full\" src=\"https:\/\/serveiseducatius.xtec.cat\/vallesoccidental5\/wp-content\/uploads\/usu1111\/2020\/04\/38.jpg\" alt=\"\" width=\"213\" height=\"85\" \/><\/a><\/p>\n<p>&nbsp;<\/p>\n<p><a href=\"https:\/\/script.google.com\/a\/xtec.cat\/macros\/s\/AKfycbxGLD9BaU8dvvE9zIwqFQCsKA8VWAU8Xywxdr8m2-M14cFubXE\/exec\" target=\"_blank\" rel=\"noopener noreferrer\"><img loading=\"lazy\" decoding=\"async\" class=\"alignleft wp-image-12283 size-full\" src=\"https:\/\/serveiseducatius.xtec.cat\/vallesoccidental5\/wp-content\/uploads\/usu1111\/2020\/04\/39.jpg\" alt=\"\" width=\"318\" height=\"135\" srcset=\"https:\/\/serveiseducatius.xtec.cat\/vallesoccidental5\/wp-content\/uploads\/usu1111\/2020\/04\/39.jpg 318w, https:\/\/serveiseducatius.xtec.cat\/vallesoccidental5\/wp-content\/uploads\/usu1111\/2020\/04\/39-300x127.jpg 300w\" sizes=\"auto, (max-width: 318px) 100vw, 318px\" \/><\/a><\/p>\n<p>&nbsp;<\/p>\n<p><span style=\"font-weight: 400;\">Centres que no hagin demanat encara el Portal Eix ni tampoc tinguin espai Moodle de centre, poden demanar-lo al portal \u00c0gora a trav\u00e9s del formulari corresponent. <a href=\"https:\/\/script.google.com\/a\/xtec.cat\/macros\/s\/AKfycbxGLD9BaU8dvvE9zIwqFQCsKA8VWAU8Xywxdr8m2-M14cFubXE\/exec\" target=\"_blank\" rel=\"noopener noreferrer\"><span style=\"text-decoration: underline;\"><em><strong>ENLLA\u00c7<\/strong><\/em><\/span><\/a><\/span><\/p>\n<p>&nbsp;<\/p>\n<p>&nbsp;<\/p>\n<p>Amb aquests recursos, de ben segur, que, aquells centres que aix\u00ed ho decideixin, podran posar en marxa el portal EIX.<\/p>\n<p>Per qualsevol dubte podeu adre\u00e7ar-vos a\u00a0 crp-cerdanyola@xtec.cat . Us respondrem amb la m\u00e0xima brevetat possible.<\/p>\n<p>&nbsp;<\/p>\n<p>&nbsp;<\/p>\n<p>&nbsp;<\/p>\n","protected":false},"excerpt":{"rendered":"<p>&nbsp; En l\u2019actualitat nombrosos centres docents de Catalunya ja tenen iniciades l\u00ednies de treball digital amb el seu alumnat i fan \u00fas de diferents entorns per l&#8217;aprenentatge, per\u00f2 per aquelles escoles i instituts que no en tenen, el Departament d&#8217;Educaci\u00f3, en el marc d&#8217;aquest context extraordinari, posa a disposici\u00f3 l&#8217;entorn virtual d&#8217;aprenentatge (EVA) EIX per [&hellip;]<\/p>\n","protected":false},"author":1,"featured_media":12290,"comment_status":"closed","ping_status":"closed","sticky":false,"template":"","format":"standard","meta":{"_bbp_topic_count":0,"_bbp_reply_count":0,"_bbp_total_topic_count":0,"_bbp_total_reply_count":0,"_bbp_voice_count":0,"_bbp_anonymous_reply_count":0,"_bbp_topic_count_hidden":0,"_bbp_reply_count_hidden":0,"_bbp_forum_subforum_count":0,"site-sidebar-layout":"default","site-content-layout":"","ast-site-content-layout":"","site-content-style":"default","site-sidebar-style":"default","ast-global-header-display":"","ast-banner-title-visibility":"","ast-main-header-display":"","ast-hfb-above-header-display":"","ast-hfb-below-header-display":"","ast-hfb-mobile-header-display":"","site-post-title":"","ast-breadcrumbs-content":"","ast-featured-img":"","footer-sml-layout":"","theme-transparent-header-meta":"","adv-header-id-meta":"","stick-header-meta":"","header-above-stick-meta":"","header-main-stick-meta":"","header-below-stick-meta":"","astra-migrate-meta-layouts":"default","ast-page-background-enabled":"default","ast-page-background-meta":{"desktop":{"background-color":"var(--ast-global-color-4)","background-image":"","background-repeat":"repeat","background-position":"center center","background-size":"auto","background-attachment":"scroll","background-type":"","background-media":"","overlay-type":"","overlay-color":"","overlay-opacity":"","overlay-gradient":""},"tablet":{"background-color":"","background-image":"","background-repeat":"repeat","background-position":"center center","background-size":"auto","background-attachment":"scroll","background-type":"","background-media":"","overlay-type":"","overlay-color":"","overlay-opacity":"","overlay-gradient":""},"mobile":{"background-color":"","background-image":"","background-repeat":"repeat","background-position":"center center","background-size":"auto","background-attachment":"scroll","background-type":"","background-media":"","overlay-type":"","overlay-color":"","overlay-opacity":"","overlay-gradient":""}},"ast-content-background-meta":{"desktop":{"background-color":"var(--ast-global-color-5)","background-image":"","background-repeat":"repeat","background-position":"center center","background-size":"auto","background-attachment":"scroll","background-type":"","background-media":"","overlay-type":"","overlay-color":"","overlay-opacity":"","overlay-gradient":""},"tablet":{"background-color":"var(--ast-global-color-5)","background-image":"","background-repeat":"repeat","background-position":"center center","background-size":"auto","background-attachment":"scroll","background-type":"","background-media":"","overlay-type":"","overlay-color":"","overlay-opacity":"","overlay-gradient":""},"mobile":{"background-color":"var(--ast-global-color-5)","background-image":"","background-repeat":"repeat","background-position":"center center","background-size":"auto","background-attachment":"scroll","background-type":"","background-media":"","overlay-type":"","overlay-color":"","overlay-opacity":"","overlay-gradient":""}},"footnotes":""},"categories":[1,29],"tags":[830,828,831,829,827],"class_list":["post-12274","post","type-post","status-publish","format-standard","has-post-thumbnail","hentry","category-general","category-portada","tag-joemquedoacasa","tag-centres-educatius-en-linia","tag-eix","tag-jo-em-quedo-a-casa","tag-pla-daccio"],"post_mailing_queue_ids":[],"_links":{"self":[{"href":"https:\/\/serveiseducatius.xtec.cat\/vallesoccidental5\/wp-json\/wp\/v2\/posts\/12274","targetHints":{"allow":["GET"]}}],"collection":[{"href":"https:\/\/serveiseducatius.xtec.cat\/vallesoccidental5\/wp-json\/wp\/v2\/posts"}],"about":[{"href":"https:\/\/serveiseducatius.xtec.cat\/vallesoccidental5\/wp-json\/wp\/v2\/types\/post"}],"author":[{"embeddable":true,"href":"https:\/\/serveiseducatius.xtec.cat\/vallesoccidental5\/wp-json\/wp\/v2\/users\/1"}],"replies":[{"embeddable":true,"href":"https:\/\/serveiseducatius.xtec.cat\/vallesoccidental5\/wp-json\/wp\/v2\/comments?post=12274"}],"version-history":[{"count":3,"href":"https:\/\/serveiseducatius.xtec.cat\/vallesoccidental5\/wp-json\/wp\/v2\/posts\/12274\/revisions"}],"predecessor-version":[{"id":12429,"href":"https:\/\/serveiseducatius.xtec.cat\/vallesoccidental5\/wp-json\/wp\/v2\/posts\/12274\/revisions\/12429"}],"wp:featuredmedia":[{"embeddable":true,"href":"https:\/\/serveiseducatius.xtec.cat\/vallesoccidental5\/wp-json\/wp\/v2\/media\/12290"}],"wp:attachment":[{"href":"https:\/\/serveiseducatius.xtec.cat\/vallesoccidental5\/wp-json\/wp\/v2\/media?parent=12274"}],"wp:term":[{"taxonomy":"category","embeddable":true,"href":"https:\/\/serveiseducatius.xtec.cat\/vallesoccidental5\/wp-json\/wp\/v2\/categories?post=12274"},{"taxonomy":"post_tag","embeddable":true,"href":"https:\/\/serveiseducatius.xtec.cat\/vallesoccidental5\/wp-json\/wp\/v2\/tags?post=12274"}],"curies":[{"name":"wp","href":"https:\/\/api.w.org\/{rel}","templated":true}]}}