{"id":12161,"date":"2020-03-17T15:50:44","date_gmt":"2020-03-17T14:50:44","guid":{"rendered":"http:\/\/serveiseducatius.xtec.cat\/vallesoccidental5\/?p=12161"},"modified":"2020-03-26T18:25:34","modified_gmt":"2020-03-26T17:25:34","slug":"suspensio-dels-terminis-administratius-des-del-14-de-marc","status":"publish","type":"post","link":"https:\/\/serveiseducatius.xtec.cat\/vallesoccidental5\/general\/suspensio-dels-terminis-administratius-des-del-14-de-marc\/","title":{"rendered":"SUSPENSI\u00d3 DELS TERMINIS ADMINISTRATIUS DES DEL 14 DE MAR\u00c7"},"content":{"rendered":"<p><img loading=\"lazy\" decoding=\"async\" class=\"alignnone wp-image-12253 size-large\" src=\"https:\/\/serveiseducatius.xtec.cat\/vallesoccidental5\/wp-content\/uploads\/usu1111\/2020\/03\/Captura-de-Pantalla-2020-03-26-a-les-18.09.12-1024x217.png\" alt=\"\" width=\"1024\" height=\"217\" srcset=\"https:\/\/serveiseducatius.xtec.cat\/vallesoccidental5\/wp-content\/uploads\/usu1111\/2020\/03\/Captura-de-Pantalla-2020-03-26-a-les-18.09.12-1024x217.png 1024w, https:\/\/serveiseducatius.xtec.cat\/vallesoccidental5\/wp-content\/uploads\/usu1111\/2020\/03\/Captura-de-Pantalla-2020-03-26-a-les-18.09.12-300x64.png 300w, https:\/\/serveiseducatius.xtec.cat\/vallesoccidental5\/wp-content\/uploads\/usu1111\/2020\/03\/Captura-de-Pantalla-2020-03-26-a-les-18.09.12-768x163.png 768w, https:\/\/serveiseducatius.xtec.cat\/vallesoccidental5\/wp-content\/uploads\/usu1111\/2020\/03\/Captura-de-Pantalla-2020-03-26-a-les-18.09.12.png 1198w\" sizes=\"auto, (max-width: 1024px) 100vw, 1024px\" \/><\/p>\n<p style=\"text-align: justify;\"><strong>\u200b\u200b\u200b\u200b\u200bEls terminis administratius de l\u2019Administraci\u00f3 de la Generalitat queden afectats amb motiu de la publicaci\u00f3 del Reial decret 463\/2020, pel qual es declara l\u2019estat d\u2019alarma<\/strong><\/p>\n<p style=\"text-align: justify;\">La publicaci\u00f3 i entrada en vigor del<a href=\"https:\/\/boe.es\/diario_boe\/txt.php?id=BOE-A-2020-3692\"><span style=\"text-decoration: underline;\"><em><strong>\u00a0Reial decret 463\/2020<\/strong><\/em><\/span><\/a>, de 14 de mar\u00e7, pel qual es declara l\u2019estat d\u2019alarma per a la gesti\u00f3 de la situaci\u00f3 de crisi sanit\u00e0ria ocasionada pel COVID-19, preveu, en la disposici\u00f3 addicional tercera, la suspensi\u00f3 dels terminis administratius des de l&#8217;entrada en vigor\u00a0 d&#8217;aquesta normativa\u00a0(el mateix 14 de mar\u00e7), en\u00a0<strong>l&#8217;\u00e0mbit de l&#8217;Administaci\u00f3 de la Generalitat de Catalunya<\/strong>.\u200b<\/p>\n<p style=\"text-align: justify;\">Aquesta interrupci\u00f3 s\u2019aplica\u00a0a tot el sector p\u00fablic definit en la Llei 39\/2015, d\u20191 d\u2019octubre, del procediment administratiu com\u00fa de les administracions p\u00fabliques, i comporta que, durant la vig\u00e8ncia de l\u2019estat d\u2019alarma,\u00a0<strong>se suspenguin i s&#8217;interrompin\u00a0<\/strong><strong>els terminis per tramitar\u00a0els procediments de les entitats del sector p\u00fablic (convocat\u00f2ries, terminis d\u2019interposici\u00f3 de recursos, etc)<\/strong>.<\/p>\n<p style=\"text-align: justify;\">Aquests terminis\u00a0es reprendran quan\u00a0el Reial decret,\u00a0i les\u00a0possibles pr\u00f2rrogues, quedin derogats.\u00a0Tot aix\u00f2, l&#8217;\u00f2rgan competent pot acordar, mitjan\u00e7ant resoluci\u00f3 motivada, les mesures necess\u00e0ries per evitar perjudicis greus en els drets i interessos de l\u2019interessat en el procediment.<\/p>\n","protected":false},"excerpt":{"rendered":"<p>\u200b\u200b\u200b\u200b\u200bEls terminis administratius de l\u2019Administraci\u00f3 de la Generalitat queden afectats amb motiu de la publicaci\u00f3 del Reial decret 463\/2020, pel qual es declara l\u2019estat d\u2019alarma La publicaci\u00f3 i entrada en vigor del\u00a0Reial decret 463\/2020, de 14 de mar\u00e7, pel qual es declara l\u2019estat d\u2019alarma per a la gesti\u00f3 de la situaci\u00f3 de crisi sanit\u00e0ria ocasionada [&hellip;]<\/p>\n","protected":false},"author":1,"featured_media":12253,"comment_status":"closed","ping_status":"closed","sticky":false,"template":"","format":"standard","meta":{"_bbp_topic_count":0,"_bbp_reply_count":0,"_bbp_total_topic_count":0,"_bbp_total_reply_count":0,"_bbp_voice_count":0,"_bbp_anonymous_reply_count":0,"_bbp_topic_count_hidden":0,"_bbp_reply_count_hidden":0,"_bbp_forum_subforum_count":0,"site-sidebar-layout":"default","site-content-layout":"","ast-site-content-layout":"","site-content-style":"default","site-sidebar-style":"default","ast-global-header-display":"","ast-banner-title-visibility":"","ast-main-header-display":"","ast-hfb-above-header-display":"","ast-hfb-below-header-display":"","ast-hfb-mobile-header-display":"","site-post-title":"","ast-breadcrumbs-content":"","ast-featured-img":"","footer-sml-layout":"","theme-transparent-header-meta":"","adv-header-id-meta":"","stick-header-meta":"","header-above-stick-meta":"","header-main-stick-meta":"","header-below-stick-meta":"","astra-migrate-meta-layouts":"default","ast-page-background-enabled":"default","ast-page-background-meta":{"desktop":{"background-color":"var(--ast-global-color-4)","background-image":"","background-repeat":"repeat","background-position":"center center","background-size":"auto","background-attachment":"scroll","background-type":"","background-media":"","overlay-type":"","overlay-color":"","overlay-opacity":"","overlay-gradient":""},"tablet":{"background-color":"","background-image":"","background-repeat":"repeat","background-position":"center center","background-size":"auto","background-attachment":"scroll","background-type":"","background-media":"","overlay-type":"","overlay-color":"","overlay-opacity":"","overlay-gradient":""},"mobile":{"background-color":"","background-image":"","background-repeat":"repeat","background-position":"center center","background-size":"auto","background-attachment":"scroll","background-type":"","background-media":"","overlay-type":"","overlay-color":"","overlay-opacity":"","overlay-gradient":""}},"ast-content-background-meta":{"desktop":{"background-color":"var(--ast-global-color-5)","background-image":"","background-repeat":"repeat","background-position":"center center","background-size":"auto","background-attachment":"scroll","background-type":"","background-media":"","overlay-type":"","overlay-color":"","overlay-opacity":"","overlay-gradient":""},"tablet":{"background-color":"var(--ast-global-color-5)","background-image":"","background-repeat":"repeat","background-position":"center center","background-size":"auto","background-attachment":"scroll","background-type":"","background-media":"","overlay-type":"","overlay-color":"","overlay-opacity":"","overlay-gradient":""},"mobile":{"background-color":"var(--ast-global-color-5)","background-image":"","background-repeat":"repeat","background-position":"center center","background-size":"auto","background-attachment":"scroll","background-type":"","background-media":"","overlay-type":"","overlay-color":"","overlay-opacity":"","overlay-gradient":""}},"footnotes":""},"categories":[1,29],"tags":[821,501],"class_list":["post-12161","post","type-post","status-publish","format-standard","has-post-thumbnail","hentry","category-general","category-portada","tag-mesures-covid19","tag-preinscripcio"],"post_mailing_queue_ids":[],"_links":{"self":[{"href":"https:\/\/serveiseducatius.xtec.cat\/vallesoccidental5\/wp-json\/wp\/v2\/posts\/12161","targetHints":{"allow":["GET"]}}],"collection":[{"href":"https:\/\/serveiseducatius.xtec.cat\/vallesoccidental5\/wp-json\/wp\/v2\/posts"}],"about":[{"href":"https:\/\/serveiseducatius.xtec.cat\/vallesoccidental5\/wp-json\/wp\/v2\/types\/post"}],"author":[{"embeddable":true,"href":"https:\/\/serveiseducatius.xtec.cat\/vallesoccidental5\/wp-json\/wp\/v2\/users\/1"}],"replies":[{"embeddable":true,"href":"https:\/\/serveiseducatius.xtec.cat\/vallesoccidental5\/wp-json\/wp\/v2\/comments?post=12161"}],"version-history":[{"count":3,"href":"https:\/\/serveiseducatius.xtec.cat\/vallesoccidental5\/wp-json\/wp\/v2\/posts\/12161\/revisions"}],"predecessor-version":[{"id":12264,"href":"https:\/\/serveiseducatius.xtec.cat\/vallesoccidental5\/wp-json\/wp\/v2\/posts\/12161\/revisions\/12264"}],"wp:featuredmedia":[{"embeddable":true,"href":"https:\/\/serveiseducatius.xtec.cat\/vallesoccidental5\/wp-json\/wp\/v2\/media\/12253"}],"wp:attachment":[{"href":"https:\/\/serveiseducatius.xtec.cat\/vallesoccidental5\/wp-json\/wp\/v2\/media?parent=12161"}],"wp:term":[{"taxonomy":"category","embeddable":true,"href":"https:\/\/serveiseducatius.xtec.cat\/vallesoccidental5\/wp-json\/wp\/v2\/categories?post=12161"},{"taxonomy":"post_tag","embeddable":true,"href":"https:\/\/serveiseducatius.xtec.cat\/vallesoccidental5\/wp-json\/wp\/v2\/tags?post=12161"}],"curies":[{"name":"wp","href":"https:\/\/api.w.org\/{rel}","templated":true}]}}