{"id":12122,"date":"2020-03-16T17:36:16","date_gmt":"2020-03-16T16:36:16","guid":{"rendered":"http:\/\/serveiseducatius.xtec.cat\/vallesoccidental5\/?p=12122"},"modified":"2020-03-26T18:22:04","modified_gmt":"2020-03-26T17:22:04","slug":"recursos-docents-de-formacio-covid19","status":"publish","type":"post","link":"https:\/\/serveiseducatius.xtec.cat\/vallesoccidental5\/portada\/recursos-docents-de-formacio-covid19\/","title":{"rendered":"COVID19. RECURSOS DOCENTS DE FORMACI\u00d3"},"content":{"rendered":"<p><img loading=\"lazy\" decoding=\"async\" class=\"alignnone wp-image-12256 size-large\" src=\"https:\/\/serveiseducatius.xtec.cat\/vallesoccidental5\/wp-content\/uploads\/usu1111\/2020\/03\/Captura-de-Pantalla-2020-03-26-a-les-18.15.37-1024x222.png\" alt=\"\" width=\"1024\" height=\"222\" srcset=\"https:\/\/serveiseducatius.xtec.cat\/vallesoccidental5\/wp-content\/uploads\/usu1111\/2020\/03\/Captura-de-Pantalla-2020-03-26-a-les-18.15.37-1024x222.png 1024w, https:\/\/serveiseducatius.xtec.cat\/vallesoccidental5\/wp-content\/uploads\/usu1111\/2020\/03\/Captura-de-Pantalla-2020-03-26-a-les-18.15.37-300x65.png 300w, https:\/\/serveiseducatius.xtec.cat\/vallesoccidental5\/wp-content\/uploads\/usu1111\/2020\/03\/Captura-de-Pantalla-2020-03-26-a-les-18.15.37-768x167.png 768w, https:\/\/serveiseducatius.xtec.cat\/vallesoccidental5\/wp-content\/uploads\/usu1111\/2020\/03\/Captura-de-Pantalla-2020-03-26-a-les-18.15.37.png 1198w\" sizes=\"auto, (max-width: 1024px) 100vw, 1024px\" \/><\/p>\n<p style=\"text-align: justify;\">Durant aquests dies de confinament a casa i amb l&#8217;ajuda del Departament d&#8217;Educaci\u00f3, us anirem presentant diferents propostes de RECURSOS I FORMACI\u00d3 EXTRAORDIN\u00c0RIA adre\u00e7ades al professorat i als centres.<\/p>\n<p style=\"text-align: justify;\">Aquesta <strong>nova proposta formativa<\/strong>, que s&#8217;ha creat<strong>\u00a0<\/strong>en el marc d&#8217;aquest context extraordinari, la teniu al web de la <a href=\"http:\/\/xtec.gencat.cat\/ca\/inici\/\" target=\"_blank\" rel=\"noopener noreferrer\" data-saferedirecturl=\"https:\/\/www.google.com\/url?q=http:\/\/xtec.gencat.cat\/ca\/inici\/&amp;source=gmail&amp;ust=1584529261931000&amp;usg=AFQjCNEv7AIFLwojRl2VUagGu7i11MA1Xw\">XTEC<\/a>,\u00a0on tamb\u00e9\u00a0hi ha\u00a0un recull actualitzat de\u00a0<strong>recursos i activitats did\u00e0ctiques en l\u00ednia\u00a0<\/strong>que poden\u00a0ser d&#8217;ajut a\u00a0l&#8217;hora d&#8217;elaborar propostes did\u00e0ctiques, i que\u00a0podeu fer arribar\u00a0a\u00a0l&#8217;alumnat,\u00a0per tal que\u00a0pugui avan\u00e7ar en el seu proc\u00e9s d&#8217;aprenentatge, malgrat l&#8217;aturada de l&#8217;activitat presencial.<\/p>\n<p>&nbsp;<\/p>\n<table style=\"width: 608px;\">\n<tbody>\n<tr>\n<td style=\"width: 601.818px;\" colspan=\"4\"><a href=\"http:\/\/xtec.gencat.cat\/ca\/formacio\/formacio-extraordinaria-oberta\/\" target=\"_blank\" rel=\"noopener noreferrer\"><img loading=\"lazy\" decoding=\"async\" class=\"alignnone wp-image-12143 size-full\" src=\"https:\/\/serveiseducatius.xtec.cat\/vallesoccidental5\/wp-content\/uploads\/usu1111\/2020\/03\/Captura.jpg\" alt=\"\" width=\"715\" height=\"61\" srcset=\"https:\/\/serveiseducatius.xtec.cat\/vallesoccidental5\/wp-content\/uploads\/usu1111\/2020\/03\/Captura.jpg 715w, https:\/\/serveiseducatius.xtec.cat\/vallesoccidental5\/wp-content\/uploads\/usu1111\/2020\/03\/Captura-300x26.jpg 300w\" sizes=\"auto, (max-width: 715px) 100vw, 715px\" \/><\/a><\/td>\n<\/tr>\n<tr>\n<td style=\"width: 292.727px;\" colspan=\"2\"><a href=\"http:\/\/xtec.gencat.cat\/ca\/formacio\/formacio-extraordinaria-oberta\/\" target=\"_blank\" rel=\"noopener noreferrer\"><img loading=\"lazy\" decoding=\"async\" class=\"alignnone wp-image-12144 size-full\" src=\"https:\/\/serveiseducatius.xtec.cat\/vallesoccidental5\/wp-content\/uploads\/usu1111\/2020\/03\/Captura1.jpg\" alt=\"\" width=\"532\" height=\"51\" srcset=\"https:\/\/serveiseducatius.xtec.cat\/vallesoccidental5\/wp-content\/uploads\/usu1111\/2020\/03\/Captura1.jpg 532w, https:\/\/serveiseducatius.xtec.cat\/vallesoccidental5\/wp-content\/uploads\/usu1111\/2020\/03\/Captura1-300x29.jpg 300w\" sizes=\"auto, (max-width: 532px) 100vw, 532px\" \/><\/a><\/td>\n<td style=\"width: 307.273px;\" colspan=\"2\"><a href=\"http:\/\/xtec.gencat.cat\/ca\/formacio\/formacio-extraordinaria-oberta\/\" target=\"_blank\" rel=\"noopener noreferrer\"><img loading=\"lazy\" decoding=\"async\" class=\"alignnone wp-image-12145\" src=\"https:\/\/serveiseducatius.xtec.cat\/vallesoccidental5\/wp-content\/uploads\/usu1111\/2020\/03\/Captura2.jpg\" alt=\"\" width=\"263\" height=\"34\" srcset=\"https:\/\/serveiseducatius.xtec.cat\/vallesoccidental5\/wp-content\/uploads\/usu1111\/2020\/03\/Captura2.jpg 442w, https:\/\/serveiseducatius.xtec.cat\/vallesoccidental5\/wp-content\/uploads\/usu1111\/2020\/03\/Captura2-300x39.jpg 300w\" sizes=\"auto, (max-width: 263px) 100vw, 263px\" \/><\/a><\/td>\n<\/tr>\n<tr>\n<td style=\"width: 100px;\"><img loading=\"lazy\" decoding=\"async\" class=\"alignnone wp-image-12125 size-full\" src=\"https:\/\/serveiseducatius.xtec.cat\/vallesoccidental5\/wp-content\/uploads\/usu1111\/2020\/03\/STEAMCAT.jpg\" alt=\"\" width=\"156\" height=\"123\" \/><\/td>\n<td style=\"width: 190.909px;\">Recursos autoformatius. <a href=\"https:\/\/projectes.xtec.cat\/steamcat\/portada\/steamacasa-joemquedoacasa\/\" target=\"_blank\" rel=\"noopener noreferrer\">ENLLA\u00c7<\/a><\/td>\n<td style=\"width: 93.6364px;\"><img loading=\"lazy\" decoding=\"async\" class=\"alignnone wp-image-12153 size-full\" src=\"https:\/\/serveiseducatius.xtec.cat\/vallesoccidental5\/wp-content\/uploads\/usu1111\/2020\/03\/KUDI.jpg\" alt=\"\" width=\"487\" height=\"222\" srcset=\"https:\/\/serveiseducatius.xtec.cat\/vallesoccidental5\/wp-content\/uploads\/usu1111\/2020\/03\/KUDI.jpg 487w, https:\/\/serveiseducatius.xtec.cat\/vallesoccidental5\/wp-content\/uploads\/usu1111\/2020\/03\/KUDI-300x137.jpg 300w\" sizes=\"auto, (max-width: 487px) 100vw, 487px\" \/><\/td>\n<td style=\"width: 211.818px;\">Compet\u00e8ncia digital docent, Inicial. <a href=\"https:\/\/odissea.xtec.cat\/course\/view.php?id=63862\" target=\"_blank\" rel=\"noopener noreferrer\">ENLLA\u00c7<\/a>.<\/td>\n<\/tr>\n<tr>\n<td style=\"width: 100px;\"><img loading=\"lazy\" decoding=\"async\" class=\"alignnone wp-image-12124 size-full\" src=\"https:\/\/serveiseducatius.xtec.cat\/vallesoccidental5\/wp-content\/uploads\/usu1111\/2020\/03\/CESIRE.jpg\" alt=\"\" width=\"154\" height=\"156\" \/><\/td>\n<td style=\"width: 190.909px;\">Activitats autoformatives d&#8217;actualitzaci\u00f3 did\u00e0ctica. <a href=\"https:\/\/agora.xtec.cat\/cesire\/general\/posat-al-dia\/\" target=\"_blank\" rel=\"noopener noreferrer\">ENLLA\u00c7<\/a><\/td>\n<td style=\"width: 93.6364px;\"><img loading=\"lazy\" decoding=\"async\" class=\"alignnone wp-image-12153 size-full\" src=\"https:\/\/serveiseducatius.xtec.cat\/vallesoccidental5\/wp-content\/uploads\/usu1111\/2020\/03\/KUDI.jpg\" alt=\"\" width=\"487\" height=\"222\" srcset=\"https:\/\/serveiseducatius.xtec.cat\/vallesoccidental5\/wp-content\/uploads\/usu1111\/2020\/03\/KUDI.jpg 487w, https:\/\/serveiseducatius.xtec.cat\/vallesoccidental5\/wp-content\/uploads\/usu1111\/2020\/03\/KUDI-300x137.jpg 300w\" sizes=\"auto, (max-width: 487px) 100vw, 487px\" \/><\/td>\n<td style=\"width: 211.818px;\">Dispositius m\u00f2bils. <a href=\"https:\/\/odissea.xtec.cat\/course\/view.php?id=63865\" target=\"_blank\" rel=\"noopener noreferrer\">ENLLA\u00c7<\/a><\/td>\n<\/tr>\n<tr>\n<td style=\"width: 100px;\"><img loading=\"lazy\" decoding=\"async\" class=\"alignnone wp-image-12146 size-full\" src=\"https:\/\/serveiseducatius.xtec.cat\/vallesoccidental5\/wp-content\/uploads\/usu1111\/2020\/03\/3Captura.jpg\" alt=\"\" width=\"325\" height=\"187\" srcset=\"https:\/\/serveiseducatius.xtec.cat\/vallesoccidental5\/wp-content\/uploads\/usu1111\/2020\/03\/3Captura.jpg 325w, https:\/\/serveiseducatius.xtec.cat\/vallesoccidental5\/wp-content\/uploads\/usu1111\/2020\/03\/3Captura-300x173.jpg 300w\" sizes=\"auto, (max-width: 325px) 100vw, 325px\" \/><\/td>\n<td style=\"width: 190.909px;\">Entorn personal d&#8217;aprenentatge i Portafolis. <a href=\"https:\/\/odissea.xtec.cat\/login\/index.php\" target=\"_blank\" rel=\"noopener noreferrer\">ENLLA\u00c7<\/a><\/td>\n<td style=\"width: 93.6364px;\"><img loading=\"lazy\" decoding=\"async\" class=\"alignnone wp-image-12153 size-full\" src=\"https:\/\/serveiseducatius.xtec.cat\/vallesoccidental5\/wp-content\/uploads\/usu1111\/2020\/03\/KUDI.jpg\" alt=\"\" width=\"487\" height=\"222\" srcset=\"https:\/\/serveiseducatius.xtec.cat\/vallesoccidental5\/wp-content\/uploads\/usu1111\/2020\/03\/KUDI.jpg 487w, https:\/\/serveiseducatius.xtec.cat\/vallesoccidental5\/wp-content\/uploads\/usu1111\/2020\/03\/KUDI-300x137.jpg 300w\" sizes=\"auto, (max-width: 487px) 100vw, 487px\" \/><\/td>\n<td style=\"width: 211.818px;\">Educaci\u00f3 Infantil. <a href=\"https:\/\/odissea.xtec.cat\/course\/view.php?id=63866\" target=\"_blank\" rel=\"noopener noreferrer\">ENLLA\u00c7<\/a><\/td>\n<\/tr>\n<tr>\n<td style=\"width: 100px;\"><img loading=\"lazy\" decoding=\"async\" class=\"alignnone wp-image-12147 size-full\" src=\"https:\/\/serveiseducatius.xtec.cat\/vallesoccidental5\/wp-content\/uploads\/usu1111\/2020\/03\/4Captura.jpg\" alt=\"\" width=\"190\" height=\"127\" \/><\/td>\n<td style=\"width: 190.909px;\">Iniciaci\u00f3 al Moddle. <a href=\"https:\/\/odissea.xtec.cat\/course\/view.php?id=61788&amp;_ga=2.190267947.1080474402.1584362499-1657150175.1486282171\" target=\"_blank\" rel=\"noopener noreferrer\">ENLLA\u00c7<\/a><\/td>\n<td style=\"width: 93.6364px;\"><img loading=\"lazy\" decoding=\"async\" class=\"alignnone wp-image-12153 size-full\" src=\"https:\/\/serveiseducatius.xtec.cat\/vallesoccidental5\/wp-content\/uploads\/usu1111\/2020\/03\/KUDI.jpg\" alt=\"\" width=\"487\" height=\"222\" srcset=\"https:\/\/serveiseducatius.xtec.cat\/vallesoccidental5\/wp-content\/uploads\/usu1111\/2020\/03\/KUDI.jpg 487w, https:\/\/serveiseducatius.xtec.cat\/vallesoccidental5\/wp-content\/uploads\/usu1111\/2020\/03\/KUDI-300x137.jpg 300w\" sizes=\"auto, (max-width: 487px) 100vw, 487px\" \/><\/td>\n<td style=\"width: 211.818px;\">Entorn personal d&#8217;aprenentatge. <a href=\"https:\/\/odissea.xtec.cat\/course\/view.php?id=63864\" target=\"_blank\" rel=\"noopener noreferrer\">ENLLA\u00c7<\/a><\/td>\n<\/tr>\n<tr>\n<td style=\"width: 100px;\"><img loading=\"lazy\" decoding=\"async\" class=\"alignnone wp-image-12148 size-full\" src=\"https:\/\/serveiseducatius.xtec.cat\/vallesoccidental5\/wp-content\/uploads\/usu1111\/2020\/03\/5Captura.jpg\" alt=\"\" width=\"161\" height=\"43\" \/><\/td>\n<td style=\"width: 190.909px;\">aula d&#8217;autoaprenentatge: La meva XTEC, <a href=\"https:\/\/odissea.xtec.cat\/course\/view.php?id=9182&amp;_ga=2.235302529.1080474402.1584362499-1657150175.1486282171\" target=\"_blank\" rel=\"noopener noreferrer\">ENLLA\u00c7<\/a><\/td>\n<td style=\"width: 93.6364px;\"><img loading=\"lazy\" decoding=\"async\" class=\"alignnone wp-image-12153 size-full\" src=\"https:\/\/serveiseducatius.xtec.cat\/vallesoccidental5\/wp-content\/uploads\/usu1111\/2020\/03\/KUDI.jpg\" alt=\"\" width=\"487\" height=\"222\" srcset=\"https:\/\/serveiseducatius.xtec.cat\/vallesoccidental5\/wp-content\/uploads\/usu1111\/2020\/03\/KUDI.jpg 487w, https:\/\/serveiseducatius.xtec.cat\/vallesoccidental5\/wp-content\/uploads\/usu1111\/2020\/03\/KUDI-300x137.jpg 300w\" sizes=\"auto, (max-width: 487px) 100vw, 487px\" \/><\/td>\n<td style=\"width: 211.818px;\">R\u00e0dio. <a href=\"https:\/\/odissea.xtec.cat\/course\/view.php?id=63922&amp;_ga=2.20876984.1080474402.1584362499-1657150175.1486282171\" target=\"_blank\" rel=\"noopener noreferrer\">ENLLA\u00c7<\/a><\/p>\n<p><strong><a href=\"https:\/\/odissea.xtec.cat\/course\/view.php?id=63922&amp;_ga=2.20876984.1080474402.1584362499-1657150175.1486282171\" target=\"_blank\" rel=\"noopener noreferrer\">Kudi de R\u00e0dio<\/a><\/strong><\/td>\n<\/tr>\n<tr>\n<td style=\"width: 100px;\"><img loading=\"lazy\" decoding=\"async\" class=\"alignnone wp-image-12149 size-full\" src=\"https:\/\/serveiseducatius.xtec.cat\/vallesoccidental5\/wp-content\/uploads\/usu1111\/2020\/03\/6Captura.jpg\" alt=\"\" width=\"171\" height=\"277\" \/><\/td>\n<td style=\"width: 190.909px;\">La r\u00e0dio a l&#8217;escola. <a href=\"https:\/\/odissea.xtec.cat\/course\/view.php?id=61726&amp;_ga=2.20949560.1080474402.1584362499-1657150175.1486282171\" target=\"_blank\" rel=\"noopener noreferrer\">ENLLA\u00c7<\/a><\/td>\n<td style=\"width: 93.6364px;\"><img loading=\"lazy\" decoding=\"async\" class=\"alignnone wp-image-12153 size-full\" src=\"https:\/\/serveiseducatius.xtec.cat\/vallesoccidental5\/wp-content\/uploads\/usu1111\/2020\/03\/KUDI.jpg\" alt=\"\" width=\"487\" height=\"222\" srcset=\"https:\/\/serveiseducatius.xtec.cat\/vallesoccidental5\/wp-content\/uploads\/usu1111\/2020\/03\/KUDI.jpg 487w, https:\/\/serveiseducatius.xtec.cat\/vallesoccidental5\/wp-content\/uploads\/usu1111\/2020\/03\/KUDI-300x137.jpg 300w\" sizes=\"auto, (max-width: 487px) 100vw, 487px\" \/><\/td>\n<td style=\"width: 211.818px;\">Scratch. <a href=\"https:\/\/odissea.xtec.cat\/course\/view.php?id=63873&amp;_ga=2.20876984.1080474402.1584362499-1657150175.1486282171\" target=\"_blank\" rel=\"noopener noreferrer\">ENLLA\u00c7<\/a><\/td>\n<\/tr>\n<tr>\n<td style=\"width: 100px;\"><img loading=\"lazy\" decoding=\"async\" class=\"alignnone wp-image-12150 size-full\" src=\"https:\/\/serveiseducatius.xtec.cat\/vallesoccidental5\/wp-content\/uploads\/usu1111\/2020\/03\/7Captura.jpg\" alt=\"\" width=\"357\" height=\"166\" srcset=\"https:\/\/serveiseducatius.xtec.cat\/vallesoccidental5\/wp-content\/uploads\/usu1111\/2020\/03\/7Captura.jpg 357w, https:\/\/serveiseducatius.xtec.cat\/vallesoccidental5\/wp-content\/uploads\/usu1111\/2020\/03\/7Captura-300x139.jpg 300w\" sizes=\"auto, (max-width: 357px) 100vw, 357px\" \/><\/td>\n<td style=\"width: 190.909px;\">Seguretat a Internet; Protecci\u00f3 de dades, Propietat intel\u00b7lectual i Drets d&#8217;imatge. <a href=\"https:\/\/odissea.xtec.cat\/course\/view.php?id=58902&amp;_ga=2.219000345.1080474402.1584362499-1657150175.1486282171\" target=\"_blank\" rel=\"noopener noreferrer\">ENLLA\u00c7<\/a><\/td>\n<td style=\"width: 93.6364px;\"><img loading=\"lazy\" decoding=\"async\" class=\"alignnone wp-image-12153 size-full\" src=\"https:\/\/serveiseducatius.xtec.cat\/vallesoccidental5\/wp-content\/uploads\/usu1111\/2020\/03\/KUDI.jpg\" alt=\"\" width=\"487\" height=\"222\" srcset=\"https:\/\/serveiseducatius.xtec.cat\/vallesoccidental5\/wp-content\/uploads\/usu1111\/2020\/03\/KUDI.jpg 487w, https:\/\/serveiseducatius.xtec.cat\/vallesoccidental5\/wp-content\/uploads\/usu1111\/2020\/03\/KUDI-300x137.jpg 300w\" sizes=\"auto, (max-width: 487px) 100vw, 487px\" \/><\/td>\n<td style=\"width: 211.818px;\">Seguretat a Internet. <a href=\"https:\/\/odissea.xtec.cat\/course\/view.php?id=63867\" target=\"_blank\" rel=\"noopener noreferrer\">ENLLA\u00c7<\/a><\/td>\n<\/tr>\n<tr>\n<td style=\"width: 100px;\"><img loading=\"lazy\" decoding=\"async\" class=\"alignnone wp-image-12151 size-full\" src=\"https:\/\/serveiseducatius.xtec.cat\/vallesoccidental5\/wp-content\/uploads\/usu1111\/2020\/03\/8Captura.jpg\" alt=\"\" width=\"198\" height=\"137\" \/><\/td>\n<td style=\"width: 190.909px;\">Taller obert: Gamifica! <a href=\"https:\/\/odissea.xtec.cat\/course\/view.php?id=63884&amp;_ga=2.229919388.1080474402.1584362499-1657150175.1486282171\" target=\"_blank\" rel=\"noopener noreferrer\">ENLLA\u00c7<\/a><\/td>\n<td style=\"width: 93.6364px;\"><img loading=\"lazy\" decoding=\"async\" class=\"alignnone\" src=\"https:\/\/serveiseducatius.xtec.cat\/vallesoccidental5\/wp-content\/uploads\/usu1111\/2020\/03\/STEAMCAT.jpg\" alt=\"\" width=\"156\" height=\"123\" \/><\/td>\n<td style=\"width: 211.818px;\">Coneix les STEAM tools. <a href=\"https:\/\/aplicacions.gestioeducativa.gencat.cat\/pls\/soloas\/pk_for_mod_ins.p_for_pre_cons_activitats?p_any=2019-2020&amp;p_tipus_act=TOOL\" target=\"_blank\" rel=\"noopener noreferrer\">ENLLA\u00c7<\/a><\/td>\n<\/tr>\n<tr>\n<td style=\"width: 100px;\"><img loading=\"lazy\" decoding=\"async\" class=\"alignnone wp-image-12152 size-full\" src=\"https:\/\/serveiseducatius.xtec.cat\/vallesoccidental5\/wp-content\/uploads\/usu1111\/2020\/03\/9Captura.jpg\" alt=\"\" width=\"214\" height=\"195\" \/><\/td>\n<td style=\"width: 190.909px;\">taller obert: Fem un viatge virtual! <a href=\"https:\/\/odissea.xtec.cat\/course\/view.php?id=63883&amp;_ga=2.121021832.1080474402.1584362499-1657150175.1486282171\" target=\"_blank\" rel=\"noopener noreferrer\">ENLLA\u00c7<\/a><\/td>\n<td style=\"width: 93.6364px;\"><img loading=\"lazy\" decoding=\"async\" class=\"alignnone wp-image-12154 size-full\" src=\"https:\/\/serveiseducatius.xtec.cat\/vallesoccidental5\/wp-content\/uploads\/usu1111\/2020\/03\/10Captura.jpg\" alt=\"\" width=\"184\" height=\"28\" \/><\/td>\n<td style=\"width: 211.818px;\">Activitats formatives adre\u00e7ades a docents de centres de formaci\u00f3 d&#8217;adults. <a href=\"http:\/\/xtec.gencat.cat\/ca\/formacio\/formaciocollectiusespecifics\/educacio-llarg-vida\/\" target=\"_blank\" rel=\"noopener noreferrer\">ENLLA\u00c7<\/a><\/td>\n<\/tr>\n<\/tbody>\n<\/table>\n<p>&nbsp;<\/p>\n<p>&nbsp;<\/p>\n<table style=\"width: 590px; height: 285px;\">\n<tbody>\n<tr style=\"height: 82px;\">\n<td style=\"width: 584.545px; height: 82px;\"><a href=\"http:\/\/xtec.gencat.cat\/ca\/recursos\/actuacio-extraordinaria-activitats-autoaprenentatge\/index.html\" target=\"_blank\" rel=\"noopener noreferrer\"><img loading=\"lazy\" decoding=\"async\" class=\"alignnone wp-image-12157 size-large\" src=\"https:\/\/serveiseducatius.xtec.cat\/vallesoccidental5\/wp-content\/uploads\/usu1111\/2020\/03\/11Captura-1024x111.jpg\" alt=\"\" width=\"1024\" height=\"111\" srcset=\"https:\/\/serveiseducatius.xtec.cat\/vallesoccidental5\/wp-content\/uploads\/usu1111\/2020\/03\/11Captura-1024x111.jpg 1024w, https:\/\/serveiseducatius.xtec.cat\/vallesoccidental5\/wp-content\/uploads\/usu1111\/2020\/03\/11Captura-300x33.jpg 300w, https:\/\/serveiseducatius.xtec.cat\/vallesoccidental5\/wp-content\/uploads\/usu1111\/2020\/03\/11Captura-768x84.jpg 768w, https:\/\/serveiseducatius.xtec.cat\/vallesoccidental5\/wp-content\/uploads\/usu1111\/2020\/03\/11Captura.jpg 1140w\" sizes=\"auto, (max-width: 1024px) 100vw, 1024px\" \/><\/a><\/td>\n<\/tr>\n<tr>\n<td style=\"width: 584.545px;\"><a href=\"http:\/\/xtec.gencat.cat\/ca\/recursos\/actuacio-extraordinaria-activitats-autoaprenentatge\/recursos-dept-educacio\/\" target=\"_blank\" rel=\"noopener noreferrer\"><img loading=\"lazy\" decoding=\"async\" class=\"alignnone wp-image-12175\" src=\"https:\/\/serveiseducatius.xtec.cat\/vallesoccidental5\/wp-content\/uploads\/usu1111\/2020\/03\/17.jpg\" alt=\"\" width=\"157\" height=\"102\" \/><\/a> <a href=\"https:\/\/serveiseducatius.xtec.cat\/vallesoccidental5\/wp-content\/uploads\/usu1111\/2020\/03\/18.jpg\">\u00a0 <\/a><a href=\"http:\/\/xtec.gencat.cat\/ca\/recursos\/actuacio-extraordinaria-activitats-autoaprenentatge\/recursos-externs\/\" target=\"_blank\" rel=\"noopener noreferrer\"><img loading=\"lazy\" decoding=\"async\" class=\"alignnone wp-image-12176\" src=\"https:\/\/serveiseducatius.xtec.cat\/vallesoccidental5\/wp-content\/uploads\/usu1111\/2020\/03\/18.jpg\" alt=\"\" width=\"189\" height=\"101\" \/><\/a><a href=\"http:\/\/xtec.gencat.cat\/ca\/recursos\/actuacio-extraordinaria-activitats-autoaprenentatge\/recursos-creacio-continguts\/\" target=\"_blank\" rel=\"noopener noreferrer\"><img loading=\"lazy\" decoding=\"async\" class=\"alignnone wp-image-12177\" src=\"https:\/\/serveiseducatius.xtec.cat\/vallesoccidental5\/wp-content\/uploads\/usu1111\/2020\/03\/19.jpg\" alt=\"\" width=\"208\" height=\"100\" \/><\/a><\/td>\n<\/tr>\n<tr style=\"height: 203px;\">\n<td style=\"width: 584.545px; height: 203px;\"><a href=\"http:\/\/xtec.gencat.cat\/web\/.content\/recursos\/actuacio-extraordinaria-activitats-autoaprenentatge\/Orientacions-centres-tancament-coronavirus.pdf\" target=\"_blank\" rel=\"noopener noreferrer\"><img loading=\"lazy\" decoding=\"async\" class=\"aligncenter wp-image-12156 size-full\" src=\"https:\/\/serveiseducatius.xtec.cat\/vallesoccidental5\/wp-content\/uploads\/usu1111\/2020\/03\/Captura-1.jpg\" alt=\"\" width=\"411\" height=\"156\" srcset=\"https:\/\/serveiseducatius.xtec.cat\/vallesoccidental5\/wp-content\/uploads\/usu1111\/2020\/03\/Captura-1.jpg 411w, https:\/\/serveiseducatius.xtec.cat\/vallesoccidental5\/wp-content\/uploads\/usu1111\/2020\/03\/Captura-1-300x114.jpg 300w\" sizes=\"auto, (max-width: 411px) 100vw, 411px\" \/><\/a><\/td>\n<\/tr>\n<tr>\n<td style=\"width: 584.545px;\"><a href=\"https:\/\/serveiseducatius.xtec.cat\/vallesoccidental5\/wp-content\/uploads\/usu1111\/2020\/03\/12Captura.jpg\"><br \/>\n<\/a><a href=\"http:\/\/www.edu365.cat\/\" target=\"_blank\" rel=\"noopener noreferrer\"><img loading=\"lazy\" decoding=\"async\" class=\"aligncenter wp-image-12159 size-full\" src=\"https:\/\/serveiseducatius.xtec.cat\/vallesoccidental5\/wp-content\/uploads\/usu1111\/2020\/03\/12Captura.jpg\" alt=\"\" width=\"209\" height=\"70\" \/><\/a><\/td>\n<\/tr>\n<\/tbody>\n<\/table>\n<p style=\"text-align: center;\"><strong>ACTIVITATS D&#8217;AUTOAPRENENTATGE<\/strong><\/p>\n<p style=\"text-align: center;\"><strong><a href=\"http:\/\/www.edu365.cat\/\" target=\"_blank\" rel=\"noopener noreferrer\">ENLLA\u00c7<\/a><\/strong><\/p>\n<p><a href=\"https:\/\/toolbox.mobileworldcapital.com\/apps\/android\/metacategory:aplicacions-en-linia?utm_source=%2A+mSchools+mailing+list+%2A&amp;utm_campaign=f9ee7e00e0-EMAIL_CAMPAIGN_2018_06_27_01_59_COPY_02&amp;utm_medium=email&amp;utm_term=0_e6934f6547-f9ee7e00e0-197616845\" target=\"_blank\" rel=\"noopener noreferrer\"><img loading=\"lazy\" decoding=\"async\" class=\"aligncenter wp-image-12178 size-full\" src=\"https:\/\/serveiseducatius.xtec.cat\/vallesoccidental5\/wp-content\/uploads\/usu1111\/2020\/03\/20.jpg\" alt=\"\" width=\"358\" height=\"55\" srcset=\"https:\/\/serveiseducatius.xtec.cat\/vallesoccidental5\/wp-content\/uploads\/usu1111\/2020\/03\/20.jpg 358w, https:\/\/serveiseducatius.xtec.cat\/vallesoccidental5\/wp-content\/uploads\/usu1111\/2020\/03\/20-300x46.jpg 300w\" sizes=\"auto, (max-width: 358px) 100vw, 358px\" \/><\/a><\/p>\n<p style=\"text-align: center;\"><strong>SELECCI\u00d3 D&#8217;APLICACIONS PER CREAR CONTINGUTS EN L\u00cdNIA<\/strong><\/p>\n<p style=\"text-align: center;\"><strong><a href=\"https:\/\/toolbox.mobileworldcapital.com\/apps\/android\/metacategory:aplicacions-en-linia?utm_source=%2A+mSchools+mailing+list+%2A&amp;utm_campaign=f9ee7e00e0-EMAIL_CAMPAIGN_2018_06_27_01_59_COPY_02&amp;utm_medium=email&amp;utm_term=0_e6934f6547-f9ee7e00e0-197616845\" target=\"_blank\" rel=\"noopener noreferrer\">ENLLA\u00c7<\/a><\/strong><\/p>\n<p><a href=\"https:\/\/natibergada.cat\/blog\" target=\"_blank\" rel=\"noopener noreferrer\"><img loading=\"lazy\" decoding=\"async\" class=\"aligncenter wp-image-12197\" src=\"https:\/\/serveiseducatius.xtec.cat\/vallesoccidental5\/wp-content\/uploads\/usu1111\/2020\/03\/26.jpg\" alt=\"\" width=\"167\" height=\"130\" srcset=\"https:\/\/serveiseducatius.xtec.cat\/vallesoccidental5\/wp-content\/uploads\/usu1111\/2020\/03\/26.jpg 562w, https:\/\/serveiseducatius.xtec.cat\/vallesoccidental5\/wp-content\/uploads\/usu1111\/2020\/03\/26-300x233.jpg 300w\" sizes=\"auto, (max-width: 167px) 100vw, 167px\" \/><\/a><\/p>\n<p style=\"text-align: center;\"><strong>BLOC DE LA NATI BERGAD\u00c0 EN LA QUE ENS PRESENTA 80 RECURSOS EDUCATIUS PER APRENDRE DES DE CASA<\/strong>.<strong> <a href=\"https:\/\/natibergada.cat\/recursos-educatius-per-aprendre-des-de-casa\" target=\"_blank\" rel=\"noopener noreferrer\">ENLLA\u00c7<\/a><\/strong><\/p>\n<p><a href=\"https:\/\/www.educaciontrespuntocero.com\/\" target=\"_blank\" rel=\"noopener noreferrer\"><img loading=\"lazy\" decoding=\"async\" class=\"aligncenter wp-image-12205\" src=\"https:\/\/serveiseducatius.xtec.cat\/vallesoccidental5\/wp-content\/uploads\/usu1111\/2020\/03\/Captura-de-Pantalla-2020-03-20-a-les-11.58.52.png\" alt=\"\" width=\"404\" height=\"85\" srcset=\"https:\/\/serveiseducatius.xtec.cat\/vallesoccidental5\/wp-content\/uploads\/usu1111\/2020\/03\/Captura-de-Pantalla-2020-03-20-a-les-11.58.52.png 836w, https:\/\/serveiseducatius.xtec.cat\/vallesoccidental5\/wp-content\/uploads\/usu1111\/2020\/03\/Captura-de-Pantalla-2020-03-20-a-les-11.58.52-300x63.png 300w, https:\/\/serveiseducatius.xtec.cat\/vallesoccidental5\/wp-content\/uploads\/usu1111\/2020\/03\/Captura-de-Pantalla-2020-03-20-a-les-11.58.52-768x162.png 768w\" sizes=\"auto, (max-width: 404px) 100vw, 404px\" \/><\/a><\/p>\n<p style=\"text-align: center;\"><strong>EDUCACI\u00d3N 3.0<\/strong><\/p>\n<p style=\"text-align: center;\"><strong>BLOCS PER FAM\u00cdLIES &#8220;ESTUDIAR A CASA&#8221; <a href=\"https:\/\/www.educaciontrespuntocero.com\/\" target=\"_blank\" rel=\"noopener noreferrer\">ENLLA\u00c7<\/a><\/strong><\/p>\n<p><a href=\"http:\/\/www.autismosevilla.org\/blog\/wp-content\/uploads\/2020\/03\/Que-hacer-en-casa-tea.pdf\" target=\"_blank\" rel=\"noopener noreferrer\"><img loading=\"lazy\" decoding=\"async\" class=\"aligncenter wp-image-12227\" src=\"https:\/\/serveiseducatius.xtec.cat\/vallesoccidental5\/wp-content\/uploads\/usu1111\/2020\/03\/33.jpg\" alt=\"\" width=\"386\" height=\"140\" srcset=\"https:\/\/serveiseducatius.xtec.cat\/vallesoccidental5\/wp-content\/uploads\/usu1111\/2020\/03\/33.jpg 799w, https:\/\/serveiseducatius.xtec.cat\/vallesoccidental5\/wp-content\/uploads\/usu1111\/2020\/03\/33-300x109.jpg 300w, https:\/\/serveiseducatius.xtec.cat\/vallesoccidental5\/wp-content\/uploads\/usu1111\/2020\/03\/33-768x278.jpg 768w\" sizes=\"auto, (max-width: 386px) 100vw, 386px\" \/><\/a><strong>DOSSIER DE L&#8217;ENTITAT AUTISMO SEVILLA AMB PROPOSTES D&#8217;ACTIVITATS I ESTRATEGIES D&#8217;ACTUACI\u00d3 AMB ALUMNES AMB TEA EN AQUESTA SITUACI\u00d3 DE CONFINAMENT. <a href=\"http:\/\/www.autismosevilla.org\/blog\/wp-content\/uploads\/2020\/03\/Que-hacer-en-casa-tea.pdf\" target=\"_blank\" rel=\"noopener noreferrer\">ENLLA\u00c7<\/a><\/strong><\/p>\n<p>Aquest post s&#8217;anir\u00e0 actualitzant dia a dia a mesura que vagin sortint aquestes activitats.<\/p>\n<p>Esperem que aquests recursos us ajudin a seguir connectats en aquests dies complexos.<\/p>\n","protected":false},"excerpt":{"rendered":"<p>Durant aquests dies de confinament a casa i amb l&#8217;ajuda del Departament d&#8217;Educaci\u00f3, us anirem presentant diferents propostes de RECURSOS I FORMACI\u00d3 EXTRAORDIN\u00c0RIA adre\u00e7ades al professorat i als centres. Aquesta nova proposta formativa, que s&#8217;ha creat\u00a0en el marc d&#8217;aquest context extraordinari, la teniu al web de la XTEC,\u00a0on tamb\u00e9\u00a0hi ha\u00a0un recull actualitzat de\u00a0recursos i activitats [&hellip;]<\/p>\n","protected":false},"author":1,"featured_media":12256,"comment_status":"closed","ping_status":"closed","sticky":false,"template":"","format":"standard","meta":{"_bbp_topic_count":0,"_bbp_reply_count":0,"_bbp_total_topic_count":0,"_bbp_total_reply_count":0,"_bbp_voice_count":0,"_bbp_anonymous_reply_count":0,"_bbp_topic_count_hidden":0,"_bbp_reply_count_hidden":0,"_bbp_forum_subforum_count":0,"site-sidebar-layout":"default","site-content-layout":"","ast-site-content-layout":"","site-content-style":"default","site-sidebar-style":"default","ast-global-header-display":"","ast-banner-title-visibility":"","ast-main-header-display":"","ast-hfb-above-header-display":"","ast-hfb-below-header-display":"","ast-hfb-mobile-header-display":"","site-post-title":"","ast-breadcrumbs-content":"","ast-featured-img":"","footer-sml-layout":"","theme-transparent-header-meta":"","adv-header-id-meta":"","stick-header-meta":"","header-above-stick-meta":"","header-main-stick-meta":"","header-below-stick-meta":"","astra-migrate-meta-layouts":"default","ast-page-background-enabled":"default","ast-page-background-meta":{"desktop":{"background-color":"var(--ast-global-color-4)","background-image":"","background-repeat":"repeat","background-position":"center center","background-size":"auto","background-attachment":"scroll","background-type":"","background-media":"","overlay-type":"","overlay-color":"","overlay-opacity":"","overlay-gradient":""},"tablet":{"background-color":"","background-image":"","background-repeat":"repeat","background-position":"center center","background-size":"auto","background-attachment":"scroll","background-type":"","background-media":"","overlay-type":"","overlay-color":"","overlay-opacity":"","overlay-gradient":""},"mobile":{"background-color":"","background-image":"","background-repeat":"repeat","background-position":"center center","background-size":"auto","background-attachment":"scroll","background-type":"","background-media":"","overlay-type":"","overlay-color":"","overlay-opacity":"","overlay-gradient":""}},"ast-content-background-meta":{"desktop":{"background-color":"var(--ast-global-color-5)","background-image":"","background-repeat":"repeat","background-position":"center center","background-size":"auto","background-attachment":"scroll","background-type":"","background-media":"","overlay-type":"","overlay-color":"","overlay-opacity":"","overlay-gradient":""},"tablet":{"background-color":"var(--ast-global-color-5)","background-image":"","background-repeat":"repeat","background-position":"center center","background-size":"auto","background-attachment":"scroll","background-type":"","background-media":"","overlay-type":"","overlay-color":"","overlay-opacity":"","overlay-gradient":""},"mobile":{"background-color":"var(--ast-global-color-5)","background-image":"","background-repeat":"repeat","background-position":"center center","background-size":"auto","background-attachment":"scroll","background-type":"","background-media":"","overlay-type":"","overlay-color":"","overlay-opacity":"","overlay-gradient":""}},"footnotes":""},"categories":[29],"tags":[830,819,820,818,829],"class_list":["post-12122","post","type-post","status-publish","format-standard","has-post-thumbnail","hentry","category-portada","tag-joemquedoacasa","tag-actualitzacio-didactica","tag-formacio-ambits","tag-formacio-covid19","tag-jo-em-quedo-a-casa"],"post_mailing_queue_ids":[],"_links":{"self":[{"href":"https:\/\/serveiseducatius.xtec.cat\/vallesoccidental5\/wp-json\/wp\/v2\/posts\/12122","targetHints":{"allow":["GET"]}}],"collection":[{"href":"https:\/\/serveiseducatius.xtec.cat\/vallesoccidental5\/wp-json\/wp\/v2\/posts"}],"about":[{"href":"https:\/\/serveiseducatius.xtec.cat\/vallesoccidental5\/wp-json\/wp\/v2\/types\/post"}],"author":[{"embeddable":true,"href":"https:\/\/serveiseducatius.xtec.cat\/vallesoccidental5\/wp-json\/wp\/v2\/users\/1"}],"replies":[{"embeddable":true,"href":"https:\/\/serveiseducatius.xtec.cat\/vallesoccidental5\/wp-json\/wp\/v2\/comments?post=12122"}],"version-history":[{"count":4,"href":"https:\/\/serveiseducatius.xtec.cat\/vallesoccidental5\/wp-json\/wp\/v2\/posts\/12122\/revisions"}],"predecessor-version":[{"id":12261,"href":"https:\/\/serveiseducatius.xtec.cat\/vallesoccidental5\/wp-json\/wp\/v2\/posts\/12122\/revisions\/12261"}],"wp:featuredmedia":[{"embeddable":true,"href":"https:\/\/serveiseducatius.xtec.cat\/vallesoccidental5\/wp-json\/wp\/v2\/media\/12256"}],"wp:attachment":[{"href":"https:\/\/serveiseducatius.xtec.cat\/vallesoccidental5\/wp-json\/wp\/v2\/media?parent=12122"}],"wp:term":[{"taxonomy":"category","embeddable":true,"href":"https:\/\/serveiseducatius.xtec.cat\/vallesoccidental5\/wp-json\/wp\/v2\/categories?post=12122"},{"taxonomy":"post_tag","embeddable":true,"href":"https:\/\/serveiseducatius.xtec.cat\/vallesoccidental5\/wp-json\/wp\/v2\/tags?post=12122"}],"curies":[{"name":"wp","href":"https:\/\/api.w.org\/{rel}","templated":true}]}}