{"id":12090,"date":"2020-03-14T11:56:27","date_gmt":"2020-03-14T10:56:27","guid":{"rendered":"http:\/\/serveiseducatius.xtec.cat\/vallesoccidental5\/?p=12090"},"modified":"2020-03-26T18:20:08","modified_gmt":"2020-03-26T17:20:08","slug":"covid19-alguns-documents-interessants","status":"publish","type":"post","link":"https:\/\/serveiseducatius.xtec.cat\/vallesoccidental5\/portada\/covid19-alguns-documents-interessants\/","title":{"rendered":"COVID19. ALGUNS DOCUMENTS INTERESSANTS"},"content":{"rendered":"<p><a href=\"https:\/\/serveiseducatius.xtec.cat\/vallesoccidental5\/wp-content\/uploads\/usu1111\/2020\/03\/Captura-de-Pantalla-2020-03-26-a-les-18.18.52.png\"><img loading=\"lazy\" decoding=\"async\" class=\"alignnone size-large wp-image-12258\" src=\"https:\/\/serveiseducatius.xtec.cat\/vallesoccidental5\/wp-content\/uploads\/usu1111\/2020\/03\/Captura-de-Pantalla-2020-03-26-a-les-18.18.52-1024x214.png\" alt=\"\" width=\"1024\" height=\"214\" srcset=\"https:\/\/serveiseducatius.xtec.cat\/vallesoccidental5\/wp-content\/uploads\/usu1111\/2020\/03\/Captura-de-Pantalla-2020-03-26-a-les-18.18.52-1024x214.png 1024w, https:\/\/serveiseducatius.xtec.cat\/vallesoccidental5\/wp-content\/uploads\/usu1111\/2020\/03\/Captura-de-Pantalla-2020-03-26-a-les-18.18.52-300x63.png 300w, https:\/\/serveiseducatius.xtec.cat\/vallesoccidental5\/wp-content\/uploads\/usu1111\/2020\/03\/Captura-de-Pantalla-2020-03-26-a-les-18.18.52-768x161.png 768w, https:\/\/serveiseducatius.xtec.cat\/vallesoccidental5\/wp-content\/uploads\/usu1111\/2020\/03\/Captura-de-Pantalla-2020-03-26-a-les-18.18.52.png 1196w\" sizes=\"auto, (max-width: 1024px) 100vw, 1024px\" \/><\/a><\/p>\n<p style=\"text-align: justify;\">L&#8217;objectiu d&#8217;aquesta entrada \u00e9s proporcionar al sector docent alguns documents interessants al voltant de tota la situaci\u00f3 que estem vivint actualment.<\/p>\n<p style=\"text-align: justify;\">Aquests documents poden ser tant recomanacions o documents oficials com documents diversos per gestionar el temps de confinament a casa.<\/p>\n<p style=\"text-align: justify;\">Esperem que us siguin d&#8217;ajuda<\/p>\n<table class=\" aligncenter\" style=\"height: 287px; width: 605px;\">\n<tbody>\n<tr style=\"height: 15px;\">\n<td style=\"height: 15px; width: 290.909px; text-align: center; vertical-align: middle;\"><span style=\"color: #ff00ff;\"><strong>RECOMANACIONS DE GESTI\u00d3 PSICOL\u00d2GICA DURANT QUARENTENES PER MALALTIES INFECCIOSES<\/strong><\/span><\/td>\n<td style=\"height: 15px; width: 306.364px; text-align: center; vertical-align: middle;\"><strong><span style=\"color: #ff00ff;\">PREGUNTES SOBRE LES RESTRICCIONS D\u2019ACTIVITATS PEL COVID19 A CATALUNYA<\/span><\/strong><\/td>\n<\/tr>\n<tr style=\"height: 31px;\">\n<td style=\"height: 31px; width: 290.909px;\"><a href=\"https:\/\/serveiseducatius.xtec.cat\/vallesoccidental5\/wp-content\/uploads\/usu1111\/2020\/03\/Guia_de_gestio\u0301_psicolo\u0300gica_davant_quarantenes_per_malalties_infeccioses.pdf\" target=\"_blank\" rel=\"noopener noreferrer\"><img loading=\"lazy\" decoding=\"async\" class=\"aligncenter wp-image-12091\" src=\"https:\/\/serveiseducatius.xtec.cat\/vallesoccidental5\/wp-content\/uploads\/usu1111\/2020\/03\/recomanacions-gesti\u00f3-psicol\u00f2gica-malalties-infecciones.jpg\" alt=\"\" width=\"148\" height=\"207\" srcset=\"https:\/\/serveiseducatius.xtec.cat\/vallesoccidental5\/wp-content\/uploads\/usu1111\/2020\/03\/recomanacions-gesti\u00f3-psicol\u00f2gica-malalties-infecciones.jpg 415w, https:\/\/serveiseducatius.xtec.cat\/vallesoccidental5\/wp-content\/uploads\/usu1111\/2020\/03\/recomanacions-gesti\u00f3-psicol\u00f2gica-malalties-infecciones-214x300.jpg 214w\" sizes=\"auto, (max-width: 148px) 100vw, 148px\" \/><\/a><\/td>\n<td style=\"height: 31px; width: 306.364px;\"><a href=\"https:\/\/serveiseducatius.xtec.cat\/vallesoccidental5\/wp-content\/uploads\/usu1111\/2020\/03\/Qu\u0308estionari-restriccions-COVID19.pdf\" target=\"_blank\" rel=\"noopener noreferrer\"><img loading=\"lazy\" decoding=\"async\" class=\"aligncenter wp-image-12093\" src=\"https:\/\/serveiseducatius.xtec.cat\/vallesoccidental5\/wp-content\/uploads\/usu1111\/2020\/03\/Q\u00fcestionari-1.jpg\" alt=\"\" width=\"100\" height=\"151\" srcset=\"https:\/\/serveiseducatius.xtec.cat\/vallesoccidental5\/wp-content\/uploads\/usu1111\/2020\/03\/Q\u00fcestionari-1.jpg 370w, https:\/\/serveiseducatius.xtec.cat\/vallesoccidental5\/wp-content\/uploads\/usu1111\/2020\/03\/Q\u00fcestionari-1-199x300.jpg 199w\" sizes=\"auto, (max-width: 100px) 100vw, 100px\" \/><\/a><a href=\"https:\/\/serveiseducatius.xtec.cat\/vallesoccidental5\/wp-content\/uploads\/usu1111\/2020\/03\/Qu\u0308estionari-restriccions-COVID19.pdf\" target=\"_blank\" rel=\"noopener noreferrer\"><img loading=\"lazy\" decoding=\"async\" class=\"aligncenter wp-image-12095\" src=\"https:\/\/serveiseducatius.xtec.cat\/vallesoccidental5\/wp-content\/uploads\/usu1111\/2020\/03\/Q\u00fcstionari-2.jpg\" alt=\"\" width=\"94\" height=\"85\" srcset=\"https:\/\/serveiseducatius.xtec.cat\/vallesoccidental5\/wp-content\/uploads\/usu1111\/2020\/03\/Q\u00fcstionari-2.jpg 374w, https:\/\/serveiseducatius.xtec.cat\/vallesoccidental5\/wp-content\/uploads\/usu1111\/2020\/03\/Q\u00fcstionari-2-300x270.jpg 300w\" sizes=\"auto, (max-width: 94px) 100vw, 94px\" \/><\/a><a href=\"https:\/\/serveiseducatius.xtec.cat\/vallesoccidental5\/wp-content\/uploads\/usu1111\/2020\/03\/Q\u00fcestionari-1.jpg\">\u00a0<\/a><\/td>\n<\/tr>\n<tr style=\"height: 186px;\">\n<td style=\"width: 290.909px; height: 186px;\"><span style=\"color: #ff00ff;\"><strong>COMUNICAT OFICIAL TANCAMENT CENTRES EDUCATIUS. 12 DE MAR\u00c7 2020.<\/strong><\/span><\/td>\n<td style=\"width: 306.364px; height: 186px;\"><span style=\"color: #ff00ff;\"><strong>INSTRUCCI\u00d3 1\/2020 , DE 12 DE MAR\u00c7, SOBRE MESURES PREVENTIVES, DE PROTECCI\u00d3 I ORGANITZATIVES D&#8217;APLICACI\u00d3 ALS CENTRES I SERVEIS DEL SERVEI D&#8217;EDUCACI\u00d3 DE CATALUNYA AMB MOTIU DEL CORONAVIRUS SARS-CoV-2<\/strong><\/span><\/td>\n<\/tr>\n<tr style=\"height: 55px;\">\n<td style=\"width: 290.909px; height: 55px;\"><a href=\"https:\/\/serveiseducatius.xtec.cat\/vallesoccidental5\/wp-content\/uploads\/usu1111\/2020\/03\/Carta-tancament-escoles.pdf\" target=\"_blank\" rel=\"noopener noreferrer\"><img loading=\"lazy\" decoding=\"async\" class=\"aligncenter wp-image-12108\" src=\"https:\/\/serveiseducatius.xtec.cat\/vallesoccidental5\/wp-content\/uploads\/usu1111\/2020\/03\/Imatge-tancament-escoles.jpg\" alt=\"\" width=\"136\" height=\"120\" srcset=\"https:\/\/serveiseducatius.xtec.cat\/vallesoccidental5\/wp-content\/uploads\/usu1111\/2020\/03\/Imatge-tancament-escoles.jpg 666w, https:\/\/serveiseducatius.xtec.cat\/vallesoccidental5\/wp-content\/uploads\/usu1111\/2020\/03\/Imatge-tancament-escoles-300x265.jpg 300w\" sizes=\"auto, (max-width: 136px) 100vw, 136px\" \/><\/a><\/td>\n<td style=\"width: 306.364px; height: 55px;\"><a href=\"https:\/\/serveiseducatius.xtec.cat\/vallesoccidental5\/wp-content\/uploads\/usu1111\/2020\/03\/lnstrucci\u00f3-1-2020-COVID-19_SIGNAT.pdf\" target=\"_blank\" rel=\"noopener noreferrer\"><img loading=\"lazy\" decoding=\"async\" class=\"aligncenter wp-image-12104\" src=\"https:\/\/serveiseducatius.xtec.cat\/vallesoccidental5\/wp-content\/uploads\/usu1111\/2020\/03\/Inst-2-2020.jpg\" alt=\"\" width=\"135\" height=\"120\" srcset=\"https:\/\/serveiseducatius.xtec.cat\/vallesoccidental5\/wp-content\/uploads\/usu1111\/2020\/03\/Inst-2-2020.jpg 755w, https:\/\/serveiseducatius.xtec.cat\/vallesoccidental5\/wp-content\/uploads\/usu1111\/2020\/03\/Inst-2-2020-300x265.jpg 300w\" sizes=\"auto, (max-width: 135px) 100vw, 135px\" \/><\/a><\/td>\n<\/tr>\n<tr>\n<td style=\"width: 290.909px;\"><span style=\"color: #ff00ff;\"><strong>INSTRUCCI\u00d3 2\/2020 , DE 12 DE MAR\u00c7, SOBRE MESURES PREVENTIVES, DE PROTECCI\u00d3 I ORGANITZATIVES D&#8217;APLICACI\u00d3 ALS CENTRES I SERVEIS DEL SERVEI D&#8217;EDUCACI\u00d3 DE CATALUNYA AMB MOTIU DEL CORONAVIRUS SARS-CoV-2<\/strong><\/span><\/td>\n<td style=\"width: 306.364px;\"><span style=\"color: #ff00ff;\"><strong>INSTRUCCI\u00d3 3\/2020 , DE 13 DE MAR\u00c7, SOBRE MESURES PREVENTIVES, DE PROTECCI\u00d3 I ORGANITZATIVES D&#8217;APLICACI\u00d3 ALS CENTRES I SERVEIS DEL SERVEI D&#8217;EDUCACI\u00d3 DE CATALUNYA AMB MOTIU DEL CORONAVIRUS SARS-CoV-2<\/strong><\/span><\/td>\n<\/tr>\n<tr>\n<td style=\"width: 290.909px;\"><a href=\"https:\/\/serveiseducatius.xtec.cat\/vallesoccidental5\/wp-content\/uploads\/usu1111\/2020\/03\/Instruccio-2_2020-mesures-SARS-Covid_2.pdf.pdf\" target=\"_blank\" rel=\"noopener noreferrer\"><img loading=\"lazy\" decoding=\"async\" class=\"aligncenter wp-image-12104\" src=\"https:\/\/serveiseducatius.xtec.cat\/vallesoccidental5\/wp-content\/uploads\/usu1111\/2020\/03\/Inst-2-2020.jpg\" alt=\"\" width=\"125\" height=\"111\" srcset=\"https:\/\/serveiseducatius.xtec.cat\/vallesoccidental5\/wp-content\/uploads\/usu1111\/2020\/03\/Inst-2-2020.jpg 755w, https:\/\/serveiseducatius.xtec.cat\/vallesoccidental5\/wp-content\/uploads\/usu1111\/2020\/03\/Inst-2-2020-300x265.jpg 300w\" sizes=\"auto, (max-width: 125px) 100vw, 125px\" \/><\/a><\/td>\n<td style=\"width: 306.364px;\"><a href=\"https:\/\/serveiseducatius.xtec.cat\/vallesoccidental5\/wp-content\/uploads\/usu1111\/2020\/03\/Instruccio-3_2020-mesures-SARS-Covid_2.pdf\" target=\"_blank\" rel=\"noopener noreferrer\"><img loading=\"lazy\" decoding=\"async\" class=\"aligncenter wp-image-12112\" src=\"https:\/\/serveiseducatius.xtec.cat\/vallesoccidental5\/wp-content\/uploads\/usu1111\/2020\/03\/3_2020.jpg\" alt=\"\" width=\"138\" height=\"108\" srcset=\"https:\/\/serveiseducatius.xtec.cat\/vallesoccidental5\/wp-content\/uploads\/usu1111\/2020\/03\/3_2020.jpg 740w, https:\/\/serveiseducatius.xtec.cat\/vallesoccidental5\/wp-content\/uploads\/usu1111\/2020\/03\/3_2020-300x236.jpg 300w\" sizes=\"auto, (max-width: 138px) 100vw, 138px\" \/><\/a><\/td>\n<\/tr>\n<tr>\n<td style=\"width: 290.909px;\"><span style=\"color: #ff00ff;\"><strong>REIAL DECRET 463\/2020, de 14 de MAR\u00c7, PEL QUE ES DECLARA L&#8217;ESTAT D&#8217;ALARMA PER A LA GESTI\u00d3 DE LA SITUACI\u00d3 DE CRISIS SANIT\u00c0RIA OCASIONADA PEL COVID-19<\/strong><\/span><\/td>\n<td style=\"width: 306.364px;\"><span style=\"color: #ff00ff;\"><strong>PLA CONTING\u00c8NCIA DEPARTAMENT D&#8217;EDUCACI\u00d3. 15 MAR\u00c7 2020<\/strong><\/span><\/td>\n<\/tr>\n<tr>\n<td style=\"width: 290.909px;\"><a href=\"https:\/\/serveiseducatius.xtec.cat\/vallesoccidental5\/wp-content\/uploads\/usu1111\/2020\/03\/BOE-estat-alarma.pdf\" target=\"_blank\" rel=\"noopener noreferrer\"><img loading=\"lazy\" decoding=\"async\" class=\"aligncenter wp-image-12115\" src=\"https:\/\/serveiseducatius.xtec.cat\/vallesoccidental5\/wp-content\/uploads\/usu1111\/2020\/03\/estat-alrma.jpg\" alt=\"\" width=\"159\" height=\"108\" srcset=\"https:\/\/serveiseducatius.xtec.cat\/vallesoccidental5\/wp-content\/uploads\/usu1111\/2020\/03\/estat-alrma.jpg 854w, https:\/\/serveiseducatius.xtec.cat\/vallesoccidental5\/wp-content\/uploads\/usu1111\/2020\/03\/estat-alrma-300x204.jpg 300w, https:\/\/serveiseducatius.xtec.cat\/vallesoccidental5\/wp-content\/uploads\/usu1111\/2020\/03\/estat-alrma-768x522.jpg 768w\" sizes=\"auto, (max-width: 159px) 100vw, 159px\" \/><\/a><\/td>\n<td style=\"width: 306.364px;\"><a href=\"https:\/\/serveiseducatius.xtec.cat\/vallesoccidental5\/wp-content\/uploads\/usu1111\/2020\/03\/pla-contingencia-edu.pdf\" target=\"_blank\" rel=\"noopener noreferrer\"><img loading=\"lazy\" decoding=\"async\" class=\"aligncenter wp-image-12118\" src=\"https:\/\/serveiseducatius.xtec.cat\/vallesoccidental5\/wp-content\/uploads\/usu1111\/2020\/03\/Pla-conting\u00e8ncia.jpg\" alt=\"\" width=\"140\" height=\"119\" srcset=\"https:\/\/serveiseducatius.xtec.cat\/vallesoccidental5\/wp-content\/uploads\/usu1111\/2020\/03\/Pla-conting\u00e8ncia.jpg 675w, https:\/\/serveiseducatius.xtec.cat\/vallesoccidental5\/wp-content\/uploads\/usu1111\/2020\/03\/Pla-conting\u00e8ncia-300x256.jpg 300w\" sizes=\"auto, (max-width: 140px) 100vw, 140px\" \/><\/a><\/td>\n<\/tr>\n<tr>\n<td style=\"width: 290.909px;\"><strong><span style=\"color: #ff00ff;\">AJORNAMENT SELECTIVITAT. 17 MAR\u00c7 2020<\/span><\/strong><\/td>\n<td style=\"width: 306.364px;\"><\/td>\n<\/tr>\n<tr>\n<td style=\"width: 290.909px;\"><a href=\"https:\/\/serveiseducatius.xtec.cat\/vallesoccidental5\/wp-content\/uploads\/usu1111\/2020\/03\/UNIVERSITAT-AJORNAMENT-SELECTIVITAT.pdf\" target=\"_blank\" rel=\"noopener noreferrer\"><img loading=\"lazy\" decoding=\"async\" class=\"aligncenter wp-image-12180\" src=\"https:\/\/serveiseducatius.xtec.cat\/vallesoccidental5\/wp-content\/uploads\/usu1111\/2020\/03\/21.jpg\" alt=\"\" width=\"160\" height=\"124\" srcset=\"https:\/\/serveiseducatius.xtec.cat\/vallesoccidental5\/wp-content\/uploads\/usu1111\/2020\/03\/21.jpg 801w, https:\/\/serveiseducatius.xtec.cat\/vallesoccidental5\/wp-content\/uploads\/usu1111\/2020\/03\/21-300x232.jpg 300w, https:\/\/serveiseducatius.xtec.cat\/vallesoccidental5\/wp-content\/uploads\/usu1111\/2020\/03\/21-768x593.jpg 768w\" sizes=\"auto, (max-width: 160px) 100vw, 160px\" \/><\/a><\/td>\n<td style=\"width: 306.364px;\"><\/td>\n<\/tr>\n<\/tbody>\n<\/table>\n<p>&nbsp;<\/p>\n<p>&nbsp;<\/p>\n<p>&nbsp;<\/p>\n<p>&nbsp;<\/p>\n<p>&nbsp;<\/p>\n<p>&nbsp;<\/p>\n<p>&nbsp;<\/p>\n<p>&nbsp;<\/p>\n","protected":false},"excerpt":{"rendered":"<p>L&#8217;objectiu d&#8217;aquesta entrada \u00e9s proporcionar al sector docent alguns documents interessants al voltant de tota la situaci\u00f3 que estem vivint actualment. Aquests documents poden ser tant recomanacions o documents oficials com documents diversos per gestionar el temps de confinament a casa. Esperem que us siguin d&#8217;ajuda RECOMANACIONS DE GESTI\u00d3 PSICOL\u00d2GICA DURANT QUARENTENES PER MALALTIES INFECCIOSES [&hellip;]<\/p>\n","protected":false},"author":1,"featured_media":12258,"comment_status":"closed","ping_status":"closed","sticky":false,"template":"","format":"standard","meta":{"_bbp_topic_count":0,"_bbp_reply_count":0,"_bbp_total_topic_count":0,"_bbp_total_reply_count":0,"_bbp_voice_count":0,"_bbp_anonymous_reply_count":0,"_bbp_topic_count_hidden":0,"_bbp_reply_count_hidden":0,"_bbp_forum_subforum_count":0,"site-sidebar-layout":"default","site-content-layout":"","ast-site-content-layout":"","site-content-style":"default","site-sidebar-style":"default","ast-global-header-display":"","ast-banner-title-visibility":"","ast-main-header-display":"","ast-hfb-above-header-display":"","ast-hfb-below-header-display":"","ast-hfb-mobile-header-display":"","site-post-title":"","ast-breadcrumbs-content":"","ast-featured-img":"","footer-sml-layout":"","theme-transparent-header-meta":"","adv-header-id-meta":"","stick-header-meta":"","header-above-stick-meta":"","header-main-stick-meta":"","header-below-stick-meta":"","astra-migrate-meta-layouts":"default","ast-page-background-enabled":"default","ast-page-background-meta":{"desktop":{"background-color":"var(--ast-global-color-4)","background-image":"","background-repeat":"repeat","background-position":"center center","background-size":"auto","background-attachment":"scroll","background-type":"","background-media":"","overlay-type":"","overlay-color":"","overlay-opacity":"","overlay-gradient":""},"tablet":{"background-color":"","background-image":"","background-repeat":"repeat","background-position":"center center","background-size":"auto","background-attachment":"scroll","background-type":"","background-media":"","overlay-type":"","overlay-color":"","overlay-opacity":"","overlay-gradient":""},"mobile":{"background-color":"","background-image":"","background-repeat":"repeat","background-position":"center center","background-size":"auto","background-attachment":"scroll","background-type":"","background-media":"","overlay-type":"","overlay-color":"","overlay-opacity":"","overlay-gradient":""}},"ast-content-background-meta":{"desktop":{"background-color":"var(--ast-global-color-5)","background-image":"","background-repeat":"repeat","background-position":"center center","background-size":"auto","background-attachment":"scroll","background-type":"","background-media":"","overlay-type":"","overlay-color":"","overlay-opacity":"","overlay-gradient":""},"tablet":{"background-color":"var(--ast-global-color-5)","background-image":"","background-repeat":"repeat","background-position":"center center","background-size":"auto","background-attachment":"scroll","background-type":"","background-media":"","overlay-type":"","overlay-color":"","overlay-opacity":"","overlay-gradient":""},"mobile":{"background-color":"var(--ast-global-color-5)","background-image":"","background-repeat":"repeat","background-position":"center center","background-size":"auto","background-attachment":"scroll","background-type":"","background-media":"","overlay-type":"","overlay-color":"","overlay-opacity":"","overlay-gradient":""}},"footnotes":""},"categories":[29],"tags":[815,817,816],"class_list":["post-12090","post","type-post","status-publish","format-standard","has-post-thumbnail","hentry","category-portada","tag-covid19","tag-estar-informat-covid19","tag-quedar-se-a-casa"],"post_mailing_queue_ids":[],"_links":{"self":[{"href":"https:\/\/serveiseducatius.xtec.cat\/vallesoccidental5\/wp-json\/wp\/v2\/posts\/12090","targetHints":{"allow":["GET"]}}],"collection":[{"href":"https:\/\/serveiseducatius.xtec.cat\/vallesoccidental5\/wp-json\/wp\/v2\/posts"}],"about":[{"href":"https:\/\/serveiseducatius.xtec.cat\/vallesoccidental5\/wp-json\/wp\/v2\/types\/post"}],"author":[{"embeddable":true,"href":"https:\/\/serveiseducatius.xtec.cat\/vallesoccidental5\/wp-json\/wp\/v2\/users\/1"}],"replies":[{"embeddable":true,"href":"https:\/\/serveiseducatius.xtec.cat\/vallesoccidental5\/wp-json\/wp\/v2\/comments?post=12090"}],"version-history":[{"count":4,"href":"https:\/\/serveiseducatius.xtec.cat\/vallesoccidental5\/wp-json\/wp\/v2\/posts\/12090\/revisions"}],"predecessor-version":[{"id":12260,"href":"https:\/\/serveiseducatius.xtec.cat\/vallesoccidental5\/wp-json\/wp\/v2\/posts\/12090\/revisions\/12260"}],"wp:featuredmedia":[{"embeddable":true,"href":"https:\/\/serveiseducatius.xtec.cat\/vallesoccidental5\/wp-json\/wp\/v2\/media\/12258"}],"wp:attachment":[{"href":"https:\/\/serveiseducatius.xtec.cat\/vallesoccidental5\/wp-json\/wp\/v2\/media?parent=12090"}],"wp:term":[{"taxonomy":"category","embeddable":true,"href":"https:\/\/serveiseducatius.xtec.cat\/vallesoccidental5\/wp-json\/wp\/v2\/categories?post=12090"},{"taxonomy":"post_tag","embeddable":true,"href":"https:\/\/serveiseducatius.xtec.cat\/vallesoccidental5\/wp-json\/wp\/v2\/tags?post=12090"}],"curies":[{"name":"wp","href":"https:\/\/api.w.org\/{rel}","templated":true}]}}