{"id":12071,"date":"2020-03-10T09:38:30","date_gmt":"2020-03-10T08:38:30","guid":{"rendered":"http:\/\/serveiseducatius.xtec.cat\/vallesoccidental5\/?p=12071"},"modified":"2020-03-26T18:26:45","modified_gmt":"2020-03-26T17:26:45","slug":"aprenentatge-en-xarxa-escenaris-de-futur-28-marc","status":"publish","type":"post","link":"https:\/\/serveiseducatius.xtec.cat\/vallesoccidental5\/portada\/aprenentatge-en-xarxa-escenaris-de-futur-28-marc\/","title":{"rendered":"APRENENTATGE EN XARXA: ESCENARIS DE FUTUR. 28 MAR\u00c7"},"content":{"rendered":"<p style=\"text-align: center;\"><a href=\"https:\/\/blocs.xtec.cat\/enxarxa\/\" target=\"_blank\" rel=\"noopener noreferrer\"><img loading=\"lazy\" decoding=\"async\" class=\"alignnone size-full wp-image-12072\" src=\"https:\/\/serveiseducatius.xtec.cat\/vallesoccidental5\/wp-content\/uploads\/usu1111\/2020\/03\/aprenentatge-xarxa.png\" alt=\"\" width=\"820\" height=\"312\" srcset=\"https:\/\/serveiseducatius.xtec.cat\/vallesoccidental5\/wp-content\/uploads\/usu1111\/2020\/03\/aprenentatge-xarxa.png 820w, https:\/\/serveiseducatius.xtec.cat\/vallesoccidental5\/wp-content\/uploads\/usu1111\/2020\/03\/aprenentatge-xarxa-300x114.png 300w, https:\/\/serveiseducatius.xtec.cat\/vallesoccidental5\/wp-content\/uploads\/usu1111\/2020\/03\/aprenentatge-xarxa-768x292.png 768w\" sizes=\"auto, (max-width: 820px) 100vw, 820px\" \/><\/a><\/p>\n<p style=\"text-align: justify;\">El Departament d\u2019Educaci\u00f3 desenvolupa un model de transformaci\u00f3 i millora del sistema educatiu que es fonamenta\u00a0 en l\u2019aprenentatge en xarxa.<\/p>\n<p style=\"text-align: justify;\">El dia 28 de mar\u00e7 tindr\u00e0 lloc la Jornada <a href=\"https:\/\/blocs.xtec.cat\/enxarxa\/\" target=\"_blank\" rel=\"noopener noreferrer\"><span style=\"text-decoration: underline;\"><strong><em>Aprenentatge en Xarxa: Escenaris de futur<\/em><\/strong><\/span>.<\/a> En aquesta jornada s&#8217;abordar\u00e0 com repensar el fet educatiu des de la perspectiva del treball en xarxa en sis aspectes fonamentals per aconseguir la <b>transformaci\u00f3 educativa:<\/b><\/p>\n<ul style=\"text-align: justify;\">\n<li><span style=\"color: #ff0000;\"><strong>Escenari 1<\/strong><\/span>. Entorns d\u2019aprenentatge<\/li>\n<li><span style=\"color: #ff0000;\"><strong>Escenari 2<\/strong>.<\/span> L\u2019aprenent al centre de l\u2019acci\u00f3 educativa<\/li>\n<li><span style=\"color: #ff0000;\"><strong>Escenari 3<\/strong><\/span>. Desenvolupament personal i professional docent\u00a0 \u00a0 \u00a0 \u00a0 \u00a0 \u00a0 \u00a0 \u00a0 \u00a0 \u00a0 \u00a0 <a href=\"https:\/\/serveiseducatius.xtec.cat\/vallesoccidental5\/wp-content\/uploads\/usu1111\/2020\/03\/hashtag_enxarxa20-1024x269.png\"><img loading=\"lazy\" decoding=\"async\" class=\"wp-image-12073 alignright\" src=\"https:\/\/serveiseducatius.xtec.cat\/vallesoccidental5\/wp-content\/uploads\/usu1111\/2020\/03\/hashtag_enxarxa20-1024x269-1024x269.png\" alt=\"\" width=\"289\" height=\"76\" srcset=\"https:\/\/serveiseducatius.xtec.cat\/vallesoccidental5\/wp-content\/uploads\/usu1111\/2020\/03\/hashtag_enxarxa20-1024x269.png 1024w, https:\/\/serveiseducatius.xtec.cat\/vallesoccidental5\/wp-content\/uploads\/usu1111\/2020\/03\/hashtag_enxarxa20-1024x269-300x79.png 300w, https:\/\/serveiseducatius.xtec.cat\/vallesoccidental5\/wp-content\/uploads\/usu1111\/2020\/03\/hashtag_enxarxa20-1024x269-768x202.png 768w\" sizes=\"auto, (max-width: 289px) 100vw, 289px\" \/><\/a><\/li>\n<li><span style=\"color: #ff0000;\"><strong>Escenari 4<\/strong>.<\/span> Com aprenem\u2026.junts<\/li>\n<li><span style=\"color: #ff0000;\"><strong>Escenari 5<\/strong>.<\/span> Escola i comunitat per l\u2019equitat<\/li>\n<li><span style=\"color: #ff0000;\"><strong>Escenari 6.<\/strong><\/span> Evid\u00e8ncies transformadores<\/li>\n<\/ul>\n<p style=\"text-align: justify;\">Aprendre en xarxa vol dir: pensar, comunicar-nos i actuar per aprendre conjuntament. M\u00e9s concretament: compartir objectius i recursos, unificar capacitats i esfor\u00e7os, relacionar les nostres accions i generar nou coneixement per cr\u00e9ixer.<br \/>\nEl treball en xarxa esdev\u00e9 el motor de canvi per al sistema educatiu en el seu conjunt i ha de permetre avan\u00e7ar en qualitat. Es fonamenta\u00a0 en la recerca educativa, i respon a l\u2019evoluci\u00f3 social. La seva finalitat, evidentment, \u00e9s la millora en la qualitat del sistema educatiu i de la seva <b>equitat<\/b>. S\u2019emmarca dins l\u2019\u00e0mbit de les pol\u00edtiques educatives per enfortir el model d\u2019escola catalana, amb el prop\u00f2sit transformador de millorar la qualitat educativa dels centres de Catalunya.<\/p>\n<p style=\"text-align: justify;\">La Jornada es realitzar\u00e0 a l&#8217;Edifici V\u00e9rtex al Campus Nord de la UPC<\/p>\n<h2 style=\"text-align: center;\"><a href=\"https:\/\/blocs.xtec.cat\/enxarxa\/inscripcions\/\" target=\"_blank\" rel=\"noopener noreferrer\"><span style=\"color: #ff0000;\"><strong>INSCRIPCI\u00d3 OBERTA FINS 23 MAR\u00c7<\/strong><\/span><\/a><\/h2>\n","protected":false},"excerpt":{"rendered":"<p>El Departament d\u2019Educaci\u00f3 desenvolupa un model de transformaci\u00f3 i millora del sistema educatiu que es fonamenta\u00a0 en l\u2019aprenentatge en xarxa. El dia 28 de mar\u00e7 tindr\u00e0 lloc la Jornada Aprenentatge en Xarxa: Escenaris de futur. En aquesta jornada s&#8217;abordar\u00e0 com repensar el fet educatiu des de la perspectiva del treball en xarxa en sis aspectes [&hellip;]<\/p>\n","protected":false},"author":1,"featured_media":12072,"comment_status":"closed","ping_status":"closed","sticky":false,"template":"","format":"standard","meta":{"_bbp_topic_count":0,"_bbp_reply_count":0,"_bbp_total_topic_count":0,"_bbp_total_reply_count":0,"_bbp_voice_count":0,"_bbp_anonymous_reply_count":0,"_bbp_topic_count_hidden":0,"_bbp_reply_count_hidden":0,"_bbp_forum_subforum_count":0,"site-sidebar-layout":"default","site-content-layout":"","ast-site-content-layout":"","site-content-style":"default","site-sidebar-style":"default","ast-global-header-display":"","ast-banner-title-visibility":"","ast-main-header-display":"","ast-hfb-above-header-display":"","ast-hfb-below-header-display":"","ast-hfb-mobile-header-display":"","site-post-title":"","ast-breadcrumbs-content":"","ast-featured-img":"","footer-sml-layout":"","theme-transparent-header-meta":"","adv-header-id-meta":"","stick-header-meta":"","header-above-stick-meta":"","header-main-stick-meta":"","header-below-stick-meta":"","astra-migrate-meta-layouts":"default","ast-page-background-enabled":"default","ast-page-background-meta":{"desktop":{"background-color":"var(--ast-global-color-4)","background-image":"","background-repeat":"repeat","background-position":"center center","background-size":"auto","background-attachment":"scroll","background-type":"","background-media":"","overlay-type":"","overlay-color":"","overlay-opacity":"","overlay-gradient":""},"tablet":{"background-color":"","background-image":"","background-repeat":"repeat","background-position":"center center","background-size":"auto","background-attachment":"scroll","background-type":"","background-media":"","overlay-type":"","overlay-color":"","overlay-opacity":"","overlay-gradient":""},"mobile":{"background-color":"","background-image":"","background-repeat":"repeat","background-position":"center center","background-size":"auto","background-attachment":"scroll","background-type":"","background-media":"","overlay-type":"","overlay-color":"","overlay-opacity":"","overlay-gradient":""}},"ast-content-background-meta":{"desktop":{"background-color":"var(--ast-global-color-5)","background-image":"","background-repeat":"repeat","background-position":"center center","background-size":"auto","background-attachment":"scroll","background-type":"","background-media":"","overlay-type":"","overlay-color":"","overlay-opacity":"","overlay-gradient":""},"tablet":{"background-color":"var(--ast-global-color-5)","background-image":"","background-repeat":"repeat","background-position":"center center","background-size":"auto","background-attachment":"scroll","background-type":"","background-media":"","overlay-type":"","overlay-color":"","overlay-opacity":"","overlay-gradient":""},"mobile":{"background-color":"var(--ast-global-color-5)","background-image":"","background-repeat":"repeat","background-position":"center center","background-size":"auto","background-attachment":"scroll","background-type":"","background-media":"","overlay-type":"","overlay-color":"","overlay-opacity":"","overlay-gradient":""}},"footnotes":""},"categories":[29],"tags":[814,813],"class_list":["post-12071","post","type-post","status-publish","format-standard","has-post-thumbnail","hentry","category-portada","tag-aprenem-en-xarxa","tag-enxarxa20"],"post_mailing_queue_ids":[],"_links":{"self":[{"href":"https:\/\/serveiseducatius.xtec.cat\/vallesoccidental5\/wp-json\/wp\/v2\/posts\/12071","targetHints":{"allow":["GET"]}}],"collection":[{"href":"https:\/\/serveiseducatius.xtec.cat\/vallesoccidental5\/wp-json\/wp\/v2\/posts"}],"about":[{"href":"https:\/\/serveiseducatius.xtec.cat\/vallesoccidental5\/wp-json\/wp\/v2\/types\/post"}],"author":[{"embeddable":true,"href":"https:\/\/serveiseducatius.xtec.cat\/vallesoccidental5\/wp-json\/wp\/v2\/users\/1"}],"replies":[{"embeddable":true,"href":"https:\/\/serveiseducatius.xtec.cat\/vallesoccidental5\/wp-json\/wp\/v2\/comments?post=12071"}],"version-history":[{"count":2,"href":"https:\/\/serveiseducatius.xtec.cat\/vallesoccidental5\/wp-json\/wp\/v2\/posts\/12071\/revisions"}],"predecessor-version":[{"id":12195,"href":"https:\/\/serveiseducatius.xtec.cat\/vallesoccidental5\/wp-json\/wp\/v2\/posts\/12071\/revisions\/12195"}],"wp:featuredmedia":[{"embeddable":true,"href":"https:\/\/serveiseducatius.xtec.cat\/vallesoccidental5\/wp-json\/wp\/v2\/media\/12072"}],"wp:attachment":[{"href":"https:\/\/serveiseducatius.xtec.cat\/vallesoccidental5\/wp-json\/wp\/v2\/media?parent=12071"}],"wp:term":[{"taxonomy":"category","embeddable":true,"href":"https:\/\/serveiseducatius.xtec.cat\/vallesoccidental5\/wp-json\/wp\/v2\/categories?post=12071"},{"taxonomy":"post_tag","embeddable":true,"href":"https:\/\/serveiseducatius.xtec.cat\/vallesoccidental5\/wp-json\/wp\/v2\/tags?post=12071"}],"curies":[{"name":"wp","href":"https:\/\/api.w.org\/{rel}","templated":true}]}}