{"id":11515,"date":"2019-05-07T10:31:23","date_gmt":"2019-05-07T08:31:23","guid":{"rendered":"http:\/\/serveiseducatius.xtec.cat\/vallesoccidental5\/?p=11515"},"modified":"2019-05-07T10:32:22","modified_gmt":"2019-05-07T08:32:22","slug":"activitats-competencials","status":"publish","type":"post","link":"https:\/\/serveiseducatius.xtec.cat\/vallesoccidental5\/general\/activitats-competencials\/","title":{"rendered":"ACTIVITATS COMPETENCIALS"},"content":{"rendered":"<p><a href=\"http:\/\/xtec.gencat.cat\/ca\/curriculum\/xarxacb\/\" target=\"_blank\" rel=\"noopener\"><img loading=\"lazy\" decoding=\"async\" class=\"alignleft wp-image-11184 size-full\" src=\"https:\/\/serveiseducatius.xtec.cat\/vallesoccidental5\/wp-content\/uploads\/usu1111\/2018\/12\/LOGO-XARXA-cb.png\" alt=\"\" width=\"313\" height=\"161\" srcset=\"https:\/\/serveiseducatius.xtec.cat\/vallesoccidental5\/wp-content\/uploads\/usu1111\/2018\/12\/LOGO-XARXA-cb.png 313w, https:\/\/serveiseducatius.xtec.cat\/vallesoccidental5\/wp-content\/uploads\/usu1111\/2018\/12\/LOGO-XARXA-cb-300x154.png 300w\" sizes=\"auto, (max-width: 313px) 100vw, 313px\" \/><\/a><\/p>\n<p>&nbsp;<\/p>\n<p>Els continguts curriculars per si mateixos no constitueixen la finalitat de l\u2019acci\u00f3 educativa, sin\u00f3 que s\u00f3n el mitj\u00e0 per assolir els objectius i possibilitar que l\u2019alumnat sigui competent per usar les seves capacitats en situacions i contextos reals.<\/p>\n<p>&nbsp;<\/p>\n<div>\n<p>La incorporaci\u00f3 del concepte de <strong>compet\u00e8ncia <\/strong>en els curr\u00edculums implica\u00a0canvis metodol\u00f2gics que afecten el rol del professorat i la manera com apr\u00e8n l\u2019alumnat,\u00a0ja que l\u2019acci\u00f3 competent va associada a una determinada seq\u00fc\u00e8ncia did\u00e0ctica.\u00a0El concepte de compet\u00e8ncia se sustenta en la integraci\u00f3 articulada dels diferents tipus\u00a0de continguts (conceptuals, procedimentals i actitudinals) i est\u00e0 relacionada amb la\u00a0capacitat d\u2019activar-los o mobilitzar-los per fer front a situacions diverses i actuar de\u00a0forma efica\u00e7.<\/p>\n<\/div>\n<p>L\u2019alumnat esdev\u00e9 competent quan \u00e9s capa\u00e7 de\u00a0seleccionar, entre el bagatge acumulat (al llarg dels cursos i sumant tots els\u00a0continguts, i el que s\u2019ha anomenat \u201ccurr\u00edculum ocult\u201d) all\u00f2 que ha d\u2019aplicar per a la\u00a0resoluci\u00f3 d\u2019una nova situaci\u00f3. Per tant, esdev\u00e9 competent quan \u00e9s capa\u00e7 de transferir\u00a0un determinat contingut adquirit en una mat\u00e8ria o context a la resoluci\u00f3 d\u2019un problema\u00a0que se li planteja en qualsevol altra situaci\u00f3. Els continguts curriculars per si mateixos\u00a0no constitueixen la finalitat de l\u2019acci\u00f3 educativa, sin\u00f3 que s\u00f3n el mitj\u00e0 per assolir els\u00a0objectius i possibilitar que l\u2019alumnat sigui competent per usar les seves capacitats en\u00a0situacions i contextos reals.<\/p>\n<p><a href=\"https:\/\/serveiseducatius.xtec.cat\/vallesoccidental5\/wp-content\/uploads\/usu1111\/2019\/05\/exemple-XCB-medi.jpg\"><img loading=\"lazy\" decoding=\"async\" class=\" wp-image-11516 alignleft\" src=\"https:\/\/serveiseducatius.xtec.cat\/vallesoccidental5\/wp-content\/uploads\/usu1111\/2019\/05\/exemple-XCB-medi-1024x633.jpg\" alt=\"\" width=\"197\" height=\"122\" srcset=\"https:\/\/serveiseducatius.xtec.cat\/vallesoccidental5\/wp-content\/uploads\/usu1111\/2019\/05\/exemple-XCB-medi-1024x633.jpg 1024w, https:\/\/serveiseducatius.xtec.cat\/vallesoccidental5\/wp-content\/uploads\/usu1111\/2019\/05\/exemple-XCB-medi-300x185.jpg 300w, https:\/\/serveiseducatius.xtec.cat\/vallesoccidental5\/wp-content\/uploads\/usu1111\/2019\/05\/exemple-XCB-medi-768x475.jpg 768w, https:\/\/serveiseducatius.xtec.cat\/vallesoccidental5\/wp-content\/uploads\/usu1111\/2019\/05\/exemple-XCB-medi.jpg 1081w\" sizes=\"auto, (max-width: 197px) 100vw, 197px\" \/><\/a><\/p>\n<p><a href=\"http:\/\/xtec.gencat.cat\/web\/.content\/alfresco\/d\/d\/workspace\/SpacesStore\/0056\/7642a716-6e3e-4eca-9073-696cae007634\/Escola-Banus-Interpretar-espai.pdf#_ga=2.268505976.867600176.1557217059-2120703991.1556865051\" target=\"_blank\" rel=\"noopener\"><em><strong><span style=\"color: #ff0000;\"> Activitat competencial de l&#8217;\u00e0mbit de Coneixement del Medi<\/span><\/strong><\/em> <\/a>(escola Ban\u00fas. Santa Coloma de Gramanet)<\/p>\n<p>&nbsp;<\/p>\n<p>&nbsp;<\/p>\n<p>En aquest <a href=\"http:\/\/xtec.gencat.cat\/ca\/curriculum\/xarxacb\/activitatscompetencials\/\" target=\"_blank\" rel=\"noopener\"><em><strong><span style=\"color: #ff0000;\">ENLLA\u00c7<\/span><\/strong><\/em><\/a> trobareu m\u00e9s informaci\u00f3 sobre activitats competencials.<\/p>\n","protected":false},"excerpt":{"rendered":"<p>&nbsp; Els continguts curriculars per si mateixos no constitueixen la finalitat de l\u2019acci\u00f3 educativa, sin\u00f3 que s\u00f3n el mitj\u00e0 per assolir els objectius i possibilitar que l\u2019alumnat sigui competent per usar les seves capacitats en situacions i contextos reals. &nbsp; La incorporaci\u00f3 del concepte de compet\u00e8ncia en els curr\u00edculums implica\u00a0canvis metodol\u00f2gics que afecten el rol [&hellip;]<\/p>\n","protected":false},"author":1,"featured_media":11184,"comment_status":"closed","ping_status":"closed","sticky":false,"template":"","format":"standard","meta":{"_bbp_topic_count":0,"_bbp_reply_count":0,"_bbp_total_topic_count":0,"_bbp_total_reply_count":0,"_bbp_voice_count":0,"_bbp_anonymous_reply_count":0,"_bbp_topic_count_hidden":0,"_bbp_reply_count_hidden":0,"_bbp_forum_subforum_count":0,"site-sidebar-layout":"default","site-content-layout":"","ast-site-content-layout":"","site-content-style":"default","site-sidebar-style":"default","ast-global-header-display":"","ast-banner-title-visibility":"","ast-main-header-display":"","ast-hfb-above-header-display":"","ast-hfb-below-header-display":"","ast-hfb-mobile-header-display":"","site-post-title":"","ast-breadcrumbs-content":"","ast-featured-img":"","footer-sml-layout":"","theme-transparent-header-meta":"","adv-header-id-meta":"","stick-header-meta":"","header-above-stick-meta":"","header-main-stick-meta":"","header-below-stick-meta":"","astra-migrate-meta-layouts":"default","ast-page-background-enabled":"default","ast-page-background-meta":{"desktop":{"background-color":"var(--ast-global-color-4)","background-image":"","background-repeat":"repeat","background-position":"center center","background-size":"auto","background-attachment":"scroll","background-type":"","background-media":"","overlay-type":"","overlay-color":"","overlay-opacity":"","overlay-gradient":""},"tablet":{"background-color":"","background-image":"","background-repeat":"repeat","background-position":"center center","background-size":"auto","background-attachment":"scroll","background-type":"","background-media":"","overlay-type":"","overlay-color":"","overlay-opacity":"","overlay-gradient":""},"mobile":{"background-color":"","background-image":"","background-repeat":"repeat","background-position":"center center","background-size":"auto","background-attachment":"scroll","background-type":"","background-media":"","overlay-type":"","overlay-color":"","overlay-opacity":"","overlay-gradient":""}},"ast-content-background-meta":{"desktop":{"background-color":"var(--ast-global-color-5)","background-image":"","background-repeat":"repeat","background-position":"center center","background-size":"auto","background-attachment":"scroll","background-type":"","background-media":"","overlay-type":"","overlay-color":"","overlay-opacity":"","overlay-gradient":""},"tablet":{"background-color":"var(--ast-global-color-5)","background-image":"","background-repeat":"repeat","background-position":"center center","background-size":"auto","background-attachment":"scroll","background-type":"","background-media":"","overlay-type":"","overlay-color":"","overlay-opacity":"","overlay-gradient":""},"mobile":{"background-color":"var(--ast-global-color-5)","background-image":"","background-repeat":"repeat","background-position":"center center","background-size":"auto","background-attachment":"scroll","background-type":"","background-media":"","overlay-type":"","overlay-color":"","overlay-opacity":"","overlay-gradient":""}},"footnotes":""},"categories":[655,1,29],"tags":[],"class_list":["post-11515","post","type-post","status-publish","format-standard","has-post-thumbnail","hentry","category-ccbb","category-general","category-portada"],"post_mailing_queue_ids":[],"_links":{"self":[{"href":"https:\/\/serveiseducatius.xtec.cat\/vallesoccidental5\/wp-json\/wp\/v2\/posts\/11515","targetHints":{"allow":["GET"]}}],"collection":[{"href":"https:\/\/serveiseducatius.xtec.cat\/vallesoccidental5\/wp-json\/wp\/v2\/posts"}],"about":[{"href":"https:\/\/serveiseducatius.xtec.cat\/vallesoccidental5\/wp-json\/wp\/v2\/types\/post"}],"author":[{"embeddable":true,"href":"https:\/\/serveiseducatius.xtec.cat\/vallesoccidental5\/wp-json\/wp\/v2\/users\/1"}],"replies":[{"embeddable":true,"href":"https:\/\/serveiseducatius.xtec.cat\/vallesoccidental5\/wp-json\/wp\/v2\/comments?post=11515"}],"version-history":[{"count":1,"href":"https:\/\/serveiseducatius.xtec.cat\/vallesoccidental5\/wp-json\/wp\/v2\/posts\/11515\/revisions"}],"predecessor-version":[{"id":11517,"href":"https:\/\/serveiseducatius.xtec.cat\/vallesoccidental5\/wp-json\/wp\/v2\/posts\/11515\/revisions\/11517"}],"wp:featuredmedia":[{"embeddable":true,"href":"https:\/\/serveiseducatius.xtec.cat\/vallesoccidental5\/wp-json\/wp\/v2\/media\/11184"}],"wp:attachment":[{"href":"https:\/\/serveiseducatius.xtec.cat\/vallesoccidental5\/wp-json\/wp\/v2\/media?parent=11515"}],"wp:term":[{"taxonomy":"category","embeddable":true,"href":"https:\/\/serveiseducatius.xtec.cat\/vallesoccidental5\/wp-json\/wp\/v2\/categories?post=11515"},{"taxonomy":"post_tag","embeddable":true,"href":"https:\/\/serveiseducatius.xtec.cat\/vallesoccidental5\/wp-json\/wp\/v2\/tags?post=11515"}],"curies":[{"name":"wp","href":"https:\/\/api.w.org\/{rel}","templated":true}]}}