{"id":11280,"date":"2019-02-10T19:03:13","date_gmt":"2019-02-10T18:03:13","guid":{"rendered":"http:\/\/serveiseducatius.xtec.cat\/vallesoccidental5\/?p=11280"},"modified":"2019-02-12T11:49:38","modified_gmt":"2019-02-12T10:49:38","slug":"11-febrer-dia-internacional-de-la-dona-i-la-nena-a-la-ciencia","status":"publish","type":"post","link":"https:\/\/serveiseducatius.xtec.cat\/vallesoccidental5\/portada\/11-febrer-dia-internacional-de-la-dona-i-la-nena-a-la-ciencia\/","title":{"rendered":"11 FEBRER. DIA INTERNACIONAL DE LA DONA I LA NENA A LA CI\u00c8NCIA"},"content":{"rendered":"<p><a href=\"http:\/\/punttic.gencat.cat\/esdeveniment\/dia-internacional-de-la-dona-i-la-nena-la-ciencia\" target=\"_blank\" rel=\"noopener\"><img loading=\"lazy\" decoding=\"async\" class=\" wp-image-11282 aligncenter\" src=\"https:\/\/serveiseducatius.xtec.cat\/vallesoccidental5\/wp-content\/uploads\/usu1111\/2019\/02\/dona-ciencia_0-1024x538.png\" alt=\"\" width=\"825\" height=\"433\" srcset=\"https:\/\/serveiseducatius.xtec.cat\/vallesoccidental5\/wp-content\/uploads\/usu1111\/2019\/02\/dona-ciencia_0-1024x538.png 1024w, https:\/\/serveiseducatius.xtec.cat\/vallesoccidental5\/wp-content\/uploads\/usu1111\/2019\/02\/dona-ciencia_0-300x158.png 300w, https:\/\/serveiseducatius.xtec.cat\/vallesoccidental5\/wp-content\/uploads\/usu1111\/2019\/02\/dona-ciencia_0-768x403.png 768w, https:\/\/serveiseducatius.xtec.cat\/vallesoccidental5\/wp-content\/uploads\/usu1111\/2019\/02\/dona-ciencia_0.png 1200w\" sizes=\"auto, (max-width: 825px) 100vw, 825px\" \/><\/a><\/p>\n<p>El 2015 l&#8217;Assemblea General de les Nacions Unides va proclamar l&#8217;11 de febrer com el\u00a0<a lang=\"ca\" title=\"Informaci\u00f3 d ela diada a la plana web de la ONU\" xml:lang=\"ca\" href=\"http:\/\/www.un.org\/es\/events\/women-and-girls-in-science-day\/\">Dia Internacional de la Dona i la Nena a la Ci\u00e8ncia<\/a>.<\/p>\n<p>L&#8217;objectiu \u00e9s arribar a aconseguir\u00a0<strong>l&#8217;acc\u00e9s i la participaci\u00f3 plena i equitativa\u00a0<\/strong>en la ci\u00e8ncia per a les dones i les nenes, aix\u00ed com aconseguir la\u00a0<strong>igualtat de g\u00e8nere<\/strong>\u00a0i l&#8217;apoderament de les dones.<\/p>\n<p>Durant la primera quinzena d&#8217;aquest mes de febrer, hi haur\u00e0 activitats arreu del m\u00f3n, tamb\u00e9 a Catalunya, amb l&#8217;objectiu de promoure les\u00a0<strong>vocacions cient\u00edfiques i tecnol\u00f2giques<\/strong>\u00a0de les noies.<\/p>\n<p>Arreu d&#8217;escoles i instituts s&#8217;han organitzat activitats\u00a0 durant aquesta primera quinzena del mes de febrer i, en concret, pel dia 11 de febrer.<\/p>\n<p>Podeu visitar diferents <a href=\"https:\/\/11defebrero.org\/\" target=\"_blank\" rel=\"noopener\">ESPAIS<\/a> on podreu trobar informaci\u00f3 al respecte.<\/p>\n","protected":false},"excerpt":{"rendered":"<p>El 2015 l&#8217;Assemblea General de les Nacions Unides va proclamar l&#8217;11 de febrer com el\u00a0Dia Internacional de la Dona i la Nena a la Ci\u00e8ncia. L&#8217;objectiu \u00e9s arribar a aconseguir\u00a0l&#8217;acc\u00e9s i la participaci\u00f3 plena i equitativa\u00a0en la ci\u00e8ncia per a les dones i les nenes, aix\u00ed com aconseguir la\u00a0igualtat de g\u00e8nere\u00a0i l&#8217;apoderament de les dones. [&hellip;]<\/p>\n","protected":false},"author":1,"featured_media":11282,"comment_status":"closed","ping_status":"closed","sticky":false,"template":"","format":"standard","meta":{"_bbp_topic_count":0,"_bbp_reply_count":0,"_bbp_total_topic_count":0,"_bbp_total_reply_count":0,"_bbp_voice_count":0,"_bbp_anonymous_reply_count":0,"_bbp_topic_count_hidden":0,"_bbp_reply_count_hidden":0,"_bbp_forum_subforum_count":0,"site-sidebar-layout":"default","site-content-layout":"","ast-site-content-layout":"","site-content-style":"default","site-sidebar-style":"default","ast-global-header-display":"","ast-banner-title-visibility":"","ast-main-header-display":"","ast-hfb-above-header-display":"","ast-hfb-below-header-display":"","ast-hfb-mobile-header-display":"","site-post-title":"","ast-breadcrumbs-content":"","ast-featured-img":"","footer-sml-layout":"","theme-transparent-header-meta":"","adv-header-id-meta":"","stick-header-meta":"","header-above-stick-meta":"","header-main-stick-meta":"","header-below-stick-meta":"","astra-migrate-meta-layouts":"default","ast-page-background-enabled":"default","ast-page-background-meta":{"desktop":{"background-color":"var(--ast-global-color-4)","background-image":"","background-repeat":"repeat","background-position":"center center","background-size":"auto","background-attachment":"scroll","background-type":"","background-media":"","overlay-type":"","overlay-color":"","overlay-opacity":"","overlay-gradient":""},"tablet":{"background-color":"","background-image":"","background-repeat":"repeat","background-position":"center center","background-size":"auto","background-attachment":"scroll","background-type":"","background-media":"","overlay-type":"","overlay-color":"","overlay-opacity":"","overlay-gradient":""},"mobile":{"background-color":"","background-image":"","background-repeat":"repeat","background-position":"center center","background-size":"auto","background-attachment":"scroll","background-type":"","background-media":"","overlay-type":"","overlay-color":"","overlay-opacity":"","overlay-gradient":""}},"ast-content-background-meta":{"desktop":{"background-color":"var(--ast-global-color-5)","background-image":"","background-repeat":"repeat","background-position":"center center","background-size":"auto","background-attachment":"scroll","background-type":"","background-media":"","overlay-type":"","overlay-color":"","overlay-opacity":"","overlay-gradient":""},"tablet":{"background-color":"var(--ast-global-color-5)","background-image":"","background-repeat":"repeat","background-position":"center center","background-size":"auto","background-attachment":"scroll","background-type":"","background-media":"","overlay-type":"","overlay-color":"","overlay-opacity":"","overlay-gradient":""},"mobile":{"background-color":"var(--ast-global-color-5)","background-image":"","background-repeat":"repeat","background-position":"center center","background-size":"auto","background-attachment":"scroll","background-type":"","background-media":"","overlay-type":"","overlay-color":"","overlay-opacity":"","overlay-gradient":""}},"footnotes":""},"categories":[29],"tags":[],"class_list":["post-11280","post","type-post","status-publish","format-standard","has-post-thumbnail","hentry","category-portada"],"post_mailing_queue_ids":[],"_links":{"self":[{"href":"https:\/\/serveiseducatius.xtec.cat\/vallesoccidental5\/wp-json\/wp\/v2\/posts\/11280","targetHints":{"allow":["GET"]}}],"collection":[{"href":"https:\/\/serveiseducatius.xtec.cat\/vallesoccidental5\/wp-json\/wp\/v2\/posts"}],"about":[{"href":"https:\/\/serveiseducatius.xtec.cat\/vallesoccidental5\/wp-json\/wp\/v2\/types\/post"}],"author":[{"embeddable":true,"href":"https:\/\/serveiseducatius.xtec.cat\/vallesoccidental5\/wp-json\/wp\/v2\/users\/1"}],"replies":[{"embeddable":true,"href":"https:\/\/serveiseducatius.xtec.cat\/vallesoccidental5\/wp-json\/wp\/v2\/comments?post=11280"}],"version-history":[{"count":1,"href":"https:\/\/serveiseducatius.xtec.cat\/vallesoccidental5\/wp-json\/wp\/v2\/posts\/11280\/revisions"}],"predecessor-version":[{"id":11283,"href":"https:\/\/serveiseducatius.xtec.cat\/vallesoccidental5\/wp-json\/wp\/v2\/posts\/11280\/revisions\/11283"}],"wp:featuredmedia":[{"embeddable":true,"href":"https:\/\/serveiseducatius.xtec.cat\/vallesoccidental5\/wp-json\/wp\/v2\/media\/11282"}],"wp:attachment":[{"href":"https:\/\/serveiseducatius.xtec.cat\/vallesoccidental5\/wp-json\/wp\/v2\/media?parent=11280"}],"wp:term":[{"taxonomy":"category","embeddable":true,"href":"https:\/\/serveiseducatius.xtec.cat\/vallesoccidental5\/wp-json\/wp\/v2\/categories?post=11280"},{"taxonomy":"post_tag","embeddable":true,"href":"https:\/\/serveiseducatius.xtec.cat\/vallesoccidental5\/wp-json\/wp\/v2\/tags?post=11280"}],"curies":[{"name":"wp","href":"https:\/\/api.w.org\/{rel}","templated":true}]}}