{"id":11233,"date":"2019-01-24T10:54:56","date_gmt":"2019-01-24T09:54:56","guid":{"rendered":"http:\/\/serveiseducatius.xtec.cat\/vallesoccidental5\/?p=11233"},"modified":"2019-01-24T10:54:56","modified_gmt":"2019-01-24T09:54:56","slug":"formacio-ice-universitat-autonoma","status":"publish","type":"post","link":"https:\/\/serveiseducatius.xtec.cat\/vallesoccidental5\/portada\/formacio-ice-universitat-autonoma\/","title":{"rendered":"FORMACI\u00d3 ICE UNIVERSITAT AUT\u00d2NOMA"},"content":{"rendered":"<p>Fem difusi\u00f3 de dos activitat formatives de l&#8217;ICE DE L&#8217;UAB que estan actualment en per\u00edode d&#8217;inscripci\u00f3.<\/p>\n<p>Les activitats s\u00f3n les seg\u00fcents:<\/p>\n<p><a href=\"https:\/\/www.uab.cat\/web\/innovacio\/innovar-per-aprendre\/Seminari-de-reflexio-pedagogica-Mirades-de-mestres-1345778474888.html\" target=\"_blank\" rel=\"noopener\"><img loading=\"lazy\" decoding=\"async\" class=\"alignnone  wp-image-11235\" src=\"https:\/\/serveiseducatius.xtec.cat\/vallesoccidental5\/wp-content\/uploads\/usu1111\/2019\/01\/MIRADES-UAB.jpg\" alt=\"\" width=\"354\" height=\"126\" srcset=\"https:\/\/serveiseducatius.xtec.cat\/vallesoccidental5\/wp-content\/uploads\/usu1111\/2019\/01\/MIRADES-UAB.jpg 365w, https:\/\/serveiseducatius.xtec.cat\/vallesoccidental5\/wp-content\/uploads\/usu1111\/2019\/01\/MIRADES-UAB-300x107.jpg 300w\" sizes=\"auto, (max-width: 354px) 100vw, 354px\" \/><\/a>\u00a0 \u00a0<a href=\"https:\/\/www.uab.cat\/web\/innovacio\/innovar-per-aprendre\/Seminari-de-reflexio-pedagogica-Mirades-de-mestres-1345778474888.html\" target=\"_blank\" rel=\"noopener\"><span style=\"text-decoration: underline;\"><strong><span style=\"color: #ff0000; text-decoration: underline;\">Seminari de reflexi\u00f3 sobre la pr\u00e0ctica Mirades de mestres<\/span><\/strong><\/span><\/a><\/p>\n<p><a href=\"https:\/\/www.uab.cat\/web\/formacio\/formacio-permanent-professorat-no-universitari\/12a-edicio-del-cicle-de-converses-mirades-que-acompanyen-l-aprenentatge-i-el-creixement-personal-dels-alumnes-1345740480691.html\" target=\"_blank\" rel=\"noopener\"><img loading=\"lazy\" decoding=\"async\" class=\" wp-image-11236 alignleft\" src=\"https:\/\/serveiseducatius.xtec.cat\/vallesoccidental5\/wp-content\/uploads\/usu1111\/2019\/01\/Captura.jpg\" alt=\"\" width=\"354\" height=\"109\" srcset=\"https:\/\/serveiseducatius.xtec.cat\/vallesoccidental5\/wp-content\/uploads\/usu1111\/2019\/01\/Captura.jpg 361w, https:\/\/serveiseducatius.xtec.cat\/vallesoccidental5\/wp-content\/uploads\/usu1111\/2019\/01\/Captura-300x92.jpg 300w\" sizes=\"auto, (max-width: 354px) 100vw, 354px\" \/><\/a><\/p>\n<p>2a edici\u00f3 de les Converse<span style=\"font-family: inherit; font-size: 1em;\">s per repensar l&#8217;educaci\u00f3 convocades al Cosmocaixa i que aquest any tenen el t\u00edtol\u00a0<\/span><strong style=\"font-family: inherit; font-size: 1em;\"><span style=\"text-decoration: underline; color: #ff0000;\"><i style=\"color: #ff0000;\"><span style=\"font-family: Helvetica, Arial, sans-serif;\"><a style=\"color: #ff0000;\" href=\"https:\/\/www.uab.cat\/web\/formacio\/formacio-permanent-professorat-no-universitari\/12a-edicio-del-cicle-de-converses-mirades-que-acompanyen-l-aprenentatge-i-el-creixement-personal-dels-alumnes-1345740480691.html\" target=\"_blank\" rel=\"noopener\">Mirades que acompanyen l&#8217;aprenentatge i el\u00a0<\/a><\/span><\/i><\/span><\/strong><strong style=\"font-family: inherit; font-size: 1em;\"><span style=\"text-decoration: underline; color: #ff0000;\"><i style=\"color: #ff0000;\"><span style=\"font-family: Helvetica, Arial, sans-serif;\"><a style=\"color: #ff0000;\" href=\"https:\/\/www.uab.cat\/web\/formacio\/formacio-permanent-professorat-no-universitari\/12a-edicio-del-cicle-de-converses-mirades-que-acompanyen-l-aprenentatge-i-el-creixement-personal-dels-alumnes-1345740480691.html\" target=\"_blank\" rel=\"noopener\">creixement personal dels alumn<\/a><\/span><\/i><\/span><\/strong><strong style=\"font-family: inherit; font-size: 1em;\"><span style=\"text-decoration: underline; color: #ff0000;\"><i style=\"color: #ff0000;\"><span style=\"font-family: Helvetica, Arial, sans-serif;\"><a style=\"color: #ff0000;\" href=\"https:\/\/www.uab.cat\/web\/formacio\/formacio-permanent-professorat-no-universitari\/12a-edicio-del-cicle-de-converses-mirades-que-acompanyen-l-aprenentatge-i-el-creixement-personal-dels-alumnes-1345740480691.html\" target=\"_blank\" rel=\"noopener\">es.<\/a><\/span><\/i><\/span><\/strong><\/p>\n<p>&nbsp;<\/p>\n<p><a href=\"https:\/\/serveiseducatius.xtec.cat\/vallesoccidental5\/wp-content\/uploads\/usu1111\/2019\/01\/ICE-UAB.jpg\"><img loading=\"lazy\" decoding=\"async\" class=\"size-full wp-image-11234 aligncenter\" src=\"https:\/\/serveiseducatius.xtec.cat\/vallesoccidental5\/wp-content\/uploads\/usu1111\/2019\/01\/ICE-UAB.jpg\" alt=\"\" width=\"459\" height=\"68\" srcset=\"https:\/\/serveiseducatius.xtec.cat\/vallesoccidental5\/wp-content\/uploads\/usu1111\/2019\/01\/ICE-UAB.jpg 459w, https:\/\/serveiseducatius.xtec.cat\/vallesoccidental5\/wp-content\/uploads\/usu1111\/2019\/01\/ICE-UAB-300x44.jpg 300w\" sizes=\"auto, (max-width: 459px) 100vw, 459px\" \/><\/a><\/p>\n","protected":false},"excerpt":{"rendered":"<p>Fem difusi\u00f3 de dos activitat formatives de l&#8217;ICE DE L&#8217;UAB que estan actualment en per\u00edode d&#8217;inscripci\u00f3. Les activitats s\u00f3n les seg\u00fcents: \u00a0 \u00a0Seminari de reflexi\u00f3 sobre la pr\u00e0ctica Mirades de mestres 2a edici\u00f3 de les Converses per repensar l&#8217;educaci\u00f3 convocades al Cosmocaixa i que aquest any tenen el t\u00edtol\u00a0Mirades que acompanyen l&#8217;aprenentatge i el\u00a0creixement personal [&hellip;]<\/p>\n","protected":false},"author":1,"featured_media":0,"comment_status":"closed","ping_status":"closed","sticky":false,"template":"","format":"standard","meta":{"_bbp_topic_count":0,"_bbp_reply_count":0,"_bbp_total_topic_count":0,"_bbp_total_reply_count":0,"_bbp_voice_count":0,"_bbp_anonymous_reply_count":0,"_bbp_topic_count_hidden":0,"_bbp_reply_count_hidden":0,"_bbp_forum_subforum_count":0,"site-sidebar-layout":"default","site-content-layout":"","ast-site-content-layout":"","site-content-style":"default","site-sidebar-style":"default","ast-global-header-display":"","ast-banner-title-visibility":"","ast-main-header-display":"","ast-hfb-above-header-display":"","ast-hfb-below-header-display":"","ast-hfb-mobile-header-display":"","site-post-title":"","ast-breadcrumbs-content":"","ast-featured-img":"","footer-sml-layout":"","theme-transparent-header-meta":"","adv-header-id-meta":"","stick-header-meta":"","header-above-stick-meta":"","header-main-stick-meta":"","header-below-stick-meta":"","astra-migrate-meta-layouts":"default","ast-page-background-enabled":"default","ast-page-background-meta":{"desktop":{"background-color":"var(--ast-global-color-4)","background-image":"","background-repeat":"repeat","background-position":"center center","background-size":"auto","background-attachment":"scroll","background-type":"","background-media":"","overlay-type":"","overlay-color":"","overlay-opacity":"","overlay-gradient":""},"tablet":{"background-color":"","background-image":"","background-repeat":"repeat","background-position":"center center","background-size":"auto","background-attachment":"scroll","background-type":"","background-media":"","overlay-type":"","overlay-color":"","overlay-opacity":"","overlay-gradient":""},"mobile":{"background-color":"","background-image":"","background-repeat":"repeat","background-position":"center center","background-size":"auto","background-attachment":"scroll","background-type":"","background-media":"","overlay-type":"","overlay-color":"","overlay-opacity":"","overlay-gradient":""}},"ast-content-background-meta":{"desktop":{"background-color":"var(--ast-global-color-5)","background-image":"","background-repeat":"repeat","background-position":"center center","background-size":"auto","background-attachment":"scroll","background-type":"","background-media":"","overlay-type":"","overlay-color":"","overlay-opacity":"","overlay-gradient":""},"tablet":{"background-color":"var(--ast-global-color-5)","background-image":"","background-repeat":"repeat","background-position":"center center","background-size":"auto","background-attachment":"scroll","background-type":"","background-media":"","overlay-type":"","overlay-color":"","overlay-opacity":"","overlay-gradient":""},"mobile":{"background-color":"var(--ast-global-color-5)","background-image":"","background-repeat":"repeat","background-position":"center center","background-size":"auto","background-attachment":"scroll","background-type":"","background-media":"","overlay-type":"","overlay-color":"","overlay-opacity":"","overlay-gradient":""}},"footnotes":""},"categories":[29],"tags":[],"class_list":["post-11233","post","type-post","status-publish","format-standard","hentry","category-portada"],"post_mailing_queue_ids":[],"_links":{"self":[{"href":"https:\/\/serveiseducatius.xtec.cat\/vallesoccidental5\/wp-json\/wp\/v2\/posts\/11233","targetHints":{"allow":["GET"]}}],"collection":[{"href":"https:\/\/serveiseducatius.xtec.cat\/vallesoccidental5\/wp-json\/wp\/v2\/posts"}],"about":[{"href":"https:\/\/serveiseducatius.xtec.cat\/vallesoccidental5\/wp-json\/wp\/v2\/types\/post"}],"author":[{"embeddable":true,"href":"https:\/\/serveiseducatius.xtec.cat\/vallesoccidental5\/wp-json\/wp\/v2\/users\/1"}],"replies":[{"embeddable":true,"href":"https:\/\/serveiseducatius.xtec.cat\/vallesoccidental5\/wp-json\/wp\/v2\/comments?post=11233"}],"version-history":[{"count":1,"href":"https:\/\/serveiseducatius.xtec.cat\/vallesoccidental5\/wp-json\/wp\/v2\/posts\/11233\/revisions"}],"predecessor-version":[{"id":11237,"href":"https:\/\/serveiseducatius.xtec.cat\/vallesoccidental5\/wp-json\/wp\/v2\/posts\/11233\/revisions\/11237"}],"wp:attachment":[{"href":"https:\/\/serveiseducatius.xtec.cat\/vallesoccidental5\/wp-json\/wp\/v2\/media?parent=11233"}],"wp:term":[{"taxonomy":"category","embeddable":true,"href":"https:\/\/serveiseducatius.xtec.cat\/vallesoccidental5\/wp-json\/wp\/v2\/categories?post=11233"},{"taxonomy":"post_tag","embeddable":true,"href":"https:\/\/serveiseducatius.xtec.cat\/vallesoccidental5\/wp-json\/wp\/v2\/tags?post=11233"}],"curies":[{"name":"wp","href":"https:\/\/api.w.org\/{rel}","templated":true}]}}