{"id":10116,"date":"2018-02-05T10:39:13","date_gmt":"2018-02-05T09:39:13","guid":{"rendered":"http:\/\/serveiseducatius.xtec.cat\/vallesoccidental5\/?p=10116"},"modified":"2018-05-02T00:01:07","modified_gmt":"2018-05-01T22:01:07","slug":"proves-de-competencies-basiques-de-4t-eso-2","status":"publish","type":"post","link":"https:\/\/serveiseducatius.xtec.cat\/vallesoccidental5\/general\/proves-de-competencies-basiques-de-4t-eso-2\/","title":{"rendered":"Proves de compet\u00e8ncies b\u00e0siques de 4t.ESO"},"content":{"rendered":"<div>\n<div>\n<ul>\n<li><span style=\"font-family: verdana, sans-serif; font-size: large;\">Informaci\u00f3 institucional del Departament d&#8217;Ensenyament:\u00a0<a href=\"http:\/\/csda.gencat.cat\/ca\/arees_d_actuacio\/avaluacions-consell\/avaluacio-quart-eso\/2018\" target=\"_blank\" rel=\"nofollow noopener noreferrer\"><span style=\"font-size: medium;\">enlla\u00e7<\/span><\/a><\/span><\/li>\n<\/ul>\n<ul>\n<li><span style=\"font-family: verdana, sans-serif; font-size: large;\">Calendari per als centres educatius, els aplicadors\/es i els correctors\/es:<\/span><\/li>\n<\/ul>\n<\/div>\n<ul>\n<li><span style=\"font-size: medium;\"><b><span style=\"color: #b45f06;\">31 de gener:<\/span>\u00a0<span style=\"color: #000000;\">Reuni\u00f3\u00a0<\/span><\/b><b><span style=\"color: #000000;\">dels directors\/es i aplicadors\/es de les proves, a les 12\u00a0 h.,\u00a0<\/span><\/b><\/span><b><b>al SE de Badia.\u00a0 <\/b><\/b><a href=\"https:\/\/docs.google.com\/presentation\/d\/1ZqhdOspDaDWN2VhBuO5XyVPTvgC_8oG5chEghO2PXHk\/edit#slide=id.p3\" target=\"_blank\" rel=\"noopener noreferrer\">(Veure presentaci\u00f3)<\/a><a href=\"https:\/\/docs.google.com\/presentation\/d\/1ZqhdOspDaDWN2VhBuO5XyVPTvgC_8oG5chEghO2PXHk\/edit#slide=id.p3\" target=\"_blank\" rel=\"noopener noreferrer\"><img loading=\"lazy\" decoding=\"async\" class=\"aligncenter wp-image-10206 size-full\" src=\"http:\/\/serveiseducatius.xtec.cat\/vallesoccidental5\/wp-content\/uploads\/usu1111\/2018\/02\/prova4ESO.png\" alt=\"\" width=\"341\" height=\"253\" srcset=\"https:\/\/serveiseducatius.xtec.cat\/vallesoccidental5\/wp-content\/uploads\/usu1111\/2018\/02\/prova4ESO.png 341w, https:\/\/serveiseducatius.xtec.cat\/vallesoccidental5\/wp-content\/uploads\/usu1111\/2018\/02\/prova4ESO-300x223.png 300w\" sizes=\"auto, (max-width: 341px) 100vw, 341px\" \/><\/a><\/li>\n<li><span style=\"font-size: medium;\"><b><span style=\"color: #b45f06;\">6 de febrer:<\/span><\/b>\u00a0proves de compet\u00e8ncia\u00a0en\u00a0llengua castellana, de compet\u00e8ncia\u00a0matem\u00e0tica i\u00a0de compet\u00e8ncia\u00a0ling\u00fc\u00edstica\u00a0en llengua catalana<\/span><\/li>\n<li><span style=\"font-size: medium;\"><b><span style=\"color: #b45f06;\">7 de febrer<\/span>:<\/b>\u00a0proves\u00a0de\u00a0compet\u00e8ncia\u00a0cientificotecnol\u00f2gica \u00a0i\u00a0<\/span>de\u00a0compet\u00e8ncia\u00a0ling\u00fc\u00edstica en llengua estrangera<\/li>\n<li><span style=\"font-size: medium;\"><b><span style=\"color: #b45f06;\">8\u00a0 de febrer:<\/span><\/b>\u00a0<b>Reuni\u00f3 amb els correctors\/es<\/b>, a les 15:30,\u00a0<b>al<\/b><\/span><b>\u00a0<\/b><b>Servei Educatiu de Badia<\/b><\/li>\n<li><span style=\"font-size: medium;\"><b><span style=\"color: #b45f06;\">a partir del 7 i fins al 23\u00a0de febrer:<\/span><\/b>\u00a0correcci\u00f3 de les proves<\/span><\/li>\n<li><b><span style=\"color: #b45f06;\">del 12 al 23\u00a0de febrer:\u00a0<\/span><\/b>introducci\u00f3 de les puntuacions de les respostes obertes a l\u2019aplicaci\u00f3 inform\u00e0tica<\/li>\n<li><b><span style=\"color: #b45f06;\">fins al dia 28\u00a0de febrer:<\/span><\/b>\u00a0retorn de les proves corregides\u00a0<span style=\"font-size: medium;\">al\u00a0<\/span>Servei Educatiu de Badia<\/li>\n<li><span style=\"font-size: medium;\"><b><span style=\"color: #b45f06;\">a partir del 3 d&#8217;abril<\/span><\/b><span style=\"color: #b45f06;\">:<\/span>\u00a0desc\u00e0rrega dels informes de centre i dels informes dels alumnes que s&#8217;han de lliurar a les fam\u00edlies\u00a0<\/span><\/li>\n<li><span style=\"font-size: medium;\"><b><span style=\"color: #b45f06;\">entre el\u00a09 i el 13 d&#8217;abril<\/span><\/b><span style=\"color: #b45f06;\">:<\/span>\u00a0els centres podran revisar les proves corregides manualment a la seu de la comissi\u00f3 (Servei Educatiu de Badia) i fer la tramitaci\u00f3 de\u00a0reclamacions<\/span><\/li>\n<li><span style=\"font-size: medium;\"><b><span style=\"color: #b45f06;\">16-20 d&#8217;abril:<\/span><\/b>\u00a0recollida de les proves corregides manualment al Servei Educatiu\u00a0<\/span>\u00a0de Cerdanyola (els centres de Cerdanyola)<\/li>\n<li><b><span style=\"color: #b45f06;\">17 de setembre:<\/span><\/b>\u00a0desc\u00e0rrega d&#8217;informes de centre per \u00edtems<\/li>\n<\/ul>\n<\/div>\n<ul>\n<li><span style=\"font-size: large;\">Acc\u00e9s a l&#8217;aplicaci\u00f3 inform\u00e0tica centres:<\/span><span style=\"font-size: large;\">\u00a0<\/span><span style=\"font-size: medium;\"><span style=\"color: #0000ff;\">Portal de\u00a0<a href=\"http:\/\/educacio.gencat.cat\/portal\/page\/portal\/EducacioIntranet\/Inici\/PortalCentres\/pcGestioAcademica\/Detall?p_proc=70621\" target=\"_blank\" rel=\"nofollow noopener noreferrer\">centres p\u00fablics<\/a><\/span>\u00a0\/\u00a0<\/span><span style=\"color: #0000ff;\"><a href=\"http:\/\/educacio.gencat.cat\/portal\/page\/portal\/Educacio\/PCentrePrivat\/PCPInici\/PCPGestioAcademica\/PCPProvaAvaluacioESO\" target=\"_blank\" rel=\"nofollow noopener noreferrer\">centres concertats i privats<br \/>\n<\/a><\/span>Una vegada dins del portal corresponent heu d&#8217;accedir a la p\u00e0gina sobre la &#8220;Prova\u00a0d&#8217;avaluaci\u00f3 de quart d&#8217;ESO&#8221; on trobareu informaci\u00f3 de la prova, el calendari i un enlla\u00e7 amb l&#8217;acc\u00e9s a l&#8217;aplicaci\u00f3 inform\u00e0tica.\u00a0\u00a0<b>Per entrar-hi cal introduir l&#8217;usuari i la contrasenya de centre xtec (a80&#8230;.. ). \u00a0<\/b>Tamb\u00e9 podeu entrar des d&#8217;aquest<b>\u00a0<a href=\"https:\/\/aplicacions.gestioeducativa.gencat.cat\/pls\/apex\/f?p=2011003\" target=\"_blank\" rel=\"nofollow noopener noreferrer\">enlla\u00e7<\/a>.<\/b><\/li>\n<\/ul>\n<div>\n<div>\n<ul>\n<li><span style=\"font-size: large;\">Novetat: \u00e0udios de llengua estrangera<br \/>\n<\/span>Aquest any no hi haur\u00e0 CD amb els \u00e0udios de llengua estrangera. S&#8217;hauran de\u00a0<b>descarregar en format mp3<\/b>\u00a0de l&#8217;aplicaci\u00f3 inform\u00e0tica de centres el mateix dia 7 de febrer. Tamb\u00e9 es podran descarregar des de la secci\u00f3 de &#8220;Documents generals 2018&#8221;, al final d&#8217;aquesta mateixa p\u00e0gina.<\/li>\n<\/ul>\n<\/div>\n<\/div>\n<div>\n<div>\n<ul>\n<li><span style=\"font-family: verdana, sans-serif; font-size: large;\">Novetats de la prova de compet\u00e8ncia ling\u00fc\u00edstica.<br \/>\n<\/span>Enguany, la prova de compet\u00e8ncia ling\u00fc\u00edstica presenta dues novetats.<br \/>\nEn primer lloc, es compon de<b>\u00a0tres textos<\/b>\u00a0(enfront dels dos de les edicions anteriors). Aquest canvi de les lectures afecta la distribuci\u00f3 de les preguntes.<br \/>\nS\u2019introdueixen\u00a0<b>preguntes obertes<\/b>. Es donen instruccions precises per tal de garantir que la seva correcci\u00f3 segueixi criteris objectius.<br \/>\nLa redacci\u00f3, que serveix per avaluar l\u2019expressi\u00f3 escrita, es mant\u00e9 com en les edicions anteriors.<br \/>\nEl Consell Superior d\u2019Avaluaci\u00f3 del Sistema Educatiu\u00a0<a href=\"http:\/\/csda.gencat.cat\/ca\/arees_d_actuacio\/avaluacions-consell\/avaluacio-quart-eso\/2018\/novetats\/\" target=\"_blank\" rel=\"nofollow noopener noreferrer\"><b>ofereix dues proves pilot de compet\u00e8ncia ling\u00fc\u00edstica<\/b><\/a>\u00a0(una de llengua catalana i una altra de llengua castellana) per difondre aquestes novetats i procurar que l\u2019alumnat conegui el nou model.<\/li>\n<\/ul>\n<\/div>\n<\/div>\n<div>\n<ul>\n<li><span style=\"font-size: large;\">Sistema de resposta:<br \/>\n<\/span>Com en anys anteriors, cada quadern t\u00e9 el seu corresponent full de respostes.\u00a0<span style=\"font-size: medium;\"><span style=\"font-size: medium;\">Per facilitar que l&#8217;alumnat es familiaritzi amb el sistema de resposta es poden utilitzar les proves del curs passat. Les podeu\u00a0<a href=\"http:\/\/csda.gencat.cat\/ca\/arees_d_actuacio\/avaluacions-consell\/avaluacio-quart-eso\/2016\/quaderns-de-proves\/\" target=\"_blank\" rel=\"nofollow noopener noreferrer\"><span style=\"color: #0000ff;\"><b>consultar aqu\u00ed<\/b><\/span><\/a>.<\/span><\/span><\/p>\n<ul>\n<li style=\"list-style-type: none;\">\n<ul>Documents d&#8217;inter\u00e8s per als centres\u00a0educatius, els aplicadors\/es i els correctors\/es:<\/ul>\n<\/li>\n<\/ul>\n<\/li>\n<li style=\"list-style-type: none; text-align: center;\"><strong>\u00a0 \u00a0<a href=\"https:\/\/drive.google.com\/drive\/u\/0\/folders\/173-RpwvnUsAscqCRCyFTU4u17oVo050J\" target=\"_blank\" rel=\"noopener noreferrer\">RESOLUCI\u00d3<\/a><\/strong><\/li>\n<li style=\"list-style-type: none; text-align: center;\"><strong>\u00a0 \u00a0<a href=\"https:\/\/drive.google.com\/drive\/u\/0\/folders\/173-RpwvnUsAscqCRCyFTU4u17oVo050J\" target=\"_blank\" rel=\"noopener noreferrer\">GUIA D&#8217;APLICACI\u00d3<\/a><\/strong><\/li>\n<li style=\"list-style-type: none; text-align: center;\">\u00a0 \u00a0<a href=\"https:\/\/drive.google.com\/drive\/u\/0\/folders\/173-RpwvnUsAscqCRCyFTU4u17oVo050J\" target=\"_blank\" rel=\"noopener noreferrer\"><strong>MANUAL DE L&#8217;APLICACI\u00d3 INFORM\u00c0TICA<\/strong><\/a><\/li>\n<li style=\"list-style-type: none; text-align: center;\">\u00a0 \u00a0<a href=\"https:\/\/drive.google.com\/drive\/u\/0\/folders\/173-RpwvnUsAscqCRCyFTU4u17oVo050J\" target=\"_blank\" rel=\"noopener noreferrer\"><strong>INSTRUCCI\u00d3 COMPLEMENT\u00c0RIA 2<\/strong><\/a><\/li>\n<li style=\"list-style-type: none; text-align: center;\">\u00a0<a href=\"https:\/\/drive.google.com\/drive\/u\/0\/folders\/173-RpwvnUsAscqCRCyFTU4u17oVo050J\" target=\"_blank\" rel=\"noopener noreferrer\"><strong> \u00a0INSTRUCCI\u00d3 COMPLEMENT\u00c0RIA 3<\/strong><\/a><\/li>\n<\/ul>\n<p>&nbsp;<\/p>\n<\/div>\n<p>&nbsp;<\/p>\n","protected":false},"excerpt":{"rendered":"<p>Els propers 6 i 7 de febrer es realitzaran les proves de compet\u00e8ncies b\u00e0siques a l&#8217;alumnat de 4t. ESO de tots els instituts de Catalunya.<\/p>\n<p>Aqu\u00ed trobareu tota la informaci\u00f3.<\/p>\n","protected":false},"author":1,"featured_media":10207,"comment_status":"open","ping_status":"closed","sticky":false,"template":"","format":"standard","meta":{"_bbp_topic_count":0,"_bbp_reply_count":0,"_bbp_total_topic_count":0,"_bbp_total_reply_count":0,"_bbp_voice_count":0,"_bbp_anonymous_reply_count":0,"_bbp_topic_count_hidden":0,"_bbp_reply_count_hidden":0,"_bbp_forum_subforum_count":0,"site-sidebar-layout":"default","site-content-layout":"","ast-site-content-layout":"","site-content-style":"default","site-sidebar-style":"default","ast-global-header-display":"","ast-banner-title-visibility":"","ast-main-header-display":"","ast-hfb-above-header-display":"","ast-hfb-below-header-display":"","ast-hfb-mobile-header-display":"","site-post-title":"","ast-breadcrumbs-content":"","ast-featured-img":"","footer-sml-layout":"","theme-transparent-header-meta":"","adv-header-id-meta":"","stick-header-meta":"","header-above-stick-meta":"","header-main-stick-meta":"","header-below-stick-meta":"","astra-migrate-meta-layouts":"default","ast-page-background-enabled":"default","ast-page-background-meta":{"desktop":{"background-color":"var(--ast-global-color-4)","background-image":"","background-repeat":"repeat","background-position":"center center","background-size":"auto","background-attachment":"scroll","background-type":"","background-media":"","overlay-type":"","overlay-color":"","overlay-opacity":"","overlay-gradient":""},"tablet":{"background-color":"","background-image":"","background-repeat":"repeat","background-position":"center center","background-size":"auto","background-attachment":"scroll","background-type":"","background-media":"","overlay-type":"","overlay-color":"","overlay-opacity":"","overlay-gradient":""},"mobile":{"background-color":"","background-image":"","background-repeat":"repeat","background-position":"center center","background-size":"auto","background-attachment":"scroll","background-type":"","background-media":"","overlay-type":"","overlay-color":"","overlay-opacity":"","overlay-gradient":""}},"ast-content-background-meta":{"desktop":{"background-color":"var(--ast-global-color-5)","background-image":"","background-repeat":"repeat","background-position":"center center","background-size":"auto","background-attachment":"scroll","background-type":"","background-media":"","overlay-type":"","overlay-color":"","overlay-opacity":"","overlay-gradient":""},"tablet":{"background-color":"var(--ast-global-color-5)","background-image":"","background-repeat":"repeat","background-position":"center center","background-size":"auto","background-attachment":"scroll","background-type":"","background-media":"","overlay-type":"","overlay-color":"","overlay-opacity":"","overlay-gradient":""},"mobile":{"background-color":"var(--ast-global-color-5)","background-image":"","background-repeat":"repeat","background-position":"center center","background-size":"auto","background-attachment":"scroll","background-type":"","background-media":"","overlay-type":"","overlay-color":"","overlay-opacity":"","overlay-gradient":""}},"footnotes":""},"categories":[1,29],"tags":[],"class_list":["post-10116","post","type-post","status-publish","format-standard","has-post-thumbnail","hentry","category-general","category-portada"],"post_mailing_queue_ids":[],"_links":{"self":[{"href":"https:\/\/serveiseducatius.xtec.cat\/vallesoccidental5\/wp-json\/wp\/v2\/posts\/10116","targetHints":{"allow":["GET"]}}],"collection":[{"href":"https:\/\/serveiseducatius.xtec.cat\/vallesoccidental5\/wp-json\/wp\/v2\/posts"}],"about":[{"href":"https:\/\/serveiseducatius.xtec.cat\/vallesoccidental5\/wp-json\/wp\/v2\/types\/post"}],"author":[{"embeddable":true,"href":"https:\/\/serveiseducatius.xtec.cat\/vallesoccidental5\/wp-json\/wp\/v2\/users\/1"}],"replies":[{"embeddable":true,"href":"https:\/\/serveiseducatius.xtec.cat\/vallesoccidental5\/wp-json\/wp\/v2\/comments?post=10116"}],"version-history":[{"count":3,"href":"https:\/\/serveiseducatius.xtec.cat\/vallesoccidental5\/wp-json\/wp\/v2\/posts\/10116\/revisions"}],"predecessor-version":[{"id":10612,"href":"https:\/\/serveiseducatius.xtec.cat\/vallesoccidental5\/wp-json\/wp\/v2\/posts\/10116\/revisions\/10612"}],"wp:featuredmedia":[{"embeddable":true,"href":"https:\/\/serveiseducatius.xtec.cat\/vallesoccidental5\/wp-json\/wp\/v2\/media\/10207"}],"wp:attachment":[{"href":"https:\/\/serveiseducatius.xtec.cat\/vallesoccidental5\/wp-json\/wp\/v2\/media?parent=10116"}],"wp:term":[{"taxonomy":"category","embeddable":true,"href":"https:\/\/serveiseducatius.xtec.cat\/vallesoccidental5\/wp-json\/wp\/v2\/categories?post=10116"},{"taxonomy":"post_tag","embeddable":true,"href":"https:\/\/serveiseducatius.xtec.cat\/vallesoccidental5\/wp-json\/wp\/v2\/tags?post=10116"}],"curies":[{"name":"wp","href":"https:\/\/api.w.org\/{rel}","templated":true}]}}