{"id":10043,"date":"2017-11-23T20:30:51","date_gmt":"2017-11-23T19:30:51","guid":{"rendered":"http:\/\/serveiseducatius.xtec.cat\/vallesoccidental5\/?p=10043"},"modified":"2018-01-24T23:57:14","modified_gmt":"2018-01-24T22:57:14","slug":"la-ciencia-en-primera-persona-espais-blaus-mes-enlla-del-popular-sol-i-platja","status":"publish","type":"post","link":"https:\/\/serveiseducatius.xtec.cat\/vallesoccidental5\/general\/la-ciencia-en-primera-persona-espais-blaus-mes-enlla-del-popular-sol-i-platja\/","title":{"rendered":"La ci\u00e8ncia en primera persona: Espais blaus: m\u00e9s enll\u00e0 del popular &#8220;sol i platja&#8221;"},"content":{"rendered":"<p>El Departament d&#8217;Ensenyament, conjuntament amb la Fundaci\u00f3 Catalana per a la Recerca i la Innovaci\u00f3, dins de la\u00a0<a href=\"http:\/\/www.fundaciorecerca.cat\/setmanaciencia\/frontend\/home.asp\">Setmana de la Ci\u00e8ncia 2017<\/a>\u00a0que se celebra del 10 al 19 de novembre de 2017, promou el <strong>Dia de la ci\u00e8ncia a les escoles<\/strong> amb l&#8217;objectiu fonamental de despertar i potenciar l&#8217;inter\u00e8s del jovent vers la ci\u00e8ncia i la tecnologia. Per facilitar la participaci\u00f3 dels centres en aquesta setmana s&#8217;organitzen diverses activitats, entre elles les dues confer\u00e8ncies col\u00b7loqui dels instituts Jaume Mim\u00f3 i Forat del Vent de Cerdanyola.<a href=\"https:\/\/drive.google.com\/file\/d\/1cmzxvQuJaPO_o_KkiC3eKXxcqdrWeiFi\/view?usp=sharing\" target=\"_blank\" rel=\"noopener noreferrer\"><img loading=\"lazy\" decoding=\"async\" class=\"alignright wp-image-10044 size-full\" src=\"http:\/\/serveiseducatius.xtec.cat\/vallesoccidental5\/wp-content\/uploads\/usu1111\/2018\/01\/dia-ciencia-general.png\" alt=\"\" width=\"470\" height=\"353\" srcset=\"https:\/\/serveiseducatius.xtec.cat\/vallesoccidental5\/wp-content\/uploads\/usu1111\/2018\/01\/dia-ciencia-general.png 470w, https:\/\/serveiseducatius.xtec.cat\/vallesoccidental5\/wp-content\/uploads\/usu1111\/2018\/01\/dia-ciencia-general-300x225.png 300w, https:\/\/serveiseducatius.xtec.cat\/vallesoccidental5\/wp-content\/uploads\/usu1111\/2018\/01\/dia-ciencia-general-200x150.png 200w\" sizes=\"auto, (max-width: 470px) 100vw, 470px\" \/><\/a><\/p>\n<p>El fil conductor de l\u2019edici\u00f3 d\u2019enguany \u00e9s el turisme sostenible, amb motiu de la celebraci\u00f3 de l\u2019Any Internacional del Turisme Sostenible per al Desenvolupament, promogut per Nacions Unides, que aspira a sensibilitzar els responsables de prendre decisions i el p\u00fablic en general de la contribuci\u00f3 del turisme sostenible al desenvolupament.<\/p>\n<p>La confer\u00e8ncia <a href=\"https:\/\/drive.google.com\/file\/d\/1cmzxvQuJaPO_o_KkiC3eKXxcqdrWeiFi\/view?usp=sharing\" target=\"_blank\" rel=\"noopener noreferrer\"><strong>&#8220;ESPAIS BLAUS: M\u00c9S ENLL\u00c0 DEL POPULAR &#8220;SOL I PLATJA&#8221;<\/strong><\/a>, destinada a alumnat de Batxillerat dels centres\u00a0Ins. Menendez y Pelayo\u00a0i\u00a0Ins. Montserrat\u00a0,\u00a0<strong>s\u2019ha em\u00e8s<\/strong>\u00a0en directe per streaming per a tots els centres docents de Catalunya el <strong>Dia de la Ci\u00e8ncia<\/strong> d&#8217;enguany,\u00a0<strong>15 de novembre a les 11:30 h<\/strong>. a la seu central del Departament d&#8217;Ensenyament per la cient\u00edfica<strong> Cristina Vert<\/strong> (Llicenciada en Ci\u00e8ncies Ambientals, M\u00e0ster en Salut P\u00fablica i investigadora predoctoral en ci\u00e8ncies biom\u00e8diques a l&#8217;ISGlobal (Institut de Salut Global de Barcelona) on est\u00e0 investigant els efectes de l&#8217;exposici\u00f3 a espais blaus (rius, llacs, mar, etc.) en la promoci\u00f3 de la salut i la millora del benestar de la poblaci\u00f3.<\/p>\n<p>&nbsp;<\/p>\n","protected":false},"excerpt":{"rendered":"<p>El Departament d&#8217;Ensenyament, conjuntament amb la Fundaci\u00f3 Catalana per a la Recerca i la Innovaci\u00f3, dins de la\u00a0Setmana de la Ci\u00e8ncia 2017\u00a0que se celebra del 10 al 19 de novembre de 2017, promou el Dia de la ci\u00e8ncia a les escoles amb l&#8217;objectiu fonamental de despertar i potenciar l&#8217;inter\u00e8s del jovent vers la ci\u00e8ncia i [&hellip;]<\/p>\n","protected":false},"author":1,"featured_media":10044,"comment_status":"open","ping_status":"closed","sticky":false,"template":"","format":"standard","meta":{"_bbp_topic_count":0,"_bbp_reply_count":0,"_bbp_total_topic_count":0,"_bbp_total_reply_count":0,"_bbp_voice_count":0,"_bbp_anonymous_reply_count":0,"_bbp_topic_count_hidden":0,"_bbp_reply_count_hidden":0,"_bbp_forum_subforum_count":0,"site-sidebar-layout":"default","site-content-layout":"","ast-site-content-layout":"","site-content-style":"default","site-sidebar-style":"default","ast-global-header-display":"","ast-banner-title-visibility":"","ast-main-header-display":"","ast-hfb-above-header-display":"","ast-hfb-below-header-display":"","ast-hfb-mobile-header-display":"","site-post-title":"","ast-breadcrumbs-content":"","ast-featured-img":"","footer-sml-layout":"","theme-transparent-header-meta":"","adv-header-id-meta":"","stick-header-meta":"","header-above-stick-meta":"","header-main-stick-meta":"","header-below-stick-meta":"","astra-migrate-meta-layouts":"default","ast-page-background-enabled":"default","ast-page-background-meta":{"desktop":{"background-color":"var(--ast-global-color-4)","background-image":"","background-repeat":"repeat","background-position":"center center","background-size":"auto","background-attachment":"scroll","background-type":"","background-media":"","overlay-type":"","overlay-color":"","overlay-opacity":"","overlay-gradient":""},"tablet":{"background-color":"","background-image":"","background-repeat":"repeat","background-position":"center center","background-size":"auto","background-attachment":"scroll","background-type":"","background-media":"","overlay-type":"","overlay-color":"","overlay-opacity":"","overlay-gradient":""},"mobile":{"background-color":"","background-image":"","background-repeat":"repeat","background-position":"center center","background-size":"auto","background-attachment":"scroll","background-type":"","background-media":"","overlay-type":"","overlay-color":"","overlay-opacity":"","overlay-gradient":""}},"ast-content-background-meta":{"desktop":{"background-color":"var(--ast-global-color-5)","background-image":"","background-repeat":"repeat","background-position":"center center","background-size":"auto","background-attachment":"scroll","background-type":"","background-media":"","overlay-type":"","overlay-color":"","overlay-opacity":"","overlay-gradient":""},"tablet":{"background-color":"var(--ast-global-color-5)","background-image":"","background-repeat":"repeat","background-position":"center center","background-size":"auto","background-attachment":"scroll","background-type":"","background-media":"","overlay-type":"","overlay-color":"","overlay-opacity":"","overlay-gradient":""},"mobile":{"background-color":"var(--ast-global-color-5)","background-image":"","background-repeat":"repeat","background-position":"center center","background-size":"auto","background-attachment":"scroll","background-type":"","background-media":"","overlay-type":"","overlay-color":"","overlay-opacity":"","overlay-gradient":""}},"footnotes":""},"categories":[497,575,1,29],"tags":[434,654],"class_list":["post-10043","post","type-post","status-publish","format-standard","has-post-thumbnail","hentry","category-ciencies","category-dia-de-la-ciencia","category-general","category-portada","tag-dia-de-la-ciencia","tag-sostenibilitat"],"post_mailing_queue_ids":[],"_links":{"self":[{"href":"https:\/\/serveiseducatius.xtec.cat\/vallesoccidental5\/wp-json\/wp\/v2\/posts\/10043","targetHints":{"allow":["GET"]}}],"collection":[{"href":"https:\/\/serveiseducatius.xtec.cat\/vallesoccidental5\/wp-json\/wp\/v2\/posts"}],"about":[{"href":"https:\/\/serveiseducatius.xtec.cat\/vallesoccidental5\/wp-json\/wp\/v2\/types\/post"}],"author":[{"embeddable":true,"href":"https:\/\/serveiseducatius.xtec.cat\/vallesoccidental5\/wp-json\/wp\/v2\/users\/1"}],"replies":[{"embeddable":true,"href":"https:\/\/serveiseducatius.xtec.cat\/vallesoccidental5\/wp-json\/wp\/v2\/comments?post=10043"}],"version-history":[{"count":2,"href":"https:\/\/serveiseducatius.xtec.cat\/vallesoccidental5\/wp-json\/wp\/v2\/posts\/10043\/revisions"}],"predecessor-version":[{"id":10047,"href":"https:\/\/serveiseducatius.xtec.cat\/vallesoccidental5\/wp-json\/wp\/v2\/posts\/10043\/revisions\/10047"}],"wp:featuredmedia":[{"embeddable":true,"href":"https:\/\/serveiseducatius.xtec.cat\/vallesoccidental5\/wp-json\/wp\/v2\/media\/10044"}],"wp:attachment":[{"href":"https:\/\/serveiseducatius.xtec.cat\/vallesoccidental5\/wp-json\/wp\/v2\/media?parent=10043"}],"wp:term":[{"taxonomy":"category","embeddable":true,"href":"https:\/\/serveiseducatius.xtec.cat\/vallesoccidental5\/wp-json\/wp\/v2\/categories?post=10043"},{"taxonomy":"post_tag","embeddable":true,"href":"https:\/\/serveiseducatius.xtec.cat\/vallesoccidental5\/wp-json\/wp\/v2\/tags?post=10043"}],"curies":[{"name":"wp","href":"https:\/\/api.w.org\/{rel}","templated":true}]}}