{"id":8321,"date":"2017-03-20T11:57:25","date_gmt":"2017-03-20T10:57:25","guid":{"rendered":"http:\/\/serveiseducatius.xtec.cat\/vallesoccidental4\/?p=8321"},"modified":"2019-05-20T11:09:51","modified_gmt":"2019-05-20T09:09:51","slug":"nanokit-2-0","status":"publish","type":"post","link":"https:\/\/serveiseducatius.xtec.cat\/vallesoccidental4\/portada\/nanokit-2-0\/","title":{"rendered":"Nanokit 2.0"},"content":{"rendered":"<p><a href=\"http:\/\/nanoeduca.cat\/ca\/inici\/\"><img loading=\"lazy\" decoding=\"async\" class=\"alignnone wp-image-8324\" src=\"http:\/\/serveiseducatius.xtec.cat\/vallesoccidental4\/wp-content\/uploads\/usu1114\/2017\/03\/nanokit-1.jpg\" alt=\"nanokit\" width=\"421\" height=\"240\" srcset=\"https:\/\/serveiseducatius.xtec.cat\/vallesoccidental4\/wp-content\/uploads\/usu1114\/2017\/03\/nanokit-1.jpg 995w, https:\/\/serveiseducatius.xtec.cat\/vallesoccidental4\/wp-content\/uploads\/usu1114\/2017\/03\/nanokit-1-300x171.jpg 300w, https:\/\/serveiseducatius.xtec.cat\/vallesoccidental4\/wp-content\/uploads\/usu1114\/2017\/03\/nanokit-1-768x438.jpg 768w\" sizes=\"auto, (max-width: 421px) 100vw, 421px\" \/><\/a><\/p>\n<p>Descobriu a l&#8217;aula la nanoci\u00e8ncia i la nanotecnologia amb aquest <a href=\"https:\/\/drive.google.com\/open?id=0B0HD4W_WhpjweGdVUnA1LWM4SGc\">kit<\/a> dissenyat per vincular conceptes i aplicacions nano amb diferents \u00e0mbits curriculars. Adre\u00e7at a de 3r i 4t d&#8217;ESO i batxillerat.<!--more--><\/p>\n<p>L&#8217;experi\u00e8ncia combina una metodologia experimental, per a qu\u00e8 els alumnes provin en primera persona, i una plataforma en l\u00ednia, per a qu\u00e8 aprofundeixin i descobreixin investigacions d&#8217;actualitat relacionades.<\/p>\n<p>Per demanar el kit adreceu-vos al CRP (93 589 85 34) i us el reservarem!<\/p>\n<p>En aquest enlla\u00e7 del <a href=\"https:\/\/agora.xtec.cat\/cesire\/categoria\/projectes\/nano\/\">CESIRE<\/a>, trobareu tota la informaci\u00f3 i el contingut del kit de Nanoci\u00e8ncia.<\/p>\n","protected":false},"excerpt":{"rendered":"<p>Descobriu a l&#8217;aula la nanoci\u00e8ncia i la nanotecnologia amb aquest kit dissenyat per vincular conceptes i aplicacions nano amb diferents \u00e0mbits curriculars. Adre\u00e7at a de 3r i 4t d&#8217;ESO i batxillerat.<\/p>\n","protected":false},"author":1,"featured_media":8324,"comment_status":"open","ping_status":"closed","sticky":false,"template":"","format":"standard","meta":{"_bbp_topic_count":0,"_bbp_reply_count":0,"_bbp_total_topic_count":0,"_bbp_total_reply_count":0,"_bbp_voice_count":0,"_bbp_anonymous_reply_count":0,"_bbp_topic_count_hidden":0,"_bbp_reply_count_hidden":0,"_bbp_forum_subforum_count":0,"site-sidebar-layout":"default","site-content-layout":"","ast-site-content-layout":"","site-content-style":"default","site-sidebar-style":"default","ast-global-header-display":"","ast-banner-title-visibility":"","ast-main-header-display":"","ast-hfb-above-header-display":"","ast-hfb-below-header-display":"","ast-hfb-mobile-header-display":"","site-post-title":"","ast-breadcrumbs-content":"","ast-featured-img":"","footer-sml-layout":"","theme-transparent-header-meta":"","adv-header-id-meta":"","stick-header-meta":"","header-above-stick-meta":"","header-main-stick-meta":"","header-below-stick-meta":"","astra-migrate-meta-layouts":"default","ast-page-background-enabled":"default","ast-page-background-meta":{"desktop":{"background-color":"var(--ast-global-color-4)","background-image":"","background-repeat":"repeat","background-position":"center center","background-size":"auto","background-attachment":"scroll","background-type":"","background-media":"","overlay-type":"","overlay-color":"","overlay-opacity":"","overlay-gradient":""},"tablet":{"background-color":"","background-image":"","background-repeat":"repeat","background-position":"center center","background-size":"auto","background-attachment":"scroll","background-type":"","background-media":"","overlay-type":"","overlay-color":"","overlay-opacity":"","overlay-gradient":""},"mobile":{"background-color":"","background-image":"","background-repeat":"repeat","background-position":"center center","background-size":"auto","background-attachment":"scroll","background-type":"","background-media":"","overlay-type":"","overlay-color":"","overlay-opacity":"","overlay-gradient":""}},"ast-content-background-meta":{"desktop":{"background-color":"var(--ast-global-color-5)","background-image":"","background-repeat":"repeat","background-position":"center center","background-size":"auto","background-attachment":"scroll","background-type":"","background-media":"","overlay-type":"","overlay-color":"","overlay-opacity":"","overlay-gradient":""},"tablet":{"background-color":"var(--ast-global-color-5)","background-image":"","background-repeat":"repeat","background-position":"center center","background-size":"auto","background-attachment":"scroll","background-type":"","background-media":"","overlay-type":"","overlay-color":"","overlay-opacity":"","overlay-gradient":""},"mobile":{"background-color":"var(--ast-global-color-5)","background-image":"","background-repeat":"repeat","background-position":"center center","background-size":"auto","background-attachment":"scroll","background-type":"","background-media":"","overlay-type":"","overlay-color":"","overlay-opacity":"","overlay-gradient":""}},"footnotes":""},"categories":[80,65,29],"tags":[],"class_list":["post-8321","post","type-post","status-publish","format-standard","has-post-thumbnail","hentry","category-aparells","category-crp","category-portada"],"post_mailing_queue_ids":[],"_links":{"self":[{"href":"https:\/\/serveiseducatius.xtec.cat\/vallesoccidental4\/wp-json\/wp\/v2\/posts\/8321","targetHints":{"allow":["GET"]}}],"collection":[{"href":"https:\/\/serveiseducatius.xtec.cat\/vallesoccidental4\/wp-json\/wp\/v2\/posts"}],"about":[{"href":"https:\/\/serveiseducatius.xtec.cat\/vallesoccidental4\/wp-json\/wp\/v2\/types\/post"}],"author":[{"embeddable":true,"href":"https:\/\/serveiseducatius.xtec.cat\/vallesoccidental4\/wp-json\/wp\/v2\/users\/1"}],"replies":[{"embeddable":true,"href":"https:\/\/serveiseducatius.xtec.cat\/vallesoccidental4\/wp-json\/wp\/v2\/comments?post=8321"}],"version-history":[{"count":4,"href":"https:\/\/serveiseducatius.xtec.cat\/vallesoccidental4\/wp-json\/wp\/v2\/posts\/8321\/revisions"}],"predecessor-version":[{"id":8330,"href":"https:\/\/serveiseducatius.xtec.cat\/vallesoccidental4\/wp-json\/wp\/v2\/posts\/8321\/revisions\/8330"}],"wp:featuredmedia":[{"embeddable":true,"href":"https:\/\/serveiseducatius.xtec.cat\/vallesoccidental4\/wp-json\/wp\/v2\/media\/8324"}],"wp:attachment":[{"href":"https:\/\/serveiseducatius.xtec.cat\/vallesoccidental4\/wp-json\/wp\/v2\/media?parent=8321"}],"wp:term":[{"taxonomy":"category","embeddable":true,"href":"https:\/\/serveiseducatius.xtec.cat\/vallesoccidental4\/wp-json\/wp\/v2\/categories?post=8321"},{"taxonomy":"post_tag","embeddable":true,"href":"https:\/\/serveiseducatius.xtec.cat\/vallesoccidental4\/wp-json\/wp\/v2\/tags?post=8321"}],"curies":[{"name":"wp","href":"https:\/\/api.w.org\/{rel}","templated":true}]}}