{"id":10531,"date":"2026-04-17T10:01:46","date_gmt":"2026-04-17T08:01:46","guid":{"rendered":"https:\/\/serveiseducatius.xtec.cat\/vallesoccidental4\/?p=10531"},"modified":"2026-04-17T10:01:46","modified_gmt":"2026-04-17T08:01:46","slug":"lalianca-magnet-entre-lescola-joan-maragall-i-el-creaf-continua-donant-fruits","status":"publish","type":"post","link":"https:\/\/serveiseducatius.xtec.cat\/vallesoccidental4\/general\/lalianca-magnet-entre-lescola-joan-maragall-i-el-creaf-continua-donant-fruits\/","title":{"rendered":"L&#8217;Alian\u00e7a Magnet entre l&#8217;escola Joan Maragall i el CREAF continua donant fruits."},"content":{"rendered":"<p>L&#8217;alian\u00e7a de l&#8217;Escola Joan Maragall (Sant Cugat del Vall\u00e8s) amb el Centre de Recerca Ecol\u00f2gica i Aplicacions Forestals (CREAF) porta la ci\u00e8ncia a les aules a trav\u00e9s de l\u2019observaci\u00f3 del medi des del punt de vista cient\u00edfic, i transmet valors tan importants com la sostenibilitat i la cura del medi ambient.<\/p>\n<p>El v\u00eddeo recull l&#8217;experi\u00e8ncia de la XI Setmana de la Ci\u00e8ncia; un projecte consolidat l&#8217;escola que, amb la participaci\u00f3 dels equips del CREAF, ha fet un pas m\u00e9s en l\u2019aprofundiment i la coher\u00e8ncia de les propostes, connectant-les amb els projectes previs i posteriors del centre.<\/p>\n<div class=\"ast-oembed-container \" style=\"height: 100%;\"><iframe loading=\"lazy\" title=\"Alian\u00e7a Magnet: Escola Joan Maragall i CREAF \ud83c\udf31\" width=\"500\" height=\"281\" src=\"https:\/\/www.youtube.com\/embed\/4lgrBi9sxKI?start=3&#038;feature=oembed\" frameborder=\"0\" allow=\"accelerometer; autoplay; clipboard-write; encrypted-media; gyroscope; picture-in-picture; web-share\" referrerpolicy=\"strict-origin-when-cross-origin\" allowfullscreen><\/iframe><\/div>\n","protected":false},"excerpt":{"rendered":"<p>L&#8217;alian\u00e7a de l&#8217;Escola Joan Maragall (Sant Cugat del Vall\u00e8s) amb el Centre de Recerca Ecol\u00f2gica i Aplicacions Forestals (CREAF) porta la ci\u00e8ncia a les aules a trav\u00e9s de l\u2019observaci\u00f3 del medi des del punt de vista cient\u00edfic, i transmet valors tan importants com la sostenibilitat i la cura del medi ambient. El v\u00eddeo recull l&#8217;experi\u00e8ncia [&hellip;]<\/p>\n","protected":false},"author":1,"featured_media":10532,"comment_status":"open","ping_status":"open","sticky":false,"template":"","format":"standard","meta":{"_bbp_topic_count":0,"_bbp_reply_count":0,"_bbp_total_topic_count":0,"_bbp_total_reply_count":0,"_bbp_voice_count":0,"_bbp_anonymous_reply_count":0,"_bbp_topic_count_hidden":0,"_bbp_reply_count_hidden":0,"_bbp_forum_subforum_count":0,"site-sidebar-layout":"default","site-content-layout":"","ast-site-content-layout":"default","site-content-style":"default","site-sidebar-style":"default","ast-global-header-display":"","ast-banner-title-visibility":"","ast-main-header-display":"","ast-hfb-above-header-display":"","ast-hfb-below-header-display":"","ast-hfb-mobile-header-display":"","site-post-title":"","ast-breadcrumbs-content":"","ast-featured-img":"","footer-sml-layout":"","theme-transparent-header-meta":"default","adv-header-id-meta":"","stick-header-meta":"","header-above-stick-meta":"","header-main-stick-meta":"","header-below-stick-meta":"","astra-migrate-meta-layouts":"set","ast-page-background-enabled":"default","ast-page-background-meta":{"desktop":{"background-color":"var(--ast-global-color-4)","background-image":"","background-repeat":"repeat","background-position":"center center","background-size":"auto","background-attachment":"scroll","background-type":"","background-media":"","overlay-type":"","overlay-color":"","overlay-opacity":"","overlay-gradient":""},"tablet":{"background-color":"","background-image":"","background-repeat":"repeat","background-position":"center center","background-size":"auto","background-attachment":"scroll","background-type":"","background-media":"","overlay-type":"","overlay-color":"","overlay-opacity":"","overlay-gradient":""},"mobile":{"background-color":"","background-image":"","background-repeat":"repeat","background-position":"center center","background-size":"auto","background-attachment":"scroll","background-type":"","background-media":"","overlay-type":"","overlay-color":"","overlay-opacity":"","overlay-gradient":""}},"ast-content-background-meta":{"desktop":{"background-color":"var(--ast-global-color-5)","background-image":"","background-repeat":"repeat","background-position":"center center","background-size":"auto","background-attachment":"scroll","background-type":"","background-media":"","overlay-type":"","overlay-color":"","overlay-opacity":"","overlay-gradient":""},"tablet":{"background-color":"var(--ast-global-color-5)","background-image":"","background-repeat":"repeat","background-position":"center center","background-size":"auto","background-attachment":"scroll","background-type":"","background-media":"","overlay-type":"","overlay-color":"","overlay-opacity":"","overlay-gradient":""},"mobile":{"background-color":"var(--ast-global-color-5)","background-image":"","background-repeat":"repeat","background-position":"center center","background-size":"auto","background-attachment":"scroll","background-type":"","background-media":"","overlay-type":"","overlay-color":"","overlay-opacity":"","overlay-gradient":""}},"footnotes":""},"categories":[232,65,251,1,29],"tags":[],"class_list":["post-10531","post","type-post","status-publish","format-standard","has-post-thumbnail","hentry","category-asc","category-crp","category-dinamica-educativa-sant-vicenc-dels-horts","category-general","category-portada"],"post_mailing_queue_ids":[],"_links":{"self":[{"href":"https:\/\/serveiseducatius.xtec.cat\/vallesoccidental4\/wp-json\/wp\/v2\/posts\/10531","targetHints":{"allow":["GET"]}}],"collection":[{"href":"https:\/\/serveiseducatius.xtec.cat\/vallesoccidental4\/wp-json\/wp\/v2\/posts"}],"about":[{"href":"https:\/\/serveiseducatius.xtec.cat\/vallesoccidental4\/wp-json\/wp\/v2\/types\/post"}],"author":[{"embeddable":true,"href":"https:\/\/serveiseducatius.xtec.cat\/vallesoccidental4\/wp-json\/wp\/v2\/users\/1"}],"replies":[{"embeddable":true,"href":"https:\/\/serveiseducatius.xtec.cat\/vallesoccidental4\/wp-json\/wp\/v2\/comments?post=10531"}],"version-history":[{"count":1,"href":"https:\/\/serveiseducatius.xtec.cat\/vallesoccidental4\/wp-json\/wp\/v2\/posts\/10531\/revisions"}],"predecessor-version":[{"id":10533,"href":"https:\/\/serveiseducatius.xtec.cat\/vallesoccidental4\/wp-json\/wp\/v2\/posts\/10531\/revisions\/10533"}],"wp:featuredmedia":[{"embeddable":true,"href":"https:\/\/serveiseducatius.xtec.cat\/vallesoccidental4\/wp-json\/wp\/v2\/media\/10532"}],"wp:attachment":[{"href":"https:\/\/serveiseducatius.xtec.cat\/vallesoccidental4\/wp-json\/wp\/v2\/media?parent=10531"}],"wp:term":[{"taxonomy":"category","embeddable":true,"href":"https:\/\/serveiseducatius.xtec.cat\/vallesoccidental4\/wp-json\/wp\/v2\/categories?post=10531"},{"taxonomy":"post_tag","embeddable":true,"href":"https:\/\/serveiseducatius.xtec.cat\/vallesoccidental4\/wp-json\/wp\/v2\/tags?post=10531"}],"curies":[{"name":"wp","href":"https:\/\/api.w.org\/{rel}","templated":true}]}}