{"id":10171,"date":"2023-11-14T16:07:02","date_gmt":"2023-11-14T15:07:02","guid":{"rendered":"https:\/\/serveiseducatius.xtec.cat\/vallesoccidental4\/?p=10171"},"modified":"2023-11-14T16:07:02","modified_gmt":"2023-11-14T15:07:02","slug":"xerrada-sobre-la-gestio-del-malestar-emocional","status":"publish","type":"post","link":"https:\/\/serveiseducatius.xtec.cat\/vallesoccidental4\/general\/xerrada-sobre-la-gestio-del-malestar-emocional\/","title":{"rendered":"Xerrada sobre la gesti\u00f3 del malestar emocional"},"content":{"rendered":"<p><span style=\"font-weight: 400;\">La formaci\u00f3 va dirigida a docents de secund\u00e0ria de totes les \u00e0rees, equips directius i referents de coeducaci\u00f3, benestar emocional i conviv\u00e8ncia i mediaci\u00f3.\u00a0<\/span><\/p>\n<p><span style=\"font-weight: 400;\">Aquest<\/span><b> dijous 16 de novembre a les 15:30h\u00a0 tindr\u00e0 lloc una xerrada sobre &#8220;La gesti\u00f3 del malestar emocional&#8221;<\/b><span style=\"font-weight: 400;\">. Ser\u00e0 una<\/span><b> xerrada oberta<\/b><span style=\"font-weight: 400;\"> a tots\/es els i les docents de secund\u00e0ria, professionals i recursos formatius del municipi.<\/span><\/p>\n<p><span style=\"font-weight: 400;\">La pon\u00e8ncia que ser\u00e0<\/span><b> a c\u00e0rrec d&#8217;Iria M\u00e9ndez Blanco<\/b><span style=\"font-weight: 400;\">, membre del grup Greta i coordinadora de CSMIJ Can Mates\/Rambla i Projectes Comunitaris, tindr\u00e0 lloc a la <\/span><b>Sala annexa del <\/b><a href=\"https:\/\/centresculturals.santcugat.cat\/18714\/descriptiu\/\"><b>Casal\u00a0 Torreblanca a Sant Cugat<\/b><\/a><b>\u00a0 (<\/b><span style=\"font-weight: 400;\">Avinguda del Pla del Vinyet, 81, Sant Cugat)<img loading=\"lazy\" decoding=\"async\" class=\"aligncenter size-full wp-image-10172\" src=\"https:\/\/serveiseducatius.xtec.cat\/vallesoccidental4\/wp-content\/uploads\/usu1114\/2023\/11\/Foto-Iria.jpg\" alt=\"\" width=\"690\" height=\"271\" srcset=\"https:\/\/serveiseducatius.xtec.cat\/vallesoccidental4\/wp-content\/uploads\/usu1114\/2023\/11\/Foto-Iria.jpg 690w, https:\/\/serveiseducatius.xtec.cat\/vallesoccidental4\/wp-content\/uploads\/usu1114\/2023\/11\/Foto-Iria-300x118.jpg 300w\" sizes=\"auto, (max-width: 690px) 100vw, 690px\" \/><\/span><span style=\"font-weight: 400;\">\u00a0<\/span><\/p>\n<p><span style=\"font-weight: 400;\">Esperem que la proposta sigui del vostre grat. Fins dijous!<\/span><\/p>\n","protected":false},"excerpt":{"rendered":"<p>La formaci\u00f3 va dirigida a docents de secund\u00e0ria de totes les \u00e0rees, equips directius i referents de coeducaci\u00f3, benestar emocional i conviv\u00e8ncia i mediaci\u00f3.\u00a0 Aquest dijous 16 de novembre a les 15:30h\u00a0 tindr\u00e0 lloc una xerrada sobre &#8220;La gesti\u00f3 del malestar emocional&#8221;. Ser\u00e0 una xerrada oberta a tots\/es els i les docents de secund\u00e0ria, professionals [&hellip;]<\/p>\n","protected":false},"author":1,"featured_media":10172,"comment_status":"open","ping_status":"closed","sticky":false,"template":"","format":"standard","meta":{"_bbp_topic_count":0,"_bbp_reply_count":0,"_bbp_total_topic_count":0,"_bbp_total_reply_count":0,"_bbp_voice_count":0,"_bbp_anonymous_reply_count":0,"_bbp_topic_count_hidden":0,"_bbp_reply_count_hidden":0,"_bbp_forum_subforum_count":0,"site-sidebar-layout":"default","site-content-layout":"","ast-site-content-layout":"","site-content-style":"default","site-sidebar-style":"default","ast-global-header-display":"","ast-banner-title-visibility":"","ast-main-header-display":"","ast-hfb-above-header-display":"","ast-hfb-below-header-display":"","ast-hfb-mobile-header-display":"","site-post-title":"","ast-breadcrumbs-content":"","ast-featured-img":"","footer-sml-layout":"","theme-transparent-header-meta":"","adv-header-id-meta":"","stick-header-meta":"","header-above-stick-meta":"","header-main-stick-meta":"","header-below-stick-meta":"","astra-migrate-meta-layouts":"default","ast-page-background-enabled":"default","ast-page-background-meta":{"desktop":{"background-color":"var(--ast-global-color-4)","background-image":"","background-repeat":"repeat","background-position":"center center","background-size":"auto","background-attachment":"scroll","background-type":"","background-media":"","overlay-type":"","overlay-color":"","overlay-opacity":"","overlay-gradient":""},"tablet":{"background-color":"","background-image":"","background-repeat":"repeat","background-position":"center center","background-size":"auto","background-attachment":"scroll","background-type":"","background-media":"","overlay-type":"","overlay-color":"","overlay-opacity":"","overlay-gradient":""},"mobile":{"background-color":"","background-image":"","background-repeat":"repeat","background-position":"center center","background-size":"auto","background-attachment":"scroll","background-type":"","background-media":"","overlay-type":"","overlay-color":"","overlay-opacity":"","overlay-gradient":""}},"ast-content-background-meta":{"desktop":{"background-color":"var(--ast-global-color-5)","background-image":"","background-repeat":"repeat","background-position":"center center","background-size":"auto","background-attachment":"scroll","background-type":"","background-media":"","overlay-type":"","overlay-color":"","overlay-opacity":"","overlay-gradient":""},"tablet":{"background-color":"var(--ast-global-color-5)","background-image":"","background-repeat":"repeat","background-position":"center center","background-size":"auto","background-attachment":"scroll","background-type":"","background-media":"","overlay-type":"","overlay-color":"","overlay-opacity":"","overlay-gradient":""},"mobile":{"background-color":"var(--ast-global-color-5)","background-image":"","background-repeat":"repeat","background-position":"center center","background-size":"auto","background-attachment":"scroll","background-type":"","background-media":"","overlay-type":"","overlay-color":"","overlay-opacity":"","overlay-gradient":""}},"footnotes":""},"categories":[154,1,29],"tags":[],"class_list":["post-10171","post","type-post","status-publish","format-standard","has-post-thumbnail","hentry","category-formacio","category-general","category-portada"],"post_mailing_queue_ids":[],"_links":{"self":[{"href":"https:\/\/serveiseducatius.xtec.cat\/vallesoccidental4\/wp-json\/wp\/v2\/posts\/10171","targetHints":{"allow":["GET"]}}],"collection":[{"href":"https:\/\/serveiseducatius.xtec.cat\/vallesoccidental4\/wp-json\/wp\/v2\/posts"}],"about":[{"href":"https:\/\/serveiseducatius.xtec.cat\/vallesoccidental4\/wp-json\/wp\/v2\/types\/post"}],"author":[{"embeddable":true,"href":"https:\/\/serveiseducatius.xtec.cat\/vallesoccidental4\/wp-json\/wp\/v2\/users\/1"}],"replies":[{"embeddable":true,"href":"https:\/\/serveiseducatius.xtec.cat\/vallesoccidental4\/wp-json\/wp\/v2\/comments?post=10171"}],"version-history":[{"count":2,"href":"https:\/\/serveiseducatius.xtec.cat\/vallesoccidental4\/wp-json\/wp\/v2\/posts\/10171\/revisions"}],"predecessor-version":[{"id":10174,"href":"https:\/\/serveiseducatius.xtec.cat\/vallesoccidental4\/wp-json\/wp\/v2\/posts\/10171\/revisions\/10174"}],"wp:featuredmedia":[{"embeddable":true,"href":"https:\/\/serveiseducatius.xtec.cat\/vallesoccidental4\/wp-json\/wp\/v2\/media\/10172"}],"wp:attachment":[{"href":"https:\/\/serveiseducatius.xtec.cat\/vallesoccidental4\/wp-json\/wp\/v2\/media?parent=10171"}],"wp:term":[{"taxonomy":"category","embeddable":true,"href":"https:\/\/serveiseducatius.xtec.cat\/vallesoccidental4\/wp-json\/wp\/v2\/categories?post=10171"},{"taxonomy":"post_tag","embeddable":true,"href":"https:\/\/serveiseducatius.xtec.cat\/vallesoccidental4\/wp-json\/wp\/v2\/tags?post=10171"}],"curies":[{"name":"wp","href":"https:\/\/api.w.org\/{rel}","templated":true}]}}