{"id":9130,"date":"2021-02-16T09:36:47","date_gmt":"2021-02-16T08:36:47","guid":{"rendered":"http:\/\/serveiseducatius.xtec.cat\/vallesoccidental3\/?p=9130"},"modified":"2021-09-09T17:05:14","modified_gmt":"2021-09-09T15:05:14","slug":"xinesc-3a-sessio","status":"publish","type":"post","link":"https:\/\/serveiseducatius.xtec.cat\/vallesoccidental3\/general\/xinesc-3a-sessio\/","title":{"rendered":"XINESC 20-21, 3a sessi\u00f3"},"content":{"rendered":"<p>L&#8217;<strong>\u00c0lex Letosa<\/strong> ha estat el ponent de la 3a sessi\u00f3 de la Xarxa d&#8217;instituts escola (09\/02\/2021). Amb el t\u00edtol <a href=\"https:\/\/sites.google.com\/view\/xinesc\/sessions\/tercera-sessi%C3%B3\" target=\"_blank\" rel=\"noopener noreferrer\"><strong><em>L&#8217;adolesc\u00e8ncia: un problema o un oportunitat<\/em><\/strong><\/a>, la xerrada s&#8217;ha centrat en descriure les caracter\u00edstiques dels adolescents (f\u00edsiques, cognitives, socials i emocionals). Con\u00e8ixer-les \u00e9s cabdal a l&#8217;hora d&#8217;entendre conductes i actituds de l&#8217;alumnat d&#8217;aquesta etapa. Aix\u00f2 permet adequar les propostes i respostes educatives per acompanyar-los en la seva formaci\u00f3.<\/p>\n<p><a href=\"https:\/\/drive.google.com\/file\/d\/1zAkcT5273EAnT9UJNm2zU-8LVNmUIV0B\/view\" target=\"_blank\" rel=\"noopener noreferrer\"><img loading=\"lazy\" decoding=\"async\" class=\"aligncenter wp-image-9131\" src=\"https:\/\/serveiseducatius.xtec.cat\/vallesoccidental3\/wp-content\/uploads\/usu1147\/2021\/02\/adolescencia-300x165.png\" alt=\"\" width=\"375\" height=\"206\" srcset=\"https:\/\/serveiseducatius.xtec.cat\/vallesoccidental3\/wp-content\/uploads\/usu1147\/2021\/02\/adolescencia-300x165.png 300w, https:\/\/serveiseducatius.xtec.cat\/vallesoccidental3\/wp-content\/uploads\/usu1147\/2021\/02\/adolescencia.png 694w\" sizes=\"auto, (max-width: 375px) 100vw, 375px\" \/><\/a>Podeu accedir al <a href=\"https:\/\/youtu.be\/7q-EXqLVd3A\" target=\"_blank\" rel=\"noopener noreferrer\"><strong>v\u00eddeo <\/strong><\/a>de la confer\u00e8ncia i a la <a href=\"https:\/\/drive.google.com\/file\/d\/1zAkcT5273EAnT9UJNm2zU-8LVNmUIV0B\/view\" target=\"_blank\" rel=\"noopener noreferrer\"><strong>presentaci\u00f3<\/strong><\/a>.<\/p>\n","protected":false},"excerpt":{"rendered":"<p>L&#8217;\u00c0lex Letosa ha estat el ponent de la 3a sessi\u00f3 de la Xarxa d&#8217;instituts escola (09\/02\/2021). Amb el t\u00edtol L&#8217;adolesc\u00e8ncia: un problema o un oportunitat, la xerrada s&#8217;ha centrat en descriure les caracter\u00edstiques dels adolescents (f\u00edsiques, cognitives, socials i emocionals). Con\u00e8ixer-les \u00e9s cabdal a l&#8217;hora d&#8217;entendre conductes i actituds de l&#8217;alumnat d&#8217;aquesta etapa. Aix\u00f2 permet [&hellip;]<\/p>\n","protected":false},"author":1,"featured_media":0,"comment_status":"closed","ping_status":"closed","sticky":false,"template":"","format":"standard","meta":{"_bbp_topic_count":0,"_bbp_reply_count":0,"_bbp_total_topic_count":0,"_bbp_total_reply_count":0,"_bbp_voice_count":0,"_bbp_anonymous_reply_count":0,"_bbp_topic_count_hidden":0,"_bbp_reply_count_hidden":0,"_bbp_forum_subforum_count":0,"site-sidebar-layout":"default","site-content-layout":"","ast-site-content-layout":"","site-content-style":"default","site-sidebar-style":"default","ast-global-header-display":"","ast-banner-title-visibility":"","ast-main-header-display":"","ast-hfb-above-header-display":"","ast-hfb-below-header-display":"","ast-hfb-mobile-header-display":"","site-post-title":"","ast-breadcrumbs-content":"","ast-featured-img":"","footer-sml-layout":"","theme-transparent-header-meta":"","adv-header-id-meta":"","stick-header-meta":"","header-above-stick-meta":"","header-main-stick-meta":"","header-below-stick-meta":"","astra-migrate-meta-layouts":"default","ast-page-background-enabled":"default","ast-page-background-meta":{"desktop":{"background-color":"var(--ast-global-color-4)","background-image":"","background-repeat":"repeat","background-position":"center center","background-size":"auto","background-attachment":"scroll","background-type":"","background-media":"","overlay-type":"","overlay-color":"","overlay-opacity":"","overlay-gradient":""},"tablet":{"background-color":"","background-image":"","background-repeat":"repeat","background-position":"center center","background-size":"auto","background-attachment":"scroll","background-type":"","background-media":"","overlay-type":"","overlay-color":"","overlay-opacity":"","overlay-gradient":""},"mobile":{"background-color":"","background-image":"","background-repeat":"repeat","background-position":"center center","background-size":"auto","background-attachment":"scroll","background-type":"","background-media":"","overlay-type":"","overlay-color":"","overlay-opacity":"","overlay-gradient":""}},"ast-content-background-meta":{"desktop":{"background-color":"var(--ast-global-color-5)","background-image":"","background-repeat":"repeat","background-position":"center center","background-size":"auto","background-attachment":"scroll","background-type":"","background-media":"","overlay-type":"","overlay-color":"","overlay-opacity":"","overlay-gradient":""},"tablet":{"background-color":"var(--ast-global-color-5)","background-image":"","background-repeat":"repeat","background-position":"center center","background-size":"auto","background-attachment":"scroll","background-type":"","background-media":"","overlay-type":"","overlay-color":"","overlay-opacity":"","overlay-gradient":""},"mobile":{"background-color":"var(--ast-global-color-5)","background-image":"","background-repeat":"repeat","background-position":"center center","background-size":"auto","background-attachment":"scroll","background-type":"","background-media":"","overlay-type":"","overlay-color":"","overlay-opacity":"","overlay-gradient":""}},"footnotes":""},"categories":[1,825],"tags":[1126,878],"class_list":["post-9130","post","type-post","status-publish","format-standard","hentry","category-general","category-xinesc","tag-adolescencia","tag-educacio-secundaria"],"post_mailing_queue_ids":[],"_links":{"self":[{"href":"https:\/\/serveiseducatius.xtec.cat\/vallesoccidental3\/wp-json\/wp\/v2\/posts\/9130","targetHints":{"allow":["GET"]}}],"collection":[{"href":"https:\/\/serveiseducatius.xtec.cat\/vallesoccidental3\/wp-json\/wp\/v2\/posts"}],"about":[{"href":"https:\/\/serveiseducatius.xtec.cat\/vallesoccidental3\/wp-json\/wp\/v2\/types\/post"}],"author":[{"embeddable":true,"href":"https:\/\/serveiseducatius.xtec.cat\/vallesoccidental3\/wp-json\/wp\/v2\/users\/1"}],"replies":[{"embeddable":true,"href":"https:\/\/serveiseducatius.xtec.cat\/vallesoccidental3\/wp-json\/wp\/v2\/comments?post=9130"}],"version-history":[{"count":3,"href":"https:\/\/serveiseducatius.xtec.cat\/vallesoccidental3\/wp-json\/wp\/v2\/posts\/9130\/revisions"}],"predecessor-version":[{"id":10878,"href":"https:\/\/serveiseducatius.xtec.cat\/vallesoccidental3\/wp-json\/wp\/v2\/posts\/9130\/revisions\/10878"}],"wp:attachment":[{"href":"https:\/\/serveiseducatius.xtec.cat\/vallesoccidental3\/wp-json\/wp\/v2\/media?parent=9130"}],"wp:term":[{"taxonomy":"category","embeddable":true,"href":"https:\/\/serveiseducatius.xtec.cat\/vallesoccidental3\/wp-json\/wp\/v2\/categories?post=9130"},{"taxonomy":"post_tag","embeddable":true,"href":"https:\/\/serveiseducatius.xtec.cat\/vallesoccidental3\/wp-json\/wp\/v2\/tags?post=9130"}],"curies":[{"name":"wp","href":"https:\/\/api.w.org\/{rel}","templated":true}]}}