{"id":9090,"date":"2021-02-10T10:52:26","date_gmt":"2021-02-10T09:52:26","guid":{"rendered":"http:\/\/serveiseducatius.xtec.cat\/vallesoccidental3\/?p=9090"},"modified":"2021-03-09T13:18:40","modified_gmt":"2021-03-09T12:18:40","slug":"recomanacions-per-a-la-publicacio-dimatges-i-altres-dades-dels-alumnes-a-internet","status":"publish","type":"post","link":"https:\/\/serveiseducatius.xtec.cat\/vallesoccidental3\/seminari-secretaria\/recomanacions-per-a-la-publicacio-dimatges-i-altres-dades-dels-alumnes-a-internet\/","title":{"rendered":"Recomanacions per a la publicaci\u00f3 d\u2019imatges i altres dades dels alumnes a internet (I)"},"content":{"rendered":"<p style=\"text-align: center;\"><a href=\"https:\/\/apdcat.gencat.cat\/web\/.content\/03-documentacio\/materials_jornades_i_congressos\/documents\/Recomanacions-a-centres-docents-sobre-publicacio-dades-alumnes-i-recollida-consentiment.pdf\" target=\"_blank\" rel=\"noopener noreferrer\"><img loading=\"lazy\" decoding=\"async\" class=\"wp-image-9091 aligncenter\" src=\"https:\/\/serveiseducatius.xtec.cat\/vallesoccidental3\/wp-content\/uploads\/usu1147\/2021\/02\/recomanacions-publicaci\u00f3-imatges-alyumnat-apdcat-300x180.png\" alt=\"\" width=\"336\" height=\"201\" srcset=\"https:\/\/serveiseducatius.xtec.cat\/vallesoccidental3\/wp-content\/uploads\/usu1147\/2021\/02\/recomanacions-publicaci\u00f3-imatges-alyumnat-apdcat-300x180.png 300w, https:\/\/serveiseducatius.xtec.cat\/vallesoccidental3\/wp-content\/uploads\/usu1147\/2021\/02\/recomanacions-publicaci\u00f3-imatges-alyumnat-apdcat-768x461.png 768w, https:\/\/serveiseducatius.xtec.cat\/vallesoccidental3\/wp-content\/uploads\/usu1147\/2021\/02\/recomanacions-publicaci\u00f3-imatges-alyumnat-apdcat-1024x615.png 1024w, https:\/\/serveiseducatius.xtec.cat\/vallesoccidental3\/wp-content\/uploads\/usu1147\/2021\/02\/recomanacions-publicaci\u00f3-imatges-alyumnat-apdcat.png 1151w\" sizes=\"auto, (max-width: 336px) 100vw, 336px\" \/><\/a><sup>Presentaci\u00f3<\/sup><\/p>\n<ul>\n<li><span style=\"font-size: 10pt;\">Abans de publicar les dades dels alumnes, analitzar els riscos de difondre-les per poder implantar mesures per protegir-les.<\/span><\/li>\n<li><span style=\"font-size: 10pt;\">Per publicar dades personals, cal tenir una base jur\u00eddica (art. 6.1 RGPD).<\/span><\/li>\n<li><span style=\"font-size: 10pt;\">Abans de publicar les dades cal informar els pares, tutors o els mateixos alumnes (+14 anys) sobre tots els punts de l\u2019art. 13 RGPD.<\/span><\/li>\n<li><span style=\"font-size: 10pt;\">Publicar nom\u00e9s dades necess\u00e0ries i id\u00f2nies per a la finalitat perseguida i en el mitj\u00e0 adequat.<\/span><\/li>\n<li><span style=\"font-size: 10pt;\">Limitar el temps de publicaci\u00f3 en funci\u00f3 de la finalitat (dades actualitzades).<\/span><\/li>\n<li><span style=\"font-size: 10pt;\">Garantir la integritat i la confidencialitat de la informaci\u00f3 publicada (evitar accessos indeguts i manipulacions).<\/span><\/li>\n<li><span style=\"font-size: 10pt;\">Recomanacions per sol\u00b7licitar consentiment:<\/span>\n<ul>\n<li><span style=\"font-size: 8pt;\">Ha de ser desglossat (permetre consentir separadament cada tipus de tractament)<\/span><\/li>\n<li><span style=\"font-size: 8pt;\">Demanar-lo amb una declaraci\u00f3 escrita, i conservar-la. Si hi ha canvis substancials, recollir-lo novament<\/span><\/li>\n<li><span style=\"font-size: 8pt;\">El llenguatge ha de ser conc\u00eds i f\u00e0cil d\u2019entendre, especialment si s\u2019adre\u00e7a als menors<\/span><\/li>\n<li><span style=\"font-size: 8pt;\">S\u2019ha d\u2019especificar la finalitat de la publicaci\u00f3 de les dades a internet<\/span><\/li>\n<li><span style=\"font-size: 8pt;\">Ha d\u2019incloure tota la informaci\u00f3 prevista a l\u2019art. 13 RGPD. Es pot oferir per capes<\/span><\/li>\n<li><span style=\"font-size: 8pt;\">No ha de condicionar la realitzaci\u00f3 de cap activitat ni la prestaci\u00f3 de cap servei<\/span><\/li>\n<li><span style=\"font-size: 8pt;\">Informar del per\u00edode de validesa del consentiment i de la possibilitat de revocar-lo<\/span><\/li>\n<\/ul>\n<\/li>\n<\/ul>\n","protected":false},"excerpt":{"rendered":"<p>Presentaci\u00f3 Abans de publicar les dades dels alumnes, analitzar els riscos de difondre-les per poder implantar mesures per protegir-les. Per publicar dades personals, cal tenir una base jur\u00eddica (art. 6.1 RGPD). Abans de publicar les dades cal informar els pares, tutors o els mateixos alumnes (+14 anys) sobre tots els punts de l\u2019art. 13 RGPD. [&hellip;]<\/p>\n","protected":false},"author":1,"featured_media":0,"comment_status":"closed","ping_status":"closed","sticky":false,"template":"","format":"standard","meta":{"_bbp_topic_count":0,"_bbp_reply_count":0,"_bbp_total_topic_count":0,"_bbp_total_reply_count":0,"_bbp_voice_count":0,"_bbp_anonymous_reply_count":0,"_bbp_topic_count_hidden":0,"_bbp_reply_count_hidden":0,"_bbp_forum_subforum_count":0,"site-sidebar-layout":"default","site-content-layout":"","ast-site-content-layout":"","site-content-style":"default","site-sidebar-style":"default","ast-global-header-display":"","ast-banner-title-visibility":"","ast-main-header-display":"","ast-hfb-above-header-display":"","ast-hfb-below-header-display":"","ast-hfb-mobile-header-display":"","site-post-title":"","ast-breadcrumbs-content":"","ast-featured-img":"","footer-sml-layout":"","theme-transparent-header-meta":"","adv-header-id-meta":"","stick-header-meta":"","header-above-stick-meta":"","header-main-stick-meta":"","header-below-stick-meta":"","astra-migrate-meta-layouts":"default","ast-page-background-enabled":"default","ast-page-background-meta":{"desktop":{"background-color":"var(--ast-global-color-4)","background-image":"","background-repeat":"repeat","background-position":"center center","background-size":"auto","background-attachment":"scroll","background-type":"","background-media":"","overlay-type":"","overlay-color":"","overlay-opacity":"","overlay-gradient":""},"tablet":{"background-color":"","background-image":"","background-repeat":"repeat","background-position":"center center","background-size":"auto","background-attachment":"scroll","background-type":"","background-media":"","overlay-type":"","overlay-color":"","overlay-opacity":"","overlay-gradient":""},"mobile":{"background-color":"","background-image":"","background-repeat":"repeat","background-position":"center center","background-size":"auto","background-attachment":"scroll","background-type":"","background-media":"","overlay-type":"","overlay-color":"","overlay-opacity":"","overlay-gradient":""}},"ast-content-background-meta":{"desktop":{"background-color":"var(--ast-global-color-5)","background-image":"","background-repeat":"repeat","background-position":"center center","background-size":"auto","background-attachment":"scroll","background-type":"","background-media":"","overlay-type":"","overlay-color":"","overlay-opacity":"","overlay-gradient":""},"tablet":{"background-color":"var(--ast-global-color-5)","background-image":"","background-repeat":"repeat","background-position":"center center","background-size":"auto","background-attachment":"scroll","background-type":"","background-media":"","overlay-type":"","overlay-color":"","overlay-opacity":"","overlay-gradient":""},"mobile":{"background-color":"var(--ast-global-color-5)","background-image":"","background-repeat":"repeat","background-position":"center center","background-size":"auto","background-attachment":"scroll","background-type":"","background-media":"","overlay-type":"","overlay-color":"","overlay-opacity":"","overlay-gradient":""}},"footnotes":""},"categories":[1055,881,956],"tags":[1122],"class_list":["post-9090","post","type-post","status-publish","format-standard","hentry","category-sem-sec-20-21-s4","category-seminari-secretaria","category-us-responsable-dinternet","tag-us-imatges"],"post_mailing_queue_ids":[],"_links":{"self":[{"href":"https:\/\/serveiseducatius.xtec.cat\/vallesoccidental3\/wp-json\/wp\/v2\/posts\/9090","targetHints":{"allow":["GET"]}}],"collection":[{"href":"https:\/\/serveiseducatius.xtec.cat\/vallesoccidental3\/wp-json\/wp\/v2\/posts"}],"about":[{"href":"https:\/\/serveiseducatius.xtec.cat\/vallesoccidental3\/wp-json\/wp\/v2\/types\/post"}],"author":[{"embeddable":true,"href":"https:\/\/serveiseducatius.xtec.cat\/vallesoccidental3\/wp-json\/wp\/v2\/users\/1"}],"replies":[{"embeddable":true,"href":"https:\/\/serveiseducatius.xtec.cat\/vallesoccidental3\/wp-json\/wp\/v2\/comments?post=9090"}],"version-history":[{"count":3,"href":"https:\/\/serveiseducatius.xtec.cat\/vallesoccidental3\/wp-json\/wp\/v2\/posts\/9090\/revisions"}],"predecessor-version":[{"id":9741,"href":"https:\/\/serveiseducatius.xtec.cat\/vallesoccidental3\/wp-json\/wp\/v2\/posts\/9090\/revisions\/9741"}],"wp:attachment":[{"href":"https:\/\/serveiseducatius.xtec.cat\/vallesoccidental3\/wp-json\/wp\/v2\/media?parent=9090"}],"wp:term":[{"taxonomy":"category","embeddable":true,"href":"https:\/\/serveiseducatius.xtec.cat\/vallesoccidental3\/wp-json\/wp\/v2\/categories?post=9090"},{"taxonomy":"post_tag","embeddable":true,"href":"https:\/\/serveiseducatius.xtec.cat\/vallesoccidental3\/wp-json\/wp\/v2\/tags?post=9090"}],"curies":[{"name":"wp","href":"https:\/\/api.w.org\/{rel}","templated":true}]}}