{"id":8986,"date":"2021-02-02T09:39:39","date_gmt":"2021-02-02T08:39:39","guid":{"rendered":"http:\/\/serveiseducatius.xtec.cat\/vallesoccidental3\/?p=8986"},"modified":"2021-02-02T09:53:13","modified_gmt":"2021-02-02T08:53:13","slug":"xiv-premi-federico-mayor-zaragoza-video-sobre-sostenibilitat-i-consum-responsable-ods-12-i-13","status":"publish","type":"post","link":"https:\/\/serveiseducatius.xtec.cat\/vallesoccidental3\/portada\/xiv-premi-federico-mayor-zaragoza-video-sobre-sostenibilitat-i-consum-responsable-ods-12-i-13\/","title":{"rendered":"XIV Premi Federico Mayor Zaragoza"},"content":{"rendered":"<p><a href=\"https:\/\/serveiseducatius.xtec.cat\/vallesoccidental3\/wp-content\/uploads\/usu1147\/2021\/02\/LOGOTIP-PREMI-2021.png\"><img loading=\"lazy\" decoding=\"async\" class=\"wp-image-8987 alignleft\" src=\"https:\/\/serveiseducatius.xtec.cat\/vallesoccidental3\/wp-content\/uploads\/usu1147\/2021\/02\/LOGOTIP-PREMI-2021-300x243.png\" alt=\"\" width=\"210\" height=\"170\" srcset=\"https:\/\/serveiseducatius.xtec.cat\/vallesoccidental3\/wp-content\/uploads\/usu1147\/2021\/02\/LOGOTIP-PREMI-2021-300x243.png 300w, https:\/\/serveiseducatius.xtec.cat\/vallesoccidental3\/wp-content\/uploads\/usu1147\/2021\/02\/LOGOTIP-PREMI-2021.png 582w\" sizes=\"auto, (max-width: 210px) 100vw, 210px\" \/><\/a>La convocat\u00f2ria del curs 2020-2021 \u00e9s oberta a la participaci\u00f3 de centres escolars, universitats, entitats, institucions i altres.<br \/>\nT\u00e9 com a objectiu sensibilitzar i crear consci\u00e8ncia sobre els problemes mediambientals que amenacen el nostre planeta i alhora, buscar solucions i compromisos en un tema que ens afecta a tothom.<br \/>\n<span style=\"font-family: inherit; font-size: 1em;\">La participaci\u00f3 consisteix en <\/span><strong style=\"font-family: inherit; font-size: 1em;\">elaborar un v\u00eddeo<\/strong><span style=\"font-family: inherit; font-size: 1em;\"> sota el lema: <\/span><strong style=\"font-family: inherit; font-size: 1em;\">Sostenibilitat i consum responsable\u00a0<\/strong><span style=\"font-family: inherit; font-size: 1em;\">(Objectius Desenvolupament Sostenible 12 i 13).<br \/>\n<\/span><span style=\"font-family: inherit; font-size: 1em;\">El termini d&#8217;<a href=\"https:\/\/docs.google.com\/forms\/d\/e\/1FAIpQLScJhmvErf0x71vf4irUdYnB9LjV2dTUIRYfQkbT5buojJF4zw\/viewform?usp=sf_link\" target=\"_blank\" rel=\"noopener noreferrer\"><strong>inscripci\u00f3<\/strong><\/a> i enviament dels v\u00eddeos \u00e9s\u00a0<\/span><strong style=\"font-family: inherit; font-size: 1em;\">del 27 de gener<\/strong> <strong style=\"font-family: inherit; font-size: 1em;\">al 26 de mar\u00e7\u00a0del 2021.<\/strong><\/p>\n<p style=\"font-weight: 400;\"><a href=\"https:\/\/serveiseducatius.xtec.cat\/vallesoccidental3\/wp-content\/uploads\/usu1147\/2021\/02\/1-XIV-PREMI-FEDERICO-MAYOR-ZARAGOZA.pdf\" target=\"_blank\" rel=\"noopener noreferrer\"><img loading=\"lazy\" decoding=\"async\" class=\"wp-image-8990 alignnone\" src=\"https:\/\/serveiseducatius.xtec.cat\/vallesoccidental3\/wp-content\/uploads\/usu1147\/2021\/02\/pdf-premisfmz-300x202.png\" alt=\"\" width=\"145\" height=\"98\" srcset=\"https:\/\/serveiseducatius.xtec.cat\/vallesoccidental3\/wp-content\/uploads\/usu1147\/2021\/02\/pdf-premisfmz-300x202.png 300w, https:\/\/serveiseducatius.xtec.cat\/vallesoccidental3\/wp-content\/uploads\/usu1147\/2021\/02\/pdf-premisfmz.png 308w\" sizes=\"auto, (max-width: 145px) 100vw, 145px\" \/><\/a><br \/>\n<span style=\"font-size: 10pt;\">+ info<\/span><\/p>\n","protected":false},"excerpt":{"rendered":"<p>La convocat\u00f2ria del curs 2020-2021 \u00e9s oberta a la participaci\u00f3 de centres escolars, universitats, entitats, institucions i altres. T\u00e9 com a objectiu sensibilitzar i crear consci\u00e8ncia sobre els problemes mediambientals que amenacen el nostre planeta i alhora, buscar solucions i compromisos en un tema que ens afecta a tothom. La participaci\u00f3 consisteix en elaborar un [&hellip;]<\/p>\n","protected":false},"author":1,"featured_media":0,"comment_status":"closed","ping_status":"closed","sticky":false,"template":"","format":"standard","meta":{"_bbp_topic_count":0,"_bbp_reply_count":0,"_bbp_total_topic_count":0,"_bbp_total_reply_count":0,"_bbp_voice_count":0,"_bbp_anonymous_reply_count":0,"_bbp_topic_count_hidden":0,"_bbp_reply_count_hidden":0,"_bbp_forum_subforum_count":0,"site-sidebar-layout":"default","site-content-layout":"","ast-site-content-layout":"","site-content-style":"default","site-sidebar-style":"default","ast-global-header-display":"","ast-banner-title-visibility":"","ast-main-header-display":"","ast-hfb-above-header-display":"","ast-hfb-below-header-display":"","ast-hfb-mobile-header-display":"","site-post-title":"","ast-breadcrumbs-content":"","ast-featured-img":"","footer-sml-layout":"","theme-transparent-header-meta":"","adv-header-id-meta":"","stick-header-meta":"","header-above-stick-meta":"","header-main-stick-meta":"","header-below-stick-meta":"","astra-migrate-meta-layouts":"default","ast-page-background-enabled":"default","ast-page-background-meta":{"desktop":{"background-color":"var(--ast-global-color-4)","background-image":"","background-repeat":"repeat","background-position":"center center","background-size":"auto","background-attachment":"scroll","background-type":"","background-media":"","overlay-type":"","overlay-color":"","overlay-opacity":"","overlay-gradient":""},"tablet":{"background-color":"","background-image":"","background-repeat":"repeat","background-position":"center center","background-size":"auto","background-attachment":"scroll","background-type":"","background-media":"","overlay-type":"","overlay-color":"","overlay-opacity":"","overlay-gradient":""},"mobile":{"background-color":"","background-image":"","background-repeat":"repeat","background-position":"center center","background-size":"auto","background-attachment":"scroll","background-type":"","background-media":"","overlay-type":"","overlay-color":"","overlay-opacity":"","overlay-gradient":""}},"ast-content-background-meta":{"desktop":{"background-color":"var(--ast-global-color-5)","background-image":"","background-repeat":"repeat","background-position":"center center","background-size":"auto","background-attachment":"scroll","background-type":"","background-media":"","overlay-type":"","overlay-color":"","overlay-opacity":"","overlay-gradient":""},"tablet":{"background-color":"var(--ast-global-color-5)","background-image":"","background-repeat":"repeat","background-position":"center center","background-size":"auto","background-attachment":"scroll","background-type":"","background-media":"","overlay-type":"","overlay-color":"","overlay-opacity":"","overlay-gradient":""},"mobile":{"background-color":"var(--ast-global-color-5)","background-image":"","background-repeat":"repeat","background-position":"center center","background-size":"auto","background-attachment":"scroll","background-type":"","background-media":"","overlay-type":"","overlay-color":"","overlay-opacity":"","overlay-gradient":""}},"footnotes":""},"categories":[29,160],"tags":[303,112],"class_list":["post-8986","post","type-post","status-publish","format-standard","hentry","category-portada","category-escoles_verdes","tag-sostenibilitat","tag-tac"],"post_mailing_queue_ids":[],"_links":{"self":[{"href":"https:\/\/serveiseducatius.xtec.cat\/vallesoccidental3\/wp-json\/wp\/v2\/posts\/8986","targetHints":{"allow":["GET"]}}],"collection":[{"href":"https:\/\/serveiseducatius.xtec.cat\/vallesoccidental3\/wp-json\/wp\/v2\/posts"}],"about":[{"href":"https:\/\/serveiseducatius.xtec.cat\/vallesoccidental3\/wp-json\/wp\/v2\/types\/post"}],"author":[{"embeddable":true,"href":"https:\/\/serveiseducatius.xtec.cat\/vallesoccidental3\/wp-json\/wp\/v2\/users\/1"}],"replies":[{"embeddable":true,"href":"https:\/\/serveiseducatius.xtec.cat\/vallesoccidental3\/wp-json\/wp\/v2\/comments?post=8986"}],"version-history":[{"count":3,"href":"https:\/\/serveiseducatius.xtec.cat\/vallesoccidental3\/wp-json\/wp\/v2\/posts\/8986\/revisions"}],"predecessor-version":[{"id":9000,"href":"https:\/\/serveiseducatius.xtec.cat\/vallesoccidental3\/wp-json\/wp\/v2\/posts\/8986\/revisions\/9000"}],"wp:attachment":[{"href":"https:\/\/serveiseducatius.xtec.cat\/vallesoccidental3\/wp-json\/wp\/v2\/media?parent=8986"}],"wp:term":[{"taxonomy":"category","embeddable":true,"href":"https:\/\/serveiseducatius.xtec.cat\/vallesoccidental3\/wp-json\/wp\/v2\/categories?post=8986"},{"taxonomy":"post_tag","embeddable":true,"href":"https:\/\/serveiseducatius.xtec.cat\/vallesoccidental3\/wp-json\/wp\/v2\/tags?post=8986"}],"curies":[{"name":"wp","href":"https:\/\/api.w.org\/{rel}","templated":true}]}}