{"id":8741,"date":"2020-12-21T10:16:16","date_gmt":"2020-12-21T09:16:16","guid":{"rendered":"http:\/\/serveiseducatius.xtec.cat\/vallesoccidental3\/?p=8741"},"modified":"2020-12-27T15:21:54","modified_gmt":"2020-12-27T14:21:54","slug":"presentacio-de-llibres-carme-pomareda","status":"publish","type":"post","link":"https:\/\/serveiseducatius.xtec.cat\/vallesoccidental3\/portada\/presentacio-de-llibres-carme-pomareda\/","title":{"rendered":"Presentaci\u00f3 de llibres (Carme Pomareda)"},"content":{"rendered":"<p>Enguany, la tradicional presentaci\u00f3 de llibres de Nadal que exposava la <strong>Carme Pomareda<\/strong> a l\u2019escola Torre de la Llebre no s\u2019ha pogut realitzar de manera presencial amb l\u2019assist\u00e8ncia de docents.<\/p>\n<p>Malgrat aquest entrebanc, provocat per la situaci\u00f3 de pand\u00e8mia en la que ens trobem immersos, no s\u2019ha volgut perdre l\u2019oportunitat de seguir presentant aquelles novetats que apareixen per Nadal de la literatura infantil i juvenil.\u00a0 L&#8217;<strong>Escola Torre de la Llebre<\/strong> ha volgut continuar fent aquesta activitat i compartir-la encara que sigui de manera virtual a trav\u00e9s d&#8217;un <a href=\"https:\/\/drive.google.com\/file\/d\/1xSV-iBdTf6tiUsDyYZibXbEAeZWtRq5k\/view\" target=\"_blank\" rel=\"noopener noreferrer\">v\u00eddeo<\/a>.<\/p>\n<p>Gaudiu-la!<\/p>\n<p><a href=\"https:\/\/drive.google.com\/file\/d\/1xSV-iBdTf6tiUsDyYZibXbEAeZWtRq5k\/view\" target=\"_blank\" rel=\"noopener noreferrer\"><img loading=\"lazy\" decoding=\"async\" class=\"alignleft wp-image-8778 size-medium\" src=\"https:\/\/serveiseducatius.xtec.cat\/vallesoccidental3\/wp-content\/uploads\/usu1147\/2020\/12\/Captura-de-Pantalla-2020-12-27-a-les-15.15.31-300x188.png\" alt=\"\" width=\"300\" height=\"188\" srcset=\"https:\/\/serveiseducatius.xtec.cat\/vallesoccidental3\/wp-content\/uploads\/usu1147\/2020\/12\/Captura-de-Pantalla-2020-12-27-a-les-15.15.31-300x188.png 300w, https:\/\/serveiseducatius.xtec.cat\/vallesoccidental3\/wp-content\/uploads\/usu1147\/2020\/12\/Captura-de-Pantalla-2020-12-27-a-les-15.15.31.png 593w\" sizes=\"auto, (max-width: 300px) 100vw, 300px\" \/><\/a><\/p>\n","protected":false},"excerpt":{"rendered":"<p>Enguany, la tradicional presentaci\u00f3 de llibres de Nadal que exposava la Carme Pomareda a l\u2019escola Torre de la Llebre no s\u2019ha pogut realitzar de manera presencial amb l\u2019assist\u00e8ncia de docents. Malgrat aquest entrebanc, provocat per la situaci\u00f3 de pand\u00e8mia en la que ens trobem immersos, no s\u2019ha volgut perdre l\u2019oportunitat de seguir presentant aquelles novetats [&hellip;]<\/p>\n","protected":false},"author":1,"featured_media":0,"comment_status":"closed","ping_status":"closed","sticky":false,"template":"","format":"standard","meta":{"_bbp_topic_count":0,"_bbp_reply_count":0,"_bbp_total_topic_count":0,"_bbp_total_reply_count":0,"_bbp_voice_count":0,"_bbp_anonymous_reply_count":0,"_bbp_topic_count_hidden":0,"_bbp_reply_count_hidden":0,"_bbp_forum_subforum_count":0,"site-sidebar-layout":"default","site-content-layout":"","ast-site-content-layout":"","site-content-style":"default","site-sidebar-style":"default","ast-global-header-display":"","ast-banner-title-visibility":"","ast-main-header-display":"","ast-hfb-above-header-display":"","ast-hfb-below-header-display":"","ast-hfb-mobile-header-display":"","site-post-title":"","ast-breadcrumbs-content":"","ast-featured-img":"","footer-sml-layout":"","theme-transparent-header-meta":"","adv-header-id-meta":"","stick-header-meta":"","header-above-stick-meta":"","header-main-stick-meta":"","header-below-stick-meta":"","astra-migrate-meta-layouts":"default","ast-page-background-enabled":"default","ast-page-background-meta":{"desktop":{"background-color":"var(--ast-global-color-4)","background-image":"","background-repeat":"repeat","background-position":"center center","background-size":"auto","background-attachment":"scroll","background-type":"","background-media":"","overlay-type":"","overlay-color":"","overlay-opacity":"","overlay-gradient":""},"tablet":{"background-color":"","background-image":"","background-repeat":"repeat","background-position":"center center","background-size":"auto","background-attachment":"scroll","background-type":"","background-media":"","overlay-type":"","overlay-color":"","overlay-opacity":"","overlay-gradient":""},"mobile":{"background-color":"","background-image":"","background-repeat":"repeat","background-position":"center center","background-size":"auto","background-attachment":"scroll","background-type":"","background-media":"","overlay-type":"","overlay-color":"","overlay-opacity":"","overlay-gradient":""}},"ast-content-background-meta":{"desktop":{"background-color":"var(--ast-global-color-5)","background-image":"","background-repeat":"repeat","background-position":"center center","background-size":"auto","background-attachment":"scroll","background-type":"","background-media":"","overlay-type":"","overlay-color":"","overlay-opacity":"","overlay-gradient":""},"tablet":{"background-color":"var(--ast-global-color-5)","background-image":"","background-repeat":"repeat","background-position":"center center","background-size":"auto","background-attachment":"scroll","background-type":"","background-media":"","overlay-type":"","overlay-color":"","overlay-opacity":"","overlay-gradient":""},"mobile":{"background-color":"var(--ast-global-color-5)","background-image":"","background-repeat":"repeat","background-position":"center center","background-size":"auto","background-attachment":"scroll","background-type":"","background-media":"","overlay-type":"","overlay-color":"","overlay-opacity":"","overlay-gradient":""}},"footnotes":""},"categories":[29,81],"tags":[220],"class_list":["post-8741","post","type-post","status-publish","format-standard","hentry","category-portada","category-biblioteca-escolar","tag-fomentar-la-lectura"],"post_mailing_queue_ids":[],"_links":{"self":[{"href":"https:\/\/serveiseducatius.xtec.cat\/vallesoccidental3\/wp-json\/wp\/v2\/posts\/8741","targetHints":{"allow":["GET"]}}],"collection":[{"href":"https:\/\/serveiseducatius.xtec.cat\/vallesoccidental3\/wp-json\/wp\/v2\/posts"}],"about":[{"href":"https:\/\/serveiseducatius.xtec.cat\/vallesoccidental3\/wp-json\/wp\/v2\/types\/post"}],"author":[{"embeddable":true,"href":"https:\/\/serveiseducatius.xtec.cat\/vallesoccidental3\/wp-json\/wp\/v2\/users\/1"}],"replies":[{"embeddable":true,"href":"https:\/\/serveiseducatius.xtec.cat\/vallesoccidental3\/wp-json\/wp\/v2\/comments?post=8741"}],"version-history":[{"count":3,"href":"https:\/\/serveiseducatius.xtec.cat\/vallesoccidental3\/wp-json\/wp\/v2\/posts\/8741\/revisions"}],"predecessor-version":[{"id":8780,"href":"https:\/\/serveiseducatius.xtec.cat\/vallesoccidental3\/wp-json\/wp\/v2\/posts\/8741\/revisions\/8780"}],"wp:attachment":[{"href":"https:\/\/serveiseducatius.xtec.cat\/vallesoccidental3\/wp-json\/wp\/v2\/media?parent=8741"}],"wp:term":[{"taxonomy":"category","embeddable":true,"href":"https:\/\/serveiseducatius.xtec.cat\/vallesoccidental3\/wp-json\/wp\/v2\/categories?post=8741"},{"taxonomy":"post_tag","embeddable":true,"href":"https:\/\/serveiseducatius.xtec.cat\/vallesoccidental3\/wp-json\/wp\/v2\/tags?post=8741"}],"curies":[{"name":"wp","href":"https:\/\/api.w.org\/{rel}","templated":true}]}}