{"id":8326,"date":"2020-11-24T17:18:23","date_gmt":"2020-11-24T16:18:23","guid":{"rendered":"http:\/\/serveiseducatius.xtec.cat\/vallesoccidental3\/?p=8326"},"modified":"2020-11-27T17:23:49","modified_gmt":"2020-11-27T16:23:49","slug":"viu-la-poesia","status":"publish","type":"post","link":"https:\/\/serveiseducatius.xtec.cat\/vallesoccidental3\/biblioteca-escolar\/2020-21_biblioteques_sessio_3\/viu-la-poesia\/","title":{"rendered":"Viu la poesia"},"content":{"rendered":"<p><a href=\"http:\/\/www.viulapoesia.com\/\" target=\"_blank\" rel=\"noopener noreferrer\"><img loading=\"lazy\" decoding=\"async\" class=\"wp-image-8327 aligncenter\" src=\"https:\/\/serveiseducatius.xtec.cat\/vallesoccidental3\/wp-content\/uploads\/usu1147\/2020\/11\/viu-la-poesia.png\" alt=\"\" width=\"812\" height=\"186\" srcset=\"https:\/\/serveiseducatius.xtec.cat\/vallesoccidental3\/wp-content\/uploads\/usu1147\/2020\/11\/viu-la-poesia.png 997w, https:\/\/serveiseducatius.xtec.cat\/vallesoccidental3\/wp-content\/uploads\/usu1147\/2020\/11\/viu-la-poesia-300x69.png 300w, https:\/\/serveiseducatius.xtec.cat\/vallesoccidental3\/wp-content\/uploads\/usu1147\/2020\/11\/viu-la-poesia-768x176.png 768w\" sizes=\"auto, (max-width: 812px) 100vw, 812px\" \/><\/a><\/p>\n<p>Antologia online de poesia catalana, castellana i universal per a infants, joves i adults.<\/p>\n<p>Cercador avan\u00e7ats per tem\u00e0tica (infants: casa i escola, carrers i places,\u00a0\u00a0camp, zoo, mar, bosc, nit; joves i adults: amor, mort, comprom\u00eds, social, jo, ci\u00e8ncia, poesia, guerra, joc, quotidianitat, esport, arts, territori.)<\/p>\n<p>Inclou algunes propostes did\u00e0ctiques.<\/p>\n","protected":false},"excerpt":{"rendered":"<p>Antologia online de poesia catalana, castellana i universal per a infants, joves i adults. Cercador avan\u00e7ats per tem\u00e0tica (infants: casa i escola, carrers i places,\u00a0\u00a0camp, zoo, mar, bosc, nit; joves i adults: amor, mort, comprom\u00eds, social, jo, ci\u00e8ncia, poesia, guerra, joc, quotidianitat, esport, arts, territori.) Inclou algunes propostes did\u00e0ctiques.<\/p>\n","protected":false},"author":1,"featured_media":0,"comment_status":"closed","ping_status":"closed","sticky":false,"template":"","format":"standard","meta":{"_bbp_topic_count":0,"_bbp_reply_count":0,"_bbp_total_topic_count":0,"_bbp_total_reply_count":0,"_bbp_voice_count":0,"_bbp_anonymous_reply_count":0,"_bbp_topic_count_hidden":0,"_bbp_reply_count_hidden":0,"_bbp_forum_subforum_count":0,"site-sidebar-layout":"default","site-content-layout":"","ast-site-content-layout":"","site-content-style":"default","site-sidebar-style":"default","ast-global-header-display":"","ast-banner-title-visibility":"","ast-main-header-display":"","ast-hfb-above-header-display":"","ast-hfb-below-header-display":"","ast-hfb-mobile-header-display":"","site-post-title":"","ast-breadcrumbs-content":"","ast-featured-img":"","footer-sml-layout":"","theme-transparent-header-meta":"","adv-header-id-meta":"","stick-header-meta":"","header-above-stick-meta":"","header-main-stick-meta":"","header-below-stick-meta":"","astra-migrate-meta-layouts":"default","ast-page-background-enabled":"default","ast-page-background-meta":{"desktop":{"background-color":"var(--ast-global-color-4)","background-image":"","background-repeat":"repeat","background-position":"center center","background-size":"auto","background-attachment":"scroll","background-type":"","background-media":"","overlay-type":"","overlay-color":"","overlay-opacity":"","overlay-gradient":""},"tablet":{"background-color":"","background-image":"","background-repeat":"repeat","background-position":"center center","background-size":"auto","background-attachment":"scroll","background-type":"","background-media":"","overlay-type":"","overlay-color":"","overlay-opacity":"","overlay-gradient":""},"mobile":{"background-color":"","background-image":"","background-repeat":"repeat","background-position":"center center","background-size":"auto","background-attachment":"scroll","background-type":"","background-media":"","overlay-type":"","overlay-color":"","overlay-opacity":"","overlay-gradient":""}},"ast-content-background-meta":{"desktop":{"background-color":"var(--ast-global-color-5)","background-image":"","background-repeat":"repeat","background-position":"center center","background-size":"auto","background-attachment":"scroll","background-type":"","background-media":"","overlay-type":"","overlay-color":"","overlay-opacity":"","overlay-gradient":""},"tablet":{"background-color":"var(--ast-global-color-5)","background-image":"","background-repeat":"repeat","background-position":"center center","background-size":"auto","background-attachment":"scroll","background-type":"","background-media":"","overlay-type":"","overlay-color":"","overlay-opacity":"","overlay-gradient":""},"mobile":{"background-color":"var(--ast-global-color-5)","background-image":"","background-repeat":"repeat","background-position":"center center","background-size":"auto","background-attachment":"scroll","background-type":"","background-media":"","overlay-type":"","overlay-color":"","overlay-opacity":"","overlay-gradient":""}},"footnotes":""},"categories":[1046],"tags":[876,878,220,941],"class_list":["post-8326","post","type-post","status-publish","format-standard","hentry","category-2020-21_biblioteques_sessio_3","tag-educacio-primaria","tag-educacio-secundaria","tag-fomentar-la-lectura","tag-poesia"],"post_mailing_queue_ids":[],"_links":{"self":[{"href":"https:\/\/serveiseducatius.xtec.cat\/vallesoccidental3\/wp-json\/wp\/v2\/posts\/8326","targetHints":{"allow":["GET"]}}],"collection":[{"href":"https:\/\/serveiseducatius.xtec.cat\/vallesoccidental3\/wp-json\/wp\/v2\/posts"}],"about":[{"href":"https:\/\/serveiseducatius.xtec.cat\/vallesoccidental3\/wp-json\/wp\/v2\/types\/post"}],"author":[{"embeddable":true,"href":"https:\/\/serveiseducatius.xtec.cat\/vallesoccidental3\/wp-json\/wp\/v2\/users\/1"}],"replies":[{"embeddable":true,"href":"https:\/\/serveiseducatius.xtec.cat\/vallesoccidental3\/wp-json\/wp\/v2\/comments?post=8326"}],"version-history":[{"count":2,"href":"https:\/\/serveiseducatius.xtec.cat\/vallesoccidental3\/wp-json\/wp\/v2\/posts\/8326\/revisions"}],"predecessor-version":[{"id":8329,"href":"https:\/\/serveiseducatius.xtec.cat\/vallesoccidental3\/wp-json\/wp\/v2\/posts\/8326\/revisions\/8329"}],"wp:attachment":[{"href":"https:\/\/serveiseducatius.xtec.cat\/vallesoccidental3\/wp-json\/wp\/v2\/media?parent=8326"}],"wp:term":[{"taxonomy":"category","embeddable":true,"href":"https:\/\/serveiseducatius.xtec.cat\/vallesoccidental3\/wp-json\/wp\/v2\/categories?post=8326"},{"taxonomy":"post_tag","embeddable":true,"href":"https:\/\/serveiseducatius.xtec.cat\/vallesoccidental3\/wp-json\/wp\/v2\/tags?post=8326"}],"curies":[{"name":"wp","href":"https:\/\/api.w.org\/{rel}","templated":true}]}}