{"id":8024,"date":"2020-11-19T12:08:03","date_gmt":"2020-11-19T11:08:03","guid":{"rendered":"http:\/\/serveiseducatius.xtec.cat\/vallesoccidental3\/?p=8024"},"modified":"2020-11-19T12:16:34","modified_gmt":"2020-11-19T11:16:34","slug":"5-propostes-per-introduir-la-poesia-a-laula","status":"publish","type":"post","link":"https:\/\/serveiseducatius.xtec.cat\/vallesoccidental3\/biblioteca-escolar\/2020-21_biblioteques_sessio_3\/5-propostes-per-introduir-la-poesia-a-laula\/","title":{"rendered":"5 propostes per introduir la poesia a l\u2019aula"},"content":{"rendered":"<p class=\"p1\"><a href=\"https:\/\/blog.vicensvives.com\/ca\/la-poesia-a-laula\/\" target=\"_blank\" rel=\"noopener noreferrer\"><img loading=\"lazy\" decoding=\"async\" class=\"size-large alignleft\" src=\"https:\/\/blog.vicensvives.com\/wp-content\/uploads\/2019\/01\/vv_logo.png\" width=\"60\" height=\"60\" \/><\/a><br \/>\n<a href=\"https:\/\/blog.vicensvives.com\/ca\/la-poesia-a-laula\/\" target=\"_blank\" rel=\"noopener noreferrer\"><strong>Vicents Vives (mar\u00e7 2019)<\/strong><\/a><\/p>\n<p>\u00c9s millor viure i experimentar la poesia abans que comen\u00e7ar a intentar definir-la i analitzar-la. Per\u00f2, com fer-ho? Encara que no hi hagi una f\u00f3rmula magistral que es pugui aplicar sense m\u00e9s, t\u2019oferim 5 propostes per viure la poesia a l\u2019aula, amb les quals <strong>fomentar\u00e0s la creativitat sense deixar d\u2019educar la sensibilitat.<\/strong><\/p>\n<p><a href=\"https:\/\/blog.vicensvives.com\/wp-content\/uploads\/2019\/03\/Captura-de-pantalla-2019-03-22-a-las-15.15.19.png\"><img loading=\"lazy\" decoding=\"async\" class=\"wp-image-7242 aligncenter\" src=\"https:\/\/blog.vicensvives.com\/wp-content\/uploads\/2019\/03\/Captura-de-pantalla-2019-03-22-a-las-15.15.19.png\" sizes=\"auto, (max-width: 328px) 100vw, 328px\" srcset=\"\/\/blog.vicensvives.com\/wp-content\/uploads\/2019\/03\/Captura-de-pantalla-2019-03-22-a-las-15.15.19.png 387w, \/\/blog.vicensvives.com\/wp-content\/uploads\/2019\/03\/Captura-de-pantalla-2019-03-22-a-las-15.15.19-300x202.png 300w, \/\/blog.vicensvives.com\/wp-content\/uploads\/2019\/03\/Captura-de-pantalla-2019-03-22-a-las-15.15.19-360x243.png 360w\" alt=\"\" width=\"261\" height=\"176\" \/><\/a><\/p>\n<ul>\n<li><span style=\"font-size: 12pt;\"><strong>Representaci\u00f3 visual<\/strong><\/span><\/li>\n<li><span style=\"font-size: 12pt;\"><strong>Escriptura autom\u00e0tica<\/strong><\/span><\/li>\n<li><span style=\"font-size: 12pt;\"><strong>La resurrecci\u00f3 del cad\u00e0ver exquisit<\/strong><\/span><\/li>\n<li><span style=\"font-size: 12pt;\"><strong style=\"font-family: inherit;\">La m\u00fasica de la poesia i la poesia de la m\u00fasica<\/strong><\/span><\/li>\n<li><span style=\"font-size: 10pt;\"><span style=\"font-size: 12pt;\"><strong>Lectures orientades a la creaci\u00f3<\/strong><\/span><br \/>\n<\/span><\/li>\n<\/ul>\n<p><a href=\"https:\/\/blog.vicensvives.com\/ca\/la-poesia-a-laula\/\" target=\"_blank\" rel=\"noopener noreferrer\">Accedeix a l&#8217;article<\/a><\/p>\n<ul>\n<li style=\"list-style-type: none;\"><\/li>\n<\/ul>\n<ul>\n<li style=\"list-style-type: none;\"><\/li>\n<\/ul>\n","protected":false},"excerpt":{"rendered":"<p>Vicents Vives (mar\u00e7 2019) \u00c9s millor viure i experimentar la poesia abans que comen\u00e7ar a intentar definir-la i analitzar-la. Per\u00f2, com fer-ho? Encara que no hi hagi una f\u00f3rmula magistral que es pugui aplicar sense m\u00e9s, t\u2019oferim 5 propostes per viure la poesia a l\u2019aula, amb les quals fomentar\u00e0s la creativitat sense deixar d\u2019educar la [&hellip;]<\/p>\n","protected":false},"author":1,"featured_media":0,"comment_status":"closed","ping_status":"closed","sticky":false,"template":"","format":"standard","meta":{"_bbp_topic_count":0,"_bbp_reply_count":0,"_bbp_total_topic_count":0,"_bbp_total_reply_count":0,"_bbp_voice_count":0,"_bbp_anonymous_reply_count":0,"_bbp_topic_count_hidden":0,"_bbp_reply_count_hidden":0,"_bbp_forum_subforum_count":0,"site-sidebar-layout":"default","site-content-layout":"","ast-site-content-layout":"","site-content-style":"default","site-sidebar-style":"default","ast-global-header-display":"","ast-banner-title-visibility":"","ast-main-header-display":"","ast-hfb-above-header-display":"","ast-hfb-below-header-display":"","ast-hfb-mobile-header-display":"","site-post-title":"","ast-breadcrumbs-content":"","ast-featured-img":"","footer-sml-layout":"","theme-transparent-header-meta":"","adv-header-id-meta":"","stick-header-meta":"","header-above-stick-meta":"","header-main-stick-meta":"","header-below-stick-meta":"","astra-migrate-meta-layouts":"default","ast-page-background-enabled":"default","ast-page-background-meta":{"desktop":{"background-color":"var(--ast-global-color-4)","background-image":"","background-repeat":"repeat","background-position":"center center","background-size":"auto","background-attachment":"scroll","background-type":"","background-media":"","overlay-type":"","overlay-color":"","overlay-opacity":"","overlay-gradient":""},"tablet":{"background-color":"","background-image":"","background-repeat":"repeat","background-position":"center center","background-size":"auto","background-attachment":"scroll","background-type":"","background-media":"","overlay-type":"","overlay-color":"","overlay-opacity":"","overlay-gradient":""},"mobile":{"background-color":"","background-image":"","background-repeat":"repeat","background-position":"center center","background-size":"auto","background-attachment":"scroll","background-type":"","background-media":"","overlay-type":"","overlay-color":"","overlay-opacity":"","overlay-gradient":""}},"ast-content-background-meta":{"desktop":{"background-color":"var(--ast-global-color-5)","background-image":"","background-repeat":"repeat","background-position":"center center","background-size":"auto","background-attachment":"scroll","background-type":"","background-media":"","overlay-type":"","overlay-color":"","overlay-opacity":"","overlay-gradient":""},"tablet":{"background-color":"var(--ast-global-color-5)","background-image":"","background-repeat":"repeat","background-position":"center center","background-size":"auto","background-attachment":"scroll","background-type":"","background-media":"","overlay-type":"","overlay-color":"","overlay-opacity":"","overlay-gradient":""},"mobile":{"background-color":"var(--ast-global-color-5)","background-image":"","background-repeat":"repeat","background-position":"center center","background-size":"auto","background-attachment":"scroll","background-type":"","background-media":"","overlay-type":"","overlay-color":"","overlay-opacity":"","overlay-gradient":""}},"footnotes":""},"categories":[1046],"tags":[941],"class_list":["post-8024","post","type-post","status-publish","format-standard","hentry","category-2020-21_biblioteques_sessio_3","tag-poesia"],"post_mailing_queue_ids":[],"_links":{"self":[{"href":"https:\/\/serveiseducatius.xtec.cat\/vallesoccidental3\/wp-json\/wp\/v2\/posts\/8024","targetHints":{"allow":["GET"]}}],"collection":[{"href":"https:\/\/serveiseducatius.xtec.cat\/vallesoccidental3\/wp-json\/wp\/v2\/posts"}],"about":[{"href":"https:\/\/serveiseducatius.xtec.cat\/vallesoccidental3\/wp-json\/wp\/v2\/types\/post"}],"author":[{"embeddable":true,"href":"https:\/\/serveiseducatius.xtec.cat\/vallesoccidental3\/wp-json\/wp\/v2\/users\/1"}],"replies":[{"embeddable":true,"href":"https:\/\/serveiseducatius.xtec.cat\/vallesoccidental3\/wp-json\/wp\/v2\/comments?post=8024"}],"version-history":[{"count":3,"href":"https:\/\/serveiseducatius.xtec.cat\/vallesoccidental3\/wp-json\/wp\/v2\/posts\/8024\/revisions"}],"predecessor-version":[{"id":8030,"href":"https:\/\/serveiseducatius.xtec.cat\/vallesoccidental3\/wp-json\/wp\/v2\/posts\/8024\/revisions\/8030"}],"wp:attachment":[{"href":"https:\/\/serveiseducatius.xtec.cat\/vallesoccidental3\/wp-json\/wp\/v2\/media?parent=8024"}],"wp:term":[{"taxonomy":"category","embeddable":true,"href":"https:\/\/serveiseducatius.xtec.cat\/vallesoccidental3\/wp-json\/wp\/v2\/categories?post=8024"},{"taxonomy":"post_tag","embeddable":true,"href":"https:\/\/serveiseducatius.xtec.cat\/vallesoccidental3\/wp-json\/wp\/v2\/tags?post=8024"}],"curies":[{"name":"wp","href":"https:\/\/api.w.org\/{rel}","templated":true}]}}