{"id":7386,"date":"2020-10-28T12:13:08","date_gmt":"2020-10-28T11:13:08","guid":{"rendered":"http:\/\/serveiseducatius.xtec.cat\/vallesoccidental3\/?p=7386"},"modified":"2021-09-09T17:04:11","modified_gmt":"2021-09-09T15:04:11","slug":"xinesc-1a-sessio","status":"publish","type":"post","link":"https:\/\/serveiseducatius.xtec.cat\/vallesoccidental3\/general\/xinesc-1a-sessio\/","title":{"rendered":"XINESC 20-21, 1a sessi\u00f3"},"content":{"rendered":"<p><img loading=\"lazy\" decoding=\"async\" class=\"wp-image-7390 aligncenter\" src=\"https:\/\/serveiseducatius.xtec.cat\/vallesoccidental3\/wp-content\/uploads\/usu1147\/2020\/10\/00xinesc-300x56.png\" alt=\"\" width=\"598\" height=\"111\" srcset=\"https:\/\/serveiseducatius.xtec.cat\/vallesoccidental3\/wp-content\/uploads\/usu1147\/2020\/10\/00xinesc-300x56.png 300w, https:\/\/serveiseducatius.xtec.cat\/vallesoccidental3\/wp-content\/uploads\/usu1147\/2020\/10\/00xinesc-768x143.png 768w, https:\/\/serveiseducatius.xtec.cat\/vallesoccidental3\/wp-content\/uploads\/usu1147\/2020\/10\/00xinesc.png 922w\" sizes=\"auto, (max-width: 598px) 100vw, 598px\" \/><br \/>\nDimarts, 27\/10\/20 s&#8217;ha fet la primera sessi\u00f3 d&#8217;aquest curs de la xarxa d&#8217;instituts-escola, on hi participen 45 persones dels centres educatius del Vall\u00e8s que tenen aquesta modalitat organitzativa. L&#8217;objectiu de la mateixa \u00e9s generar un espai col\u00b7laboratiu, d&#8217;aprenentatge mutu, a partir de les aportacions de persones expertes per\u00f2 sobretot compartint experi\u00e8ncies i reflexions per afavorir la construcci\u00f3 i consolidaci\u00f3 dels projectes de centre.<\/p>\n<p><span style=\"font-family: inherit; font-size: 1em;\">En aquesta primera sessi\u00f3, despr\u00e9s d&#8217;una salutaci\u00f3 inicial del director del ST, Sr Jes\u00fas Vi\u00f1as, i d&#8217;un breu recordatori del funcionament de les sessions, s&#8217;han presentat les experi\u00e8ncies de dos centres que van iniciar el cam\u00ed de convertir-se en IE el curs passat. Les dues persones de l&#8217;equip directiu, tant del Teresa Altet de Rub\u00ed (la Dolors i l&#8217;\u00c0ngels) com de Els Pinetons de Ripollet (el Carles i l&#8217;Adri\u00e0), han compartir les seves reflexions sobre els processos, dificultats, oportunitats i aprenentatges que, en el context tan complicat del 3r trimestre passat, els han servit per modificar i enfortir els respectius projectes.<\/span><\/p>\n<p style=\"text-align: center;\"><iframe loading=\"lazy\" src=\"\/\/www.youtube.com\/embed\/ezOigYmfhSE\" width=\"560\" height=\"314\"><\/iframe><\/p>\n<p>Tot i que amb exposicions diferents, han coincidit en remarcar alguns conceptes clau, que com a conclusi\u00f3 ha recollit la Mireia Manresa de l&#8217;ICE. Ha parlat de <em>metamorfosi<\/em>, de construcci\u00f3 de &#8220;la nova identitat&#8221;, a partir de l&#8217;aportaci\u00f3 de totes les persones vinculades al centre. Aquesta idea de vincle (i de connexi\u00f3) tamb\u00e9 s&#8217;ha destacat, a tots nivells: amb l&#8217;an\u00e0lisi i la reflexi\u00f3 conjunta (equips docents, alumnes, fam\u00edlies); la flexibilitat d&#8217;adaptaci\u00f3 als canvi d&#8217;uns projectes &#8220;inacabats&#8221;, que s&#8217;enriqueixen per la constant evoluci\u00f3; l&#8217;aprenentatge &#8220;vertical&#8221; (de petits a grans i de grans a petits)&#8230;<\/p>\n<p>Queda ajornada per a una altra sessi\u00f3 l&#8217;estona de compartir entre les persones de tots els centres participants <em>C<span style=\"font-weight: 400;\">om aconseguim establir vincles entre alumnes, docents i projectes, de prim\u00e0ria i secund\u00e0ria?<\/span><\/em><\/p>\n","protected":false},"excerpt":{"rendered":"<p>Dimarts, 27\/10\/20 s&#8217;ha fet la primera sessi\u00f3 d&#8217;aquest curs de la xarxa d&#8217;instituts-escola, on hi participen 45 persones dels centres educatius del Vall\u00e8s que tenen aquesta modalitat organitzativa.<\/p>\n<p>L&#8217;objectiu de la mateixa \u00e9s generar un espai col\u00b7laboratiu, d&#8217;aprenentatge mutu, a partir de les aportacions de persones expertes per\u00f2 sobretot compartint experi\u00e8ncies i reflexions per afavorir la construcci\u00f3 i consolidaci\u00f3 dels projectes de centre. En aquesta primera sessi\u00f3, despr\u00e9s d&#8217;una salutaci\u00f3 inicial del director del ST, Sr Jes\u00fas Vi\u00f1as, i d&#8217;un breu recordatori del funcionament de les sessions, s&#8217;han presentat les experi\u00e8ncies de dos centres que van iniciar el cam\u00ed de convertir-se en IE el curs passat.<\/p>\n","protected":false},"author":1,"featured_media":7390,"comment_status":"closed","ping_status":"closed","sticky":false,"template":"","format":"standard","meta":{"_bbp_topic_count":0,"_bbp_reply_count":0,"_bbp_total_topic_count":0,"_bbp_total_reply_count":0,"_bbp_voice_count":0,"_bbp_anonymous_reply_count":0,"_bbp_topic_count_hidden":0,"_bbp_reply_count_hidden":0,"_bbp_forum_subforum_count":0,"site-sidebar-layout":"default","site-content-layout":"","ast-site-content-layout":"","site-content-style":"default","site-sidebar-style":"default","ast-global-header-display":"","ast-banner-title-visibility":"","ast-main-header-display":"","ast-hfb-above-header-display":"","ast-hfb-below-header-display":"","ast-hfb-mobile-header-display":"","site-post-title":"","ast-breadcrumbs-content":"","ast-featured-img":"","footer-sml-layout":"","theme-transparent-header-meta":"","adv-header-id-meta":"","stick-header-meta":"","header-above-stick-meta":"","header-main-stick-meta":"","header-below-stick-meta":"","astra-migrate-meta-layouts":"default","ast-page-background-enabled":"default","ast-page-background-meta":{"desktop":{"background-color":"var(--ast-global-color-4)","background-image":"","background-repeat":"repeat","background-position":"center center","background-size":"auto","background-attachment":"scroll","background-type":"","background-media":"","overlay-type":"","overlay-color":"","overlay-opacity":"","overlay-gradient":""},"tablet":{"background-color":"","background-image":"","background-repeat":"repeat","background-position":"center center","background-size":"auto","background-attachment":"scroll","background-type":"","background-media":"","overlay-type":"","overlay-color":"","overlay-opacity":"","overlay-gradient":""},"mobile":{"background-color":"","background-image":"","background-repeat":"repeat","background-position":"center center","background-size":"auto","background-attachment":"scroll","background-type":"","background-media":"","overlay-type":"","overlay-color":"","overlay-opacity":"","overlay-gradient":""}},"ast-content-background-meta":{"desktop":{"background-color":"var(--ast-global-color-5)","background-image":"","background-repeat":"repeat","background-position":"center center","background-size":"auto","background-attachment":"scroll","background-type":"","background-media":"","overlay-type":"","overlay-color":"","overlay-opacity":"","overlay-gradient":""},"tablet":{"background-color":"var(--ast-global-color-5)","background-image":"","background-repeat":"repeat","background-position":"center center","background-size":"auto","background-attachment":"scroll","background-type":"","background-media":"","overlay-type":"","overlay-color":"","overlay-opacity":"","overlay-gradient":""},"mobile":{"background-color":"var(--ast-global-color-5)","background-image":"","background-repeat":"repeat","background-position":"center center","background-size":"auto","background-attachment":"scroll","background-type":"","background-media":"","overlay-type":"","overlay-color":"","overlay-opacity":"","overlay-gradient":""}},"footnotes":""},"categories":[1,29,825],"tags":[933,913],"class_list":["post-7386","post","type-post","status-publish","format-standard","has-post-thumbnail","hentry","category-general","category-portada","category-xinesc","tag-xarxes","tag-xinesc"],"post_mailing_queue_ids":[],"_links":{"self":[{"href":"https:\/\/serveiseducatius.xtec.cat\/vallesoccidental3\/wp-json\/wp\/v2\/posts\/7386","targetHints":{"allow":["GET"]}}],"collection":[{"href":"https:\/\/serveiseducatius.xtec.cat\/vallesoccidental3\/wp-json\/wp\/v2\/posts"}],"about":[{"href":"https:\/\/serveiseducatius.xtec.cat\/vallesoccidental3\/wp-json\/wp\/v2\/types\/post"}],"author":[{"embeddable":true,"href":"https:\/\/serveiseducatius.xtec.cat\/vallesoccidental3\/wp-json\/wp\/v2\/users\/1"}],"replies":[{"embeddable":true,"href":"https:\/\/serveiseducatius.xtec.cat\/vallesoccidental3\/wp-json\/wp\/v2\/comments?post=7386"}],"version-history":[{"count":4,"href":"https:\/\/serveiseducatius.xtec.cat\/vallesoccidental3\/wp-json\/wp\/v2\/posts\/7386\/revisions"}],"predecessor-version":[{"id":10876,"href":"https:\/\/serveiseducatius.xtec.cat\/vallesoccidental3\/wp-json\/wp\/v2\/posts\/7386\/revisions\/10876"}],"wp:featuredmedia":[{"embeddable":true,"href":"https:\/\/serveiseducatius.xtec.cat\/vallesoccidental3\/wp-json\/wp\/v2\/media\/7390"}],"wp:attachment":[{"href":"https:\/\/serveiseducatius.xtec.cat\/vallesoccidental3\/wp-json\/wp\/v2\/media?parent=7386"}],"wp:term":[{"taxonomy":"category","embeddable":true,"href":"https:\/\/serveiseducatius.xtec.cat\/vallesoccidental3\/wp-json\/wp\/v2\/categories?post=7386"},{"taxonomy":"post_tag","embeddable":true,"href":"https:\/\/serveiseducatius.xtec.cat\/vallesoccidental3\/wp-json\/wp\/v2\/tags?post=7386"}],"curies":[{"name":"wp","href":"https:\/\/api.w.org\/{rel}","templated":true}]}}